{"id":14144,"date":"2025-04-10T04:01:12","date_gmt":"2025-04-10T04:01:12","guid":{"rendered":"https:\/\/www.europesays.com\/fr\/14144\/"},"modified":"2025-04-10T04:01:12","modified_gmt":"2025-04-10T04:01:12","slug":"motogp-jorge-martin-est-champion-du-monde","status":"publish","type":"post","link":"https:\/\/www.europesays.com\/fr\/14144\/","title":{"rendered":"MotoGP\u00a0: Jorge Martin est champion du monde\u00a0!"},"content":{"rendered":"<p>Grand Prix de Barcelone de Moto GP<\/p>\n<p>Francesco Bagnaia a remport\u00e9, ce dimanche, la derni\u00e8re manche du championnat du monde de Moto GP mais c\u2019est bel et bien l\u2019Espagnol Jorge Martin qui est sacr\u00e9 champion du monde apr\u00e8s une saison intense.<\/p>\n<p>Martin d\u00e9tr\u00f4ne Bagnaia<\/p>\n<p>L\u2018\u00a0Espagnol Jorge Martin (Ducati-Pramac) a d\u00e9croch\u00e9 le titre de champion du monde 2024 de MotoGP apr\u00e8s sa 3e place au Grand Prix de Barcelone, 20e et derni\u00e8re manche de la saison sur le circuit de Barcelona-Catalunya \u00e0 Montmelo (Espagne).<\/p>\n<p>Vice-champion du monde l\u2018an dernier, le Madril\u00e8ne de 26 ans a d\u00e9tr\u00f4n\u00e9 le double tenant du titre, l\u2019Italien Francesco Bagnaia (Ducati), vainqueur dimanche, et d\u00e9croche sa premi\u00e8re couronne mondiale dans la cat\u00e9gorie reine du motocyclisme.<\/p>\n","protected":false},"excerpt":{"rendered":"Grand Prix de Barcelone de Moto GP Francesco Bagnaia a remport\u00e9, ce dimanche, la derni\u00e8re manche du championnat&hellip;\n","protected":false},"author":2,"featured_media":14145,"comment_status":"","ping_status":"","sticky":false,"template":"","format":"standard","meta":{"footnotes":""},"categories":[1413],"tags":[765,3166,1011,27,1457,1456,60],"class_list":{"0":"post-14144","1":"post","2":"type-post","3":"status-publish","4":"format-standard","5":"has-post-thumbnail","7":"category-moto","8":"tag-en-continu","9":"tag-en-continu-sports","10":"tag-fr","11":"tag-france","12":"tag-moto","13":"tag-motocycle","14":"tag-sports"},"share_on_mastodon":{"url":"https:\/\/pubeurope.com\/@fr\/114311678745121155","error":""},"_links":{"self":[{"href":"https:\/\/www.europesays.com\/fr\/wp-json\/wp\/v2\/posts\/14144","targetHints":{"allow":["GET"]}}],"collection":[{"href":"https:\/\/www.europesays.com\/fr\/wp-json\/wp\/v2\/posts"}],"about":[{"href":"https:\/\/www.europesays.com\/fr\/wp-json\/wp\/v2\/types\/post"}],"author":[{"embeddable":true,"href":"https:\/\/www.europesays.com\/fr\/wp-json\/wp\/v2\/users\/2"}],"replies":[{"embeddable":true,"href":"https:\/\/www.europesays.com\/fr\/wp-json\/wp\/v2\/comments?post=14144"}],"version-history":[{"count":0,"href":"https:\/\/www.europesays.com\/fr\/wp-json\/wp\/v2\/posts\/14144\/revisions"}],"wp:featuredmedia":[{"embeddable":true,"href":"https:\/\/www.europesays.com\/fr\/wp-json\/wp\/v2\/media\/14145"}],"wp:attachment":[{"href":"https:\/\/www.europesays.com\/fr\/wp-json\/wp\/v2\/media?parent=14144"}],"wp:term":[{"taxonomy":"category","embeddable":true,"href":"https:\/\/www.europesays.com\/fr\/wp-json\/wp\/v2\/categories?post=14144"},{"taxonomy":"post_tag","embeddable":true,"href":"https:\/\/www.europesays.com\/fr\/wp-json\/wp\/v2\/tags?post=14144"}],"curies":[{"name":"wp","href":"https:\/\/api.w.org\/{rel}","templated":true}]}}