{"id":141443,"date":"2025-05-31T10:23:08","date_gmt":"2025-05-31T10:23:08","guid":{"rendered":"https:\/\/www.europesays.com\/fr\/141443\/"},"modified":"2025-05-31T10:23:08","modified_gmt":"2025-05-31T10:23:08","slug":"le-rhone-place-en-vigilance-jaune-ce-samedi-apres-midi","status":"publish","type":"post","link":"https:\/\/www.europesays.com\/fr\/141443\/","title":{"rendered":"le Rh\u00f4ne plac\u00e9 en vigilance jaune ce samedi apr\u00e8s-midi"},"content":{"rendered":"<p itemprop=\"description\"><strong>M\u00e9t\u00e9o France appelle \u00e0 la prudence dans le Rh\u00f4ne, plac\u00e9 en vigilance jaune pour risque d\u2019orages ce samedi 31 mai.<\/strong><\/p>\n<p>Avec les fortes chaleurs, l\u2019instabilit\u00e9 atmosph\u00e9rique gagne du terrain. Ce samedi 31 mai, huit d\u00e9partements d\u2019Auvergne-Rh\u00f4ne-Alpes, dont le Rh\u00f4ne, sont plac\u00e9s en vigilance jaune pour des risques d\u2019orages.<\/p>\n<p>L\u2019alerte entre en vigueur \u00e0 14h dans le Rh\u00f4ne et doit se terminer \u00e0 20h, selon le bulletin de M\u00e9t\u00e9o France. Les autres d\u00e9partements concern\u00e9s sont l\u2019Ain, l\u2019Ard\u00e8che, la Loire, le Puy-de-D\u00f4me, le Cantal, la Haute-Loire et l\u2019Allier.<\/p>\n<p>La vigilance est pour l\u2019instant maintenue ce dimanche dans plusieurs de ces territoires.<\/p>\n","protected":false},"excerpt":{"rendered":"M\u00e9t\u00e9o France appelle \u00e0 la prudence dans le Rh\u00f4ne, plac\u00e9 en vigilance jaune pour risque d\u2019orages ce samedi&hellip;\n","protected":false},"author":2,"featured_media":141444,"comment_status":"","ping_status":"","sticky":false,"template":"","format":"standard","meta":{"footnotes":""},"categories":[1889],"tags":[1111,11,2813,2190,2430,1109,251,1112,2811,1777,674,118,1011,27,1922,1110,1114,2428,2810,12,241,316,25,2812,517,800],"class_list":{"0":"post-141443","1":"post","2":"type-post","3":"status-publish","4":"format-standard","5":"has-post-thumbnail","7":"category-lyon","8":"tag-actu","9":"tag-actualites","10":"tag-article","11":"tag-asvel","12":"tag-auvergne-rhone-alpes","13":"tag-breves","14":"tag-culture","15":"tag-depeches","16":"tag-economique","17":"tag-eu","18":"tag-europe","19":"tag-faits-divers","20":"tag-fr","21":"tag-france","22":"tag-info","23":"tag-informations","24":"tag-infos","25":"tag-lyon","26":"tag-lyonmag","27":"tag-news","28":"tag-ol","29":"tag-politique","30":"tag-republique-francaise","31":"tag-sociale","32":"tag-sport","33":"tag-transports"},"share_on_mastodon":{"url":"https:\/\/pubeurope.com\/@fr\/114601959133432321","error":""},"_links":{"self":[{"href":"https:\/\/www.europesays.com\/fr\/wp-json\/wp\/v2\/posts\/141443","targetHints":{"allow":["GET"]}}],"collection":[{"href":"https:\/\/www.europesays.com\/fr\/wp-json\/wp\/v2\/posts"}],"about":[{"href":"https:\/\/www.europesays.com\/fr\/wp-json\/wp\/v2\/types\/post"}],"author":[{"embeddable":true,"href":"https:\/\/www.europesays.com\/fr\/wp-json\/wp\/v2\/users\/2"}],"replies":[{"embeddable":true,"href":"https:\/\/www.europesays.com\/fr\/wp-json\/wp\/v2\/comments?post=141443"}],"version-history":[{"count":0,"href":"https:\/\/www.europesays.com\/fr\/wp-json\/wp\/v2\/posts\/141443\/revisions"}],"wp:featuredmedia":[{"embeddable":true,"href":"https:\/\/www.europesays.com\/fr\/wp-json\/wp\/v2\/media\/141444"}],"wp:attachment":[{"href":"https:\/\/www.europesays.com\/fr\/wp-json\/wp\/v2\/media?parent=141443"}],"wp:term":[{"taxonomy":"category","embeddable":true,"href":"https:\/\/www.europesays.com\/fr\/wp-json\/wp\/v2\/categories?post=141443"},{"taxonomy":"post_tag","embeddable":true,"href":"https:\/\/www.europesays.com\/fr\/wp-json\/wp\/v2\/tags?post=141443"}],"curies":[{"name":"wp","href":"https:\/\/api.w.org\/{rel}","templated":true}]}}