{"id":141447,"date":"2025-05-31T10:26:26","date_gmt":"2025-05-31T10:26:26","guid":{"rendered":"https:\/\/www.europesays.com\/fr\/141447\/"},"modified":"2025-05-31T10:26:26","modified_gmt":"2025-05-31T10:26:26","slug":"colere-des-agriculteurs-et-des-taxis-a-quoi-sattendre-sur-les-routes-de-paris-et-dile-de-france-ce-lundi","status":"publish","type":"post","link":"https:\/\/www.europesays.com\/fr\/141447\/","title":{"rendered":"Col\u00e8re des agriculteurs et des taxis\u00a0: \u00e0 quoi s\u2019attendre sur les routes de Paris et d\u2019\u00cele-de-France ce lundi ?"},"content":{"rendered":"<p class=\"paragraph text_align_left\">Si vous circulez \u00e0 Paris et ses alentours ce lundi matin, <a href=\"https:\/\/www.leparisien.fr\/economie\/colere-des-agriculteurs-taxis-mobilises-a-quelles-perturbations-sattendre-a-partir-de-lundi-25-05-2025-UONODDSA4VHCVC2KYGUSR5D26E.php\" target=\"_self\" rel=\"nofollow noopener\">la circulation risque d\u2019\u00eatre rendue d\u00e9licate<\/a> par deux mouvements de contestation. Le premier, nouveau, est port\u00e9 par les agriculteurs, <a href=\"https:\/\/www.leparisien.fr\/societe\/pesticides-elevage-environnement-5-minutes-pour-comprendre-la-colere-des-agriculteurs-autour-de-la-loi-duplomb-23-05-2025-C3SV2PLQRRATPGUNMQRTJI6LSI.php\" target=\"_self\" rel=\"nofollow noopener\">mobilis\u00e9s contre la loi \u00ab Duplomb \u00bb<\/a>, qu\u2019ils estiment <a href=\"https:\/\/www.leparisien.fr\/oise-60\/on-va-les-surveiller-les-deputes-les-agriculteurs-de-loise-mobilises-contre-le-detricotage-de-la-loi-duplomb-22-05-2025-7QXSCMYXXFDU3GFPZGDDFMTRXI.php\" target=\"_self\" rel=\"nofollow noopener\">\u00ab d\u00e9tricot\u00e9e \u00bb en commission \u00e0 l\u2019Assembl\u00e9e nationale<\/a> et qui doit \u00eatre examin\u00e9e \u00e0 partir de ce lundi. Dans le m\u00eame temps, la mobilisation des taxis se poursuit. \u00c0 quoi s\u2019attendre ? Le Parisien fait le point.<\/p>\n<p class=\"paragraph text_align_left\">Dans et autour de la capitale, attendez-vous \u00e0 croiser quelques tracteurs. En effet, suite \u00e0 un appel de la FNSEA et des Jeunes agriculteurs (JA), qui forment l\u2019alliance syndicale majoritaire, les agriculteurs commencent \u00e0 se rassembler devant l\u2019Assembl\u00e9e nationale ce matin. \u00ab Nous devions nous retrouver place du Palais-Bourbon, mais nous n\u2019avons pas eu l\u2019autorisation. Alors nous sommes juste devant l\u2019Assembl\u00e9e \u00bb, explique \u00c9tienne Leray, des JA, \u00e0 deux pas du b\u00e2timent.<\/p>\n<p class=\"paragraph text_align_left\">\u00ab Nous attendons une quinzaine de tracteurs \u00bb, poursuit l\u2019agriculteur, qui n\u2019exclut pas de revenir mardi et mercredi, en fonction des \u00e9volutions \u00e0 l\u2019Assembl\u00e9e, notamment si le texte est renvoy\u00e9 ou non en commission mixte paritaire.<\/p>\n<p>Des op\u00e9rations escargots autour de Paris<\/p>\n<p class=\"paragraph text_align_left\">Ailleurs en \u00cele-de-France, des perturbations sont attendues. Ainsi, les premiers tracteurs ont roul\u00e9 sur la N 118, \u00e0 Saclay (Essonne), peu avant 7 heures ce lundi matin, obligeant les automobilistes \u00e0 emprunter la voie d\u2019acc\u00e8s \u00e0 la station-service Shell. Dans le m\u00eame temps, une op\u00e9ration escargot a lieu sur la N 104 sens ext\u00e9rieur entre Attainville et Fr\u00e9pillon (Val-d\u2019Oise) avec un cort\u00e8ge \u00e0 tr\u00e8s faible vitesse et qui occupe l\u2019int\u00e9gralit\u00e9 des voies de circulation.<\/p>\n<p class=\"paragraph text_align_left\">En Seine-et-Marne, ce seront 150 tracteurs et voitures qui partiront \u00e0 14h30. Avant cela, dans le nord du d\u00e9partement, 20 \u00e0 30 engins doivent partir \u00e0 9 heures de Rebais et La Fert\u00e9-Gaucher, direction Coulommiers.<\/p>\n<p>Les taxis reprennent leur mouvement<\/p>\n<p class=\"paragraph text_align_left\">Dans le m\u00eame temps, les taxis poursuivent leur mobilisation entam\u00e9 la semaine derni\u00e8re. Ainsi, de nombreux v\u00e9hicules se trouvent actuellement <a href=\"https:\/\/www.leparisien.fr\/economie\/taxis-en-colere-nous-allons-nous-occuper-de-roland-garros-menace-un-syndicat-24-05-2025-SG27N4XKFBH2VCFSBXWXJ4IZKU.php\" target=\"_self\" rel=\"nofollow noopener\">dans les a\u00e9roports de Roissy Charles-de-Gaulle et d\u2019Orly<\/a> et doivent tous converger vers le boulevard Raspail (VIe, VIIe et XIVe arrondissement de Paris) vers 11 heures du matin. <\/p>\n<p class=\"paragraph text_align_left\">Ainsi, les taxis en partance de Roissy emprunteront l\u2019autoroute A1 puis le p\u00e9riph\u00e9rique int\u00e9rieur \u00e0 faible allure avant d\u2019entrer dans la capitale par la porte de Bercy, quand ceux au d\u00e9part d\u2019Orly entameront leur op\u00e9ration escargot sur l\u2019A6 avant de retrouver la porte d\u2019Orl\u00e9ans.<\/p>\n<p class=\"title-embed-dailymotion lp-color-text lp-f-subtitle-04\">Vid\u00e9oManifestation taxis : \u00ab \u00c7a fait 10 ans qu&rsquo;on est m\u00e9pris\u00e9 \u00bb<\/p>\n<p class=\"paragraph text_align_left\">\u00ab Le mouvement reprend calmement aujourd\u2019hui <a href=\"https:\/\/www.leparisien.fr\/economie\/apres-leur-reunion-avec-francois-bayrou-les-taxis-maintiennent-leur-menace-de-bloquer-roland-garros-et-les-aeroports-25-05-2025-BZIJRGLYV5HKRPC4OE7CPIE6WY.php\" target=\"_self\" rel=\"nofollow noopener\">avant le point d\u2019orgue de demain<\/a> \u00bb, explique Dominique Buisson, secr\u00e9taire f\u00e9d\u00e9ral de la F\u00e9d\u00e9ration nationale des taxis (FNDT), en r\u00e9f\u00e9rence au r\u00e9examen de la convention qui pr\u00e9voit l\u2019unification des tarifs pour le transport des malades. Une nouvelle op\u00e9ration est \u00e9galement pr\u00e9vue mercredi. D\u2019ici-l\u00e0, une perturbation du tournoi de Roland-Garros reste \u00ab toujours possible \u00bb, selon Dominique Buisson.<\/p>\n","protected":false},"excerpt":{"rendered":"Si vous circulez \u00e0 Paris et ses alentours ce lundi matin, la circulation risque d\u2019\u00eatre rendue d\u00e9licate par&hellip;\n","protected":false},"author":2,"featured_media":141448,"comment_status":"","ping_status":"","sticky":false,"template":"","format":"standard","meta":{"footnotes":""},"categories":[1592],"tags":[1111,11,1777,674,1011,27,662,1944,12,626,25],"class_list":{"0":"post-141447","1":"post","2":"type-post","3":"status-publish","4":"format-standard","5":"has-post-thumbnail","7":"category-ile-de-france","8":"tag-actu","9":"tag-actualites","10":"tag-eu","11":"tag-europe","12":"tag-fr","13":"tag-france","14":"tag-ile-de-france","15":"tag-ma-ville","16":"tag-news","17":"tag-paris","18":"tag-republique-francaise"},"share_on_mastodon":{"url":"https:\/\/pubeurope.com\/@fr\/114601969888240775","error":""},"_links":{"self":[{"href":"https:\/\/www.europesays.com\/fr\/wp-json\/wp\/v2\/posts\/141447","targetHints":{"allow":["GET"]}}],"collection":[{"href":"https:\/\/www.europesays.com\/fr\/wp-json\/wp\/v2\/posts"}],"about":[{"href":"https:\/\/www.europesays.com\/fr\/wp-json\/wp\/v2\/types\/post"}],"author":[{"embeddable":true,"href":"https:\/\/www.europesays.com\/fr\/wp-json\/wp\/v2\/users\/2"}],"replies":[{"embeddable":true,"href":"https:\/\/www.europesays.com\/fr\/wp-json\/wp\/v2\/comments?post=141447"}],"version-history":[{"count":0,"href":"https:\/\/www.europesays.com\/fr\/wp-json\/wp\/v2\/posts\/141447\/revisions"}],"wp:featuredmedia":[{"embeddable":true,"href":"https:\/\/www.europesays.com\/fr\/wp-json\/wp\/v2\/media\/141448"}],"wp:attachment":[{"href":"https:\/\/www.europesays.com\/fr\/wp-json\/wp\/v2\/media?parent=141447"}],"wp:term":[{"taxonomy":"category","embeddable":true,"href":"https:\/\/www.europesays.com\/fr\/wp-json\/wp\/v2\/categories?post=141447"},{"taxonomy":"post_tag","embeddable":true,"href":"https:\/\/www.europesays.com\/fr\/wp-json\/wp\/v2\/tags?post=141447"}],"curies":[{"name":"wp","href":"https:\/\/api.w.org\/{rel}","templated":true}]}}