{"id":141449,"date":"2025-05-31T10:27:12","date_gmt":"2025-05-31T10:27:12","guid":{"rendered":"https:\/\/www.europesays.com\/fr\/141449\/"},"modified":"2025-05-31T10:27:12","modified_gmt":"2025-05-31T10:27:12","slug":"paris-le-memorial-de-la-shoah-et-2-synagogues-cibles-de-jets-de-peinture-la-ville-va-porter-plainte","status":"publish","type":"post","link":"https:\/\/www.europesays.com\/fr\/141449\/","title":{"rendered":"Paris : le m\u00e9morial de la Shoah et 2 synagogues cibles de jets de peinture, la ville va porter plainte"},"content":{"rendered":"<p>4 \u00e9tablissements juifs ont \u00e9t\u00e9 d\u00e9grad\u00e9s dans la nuit du vendredi 30 au samedi 31 mai, a appris TF1-LCI.Parmi eux, 2 synagogues, le m\u00e9morial de la Shoah et un restaurant.Les auteurs des tags ont utilis\u00e9 de la peinture verte.La maire de Paris, Anne Hidalgo, annonce que la ville va porter plainte.<\/p>\n<p data-module=\"article-paragraph\" class=\"jsx-362436225 Paragraph Paragraph__End\">Les faits ont \u00e9t\u00e9 d\u00e9couverts \u00e0 l&rsquo;aube. Quatre \u00e9tablissements li\u00e9s \u00e0 la communaut\u00e9 isra\u00e9lite ont \u00e9t\u00e9 d\u00e9grad\u00e9s par des jets de peinture verte dans la nuit du vendredi 30 au samedi 31 mai \u00e0 Paris, a appris TF1-LCI de source polici\u00e8re. Sur X, le maire de Paris Centre, Ariel Weil, a publi\u00e9 des photos des \u00e9tablissements tagu\u00e9s.<\/p>\n<blockquote data-testid=\"EmbedTwitter\" id=\"tweet-1928743056813047893-:Rc6ij9n79m:\" class=\"jsx-aeff1a1c40f54d7a twitter-tweet flex justify-center items-center\"><p>Apr\u00e8s la peinture rouge, la peinture verte. Cette fois, le geste est plus pr\u00e9cis : m\u00e9morial de la Shoah, synagogues et restaurant \u00ab juif \u00bb. Apr\u00e8s tout, ce n\u2019est que du patrimoine. Et \u00e7a va s\u00fbrement sauver des vies. Les actes \u00ab militants \u00bb, on sait o\u00f9 \u00e7a commence, pas o\u00f9 \u00e7a finit.  pic.twitter.com\/frKQV7CQq3 \u2014 Ariel Weil (@ArielWeilT)  May 31, 2025<\/p><\/blockquote>\n<p data-module=\"article-paragraph\" class=\"jsx-362436225 Paragraph\">Dans le d\u00e9tail, les fa\u00e7ades de quatre b\u00e2timents, se situant tous dans le 4\u1d49 arrondissement de la capitale, ont \u00e9t\u00e9 pris pour cible : la synagogue des Tournelles, la synagogue Agoudas Hakehilos, le m\u00e9morial de la Shoah et le restaurant Chez Marianne. Selon la police, ces d\u00e9gradations ont \u00e9t\u00e9 r\u00e9alis\u00e9es \u00ab\u00a0sans motif particulier\u00a0\u00bb.<\/p>\n<p data-module=\"article-paragraph\" class=\"jsx-362436225 Paragraph Paragraph__End\">Un pot de peinture entam\u00e9 a \u00e9t\u00e9 retrouv\u00e9 devant le restaurant attaqu\u00e9. Les forces de l&rsquo;ordre effectuaient une patrouille vers 5h15 ce samedi quand ils ont constat\u00e9 les faits. Selon les premiers \u00e9l\u00e9ments de l&rsquo;enqu\u00eate dont TF1-LCI a eu connaissance, le suspect aurait agi vers 4h35, v\u00eatu tout de noir.<\/p>\n<blockquote data-testid=\"EmbedTwitter\" id=\"tweet-1928752418377859074-:Rdmij9n79m:\" class=\"jsx-aeff1a1c40f54d7a twitter-tweet flex justify-center items-center\"><p>Honteux et inacceptable ! 2 synagogues, un restaurant et le Mur des Justes ont \u00e9t\u00e9 cette nuit la cible de jets de peinture. Je condamne fermement ces actes antis\u00e9mites. Les responsables doivent \u00eatre punis s\u00e9v\u00e8rement. Soutien et solidarit\u00e9 avec les Juives et Juifs de notre ville.  pic.twitter.com\/Qy2jvMZ35q \u2014 David Belliard (@David_Belliard)  May 31, 2025<\/p><\/blockquote>\n<p data-module=\"article-paragraph\" class=\"jsx-362436225 Paragraph\">Le ministre de l&rsquo;Int\u00e9rieur Bruno Retailleau a exprim\u00e9 sur X son \u00ab\u00a0immense d\u00e9go\u00fbt devant ces actes odieux qui visent la communaut\u00e9 juive\u00a0\u00bb. Dans une boucle WhatsApp, o\u00f9 elle a pris l&rsquo;habitude de s&rsquo;exprimer, Anne Hidalgo \u00ab\u00a0condamne avec la plus grande force ces intimidations\u00a0\u00bb, rappelant que \u00ab\u00a0l&rsquo;antis\u00e9mitisme n&rsquo;a pas sa place dans notre ville et dans notre R\u00e9publique.\u00a0\u00bb L&rsquo;\u00e9dile pr\u00e9cise que la ville \u00ab\u00a0portera plainte.\u00a0\u00bb\u00a0<\/p>\n<p data-module=\"article-paragraph\" class=\"jsx-362436225 Paragraph Paragraph__End\">David Belliard, adjoint \u00e0 la maire de Paris, a lui aussi r\u00e9agi : \u00ab\u00a0Honteux et inacceptable ! 2 synagogues, un restaurant et le Mur des Justes ont \u00e9t\u00e9 cette nuit la cible de jets de peinture. Je condamne fermement ces actes antis\u00e9mites. Les responsables doivent \u00eatre punis s\u00e9v\u00e8rement. Soutien et solidarit\u00e9 avec les Juives et Juifs de notre ville.\u00a0\u00bb<\/p>\n<p>Zo\u00e9 SAMIN<\/p>\n<p><script async src=\"https:\/\/platform.twitter.com\/widgets.js\" charset=\"utf-8\"><\/script><\/p>\n","protected":false},"excerpt":{"rendered":"4 \u00e9tablissements juifs ont \u00e9t\u00e9 d\u00e9grad\u00e9s dans la nuit du vendredi 30 au samedi 31 mai, a appris&hellip;\n","protected":false},"author":2,"featured_media":141450,"comment_status":"","ping_status":"","sticky":false,"template":"","format":"standard","meta":{"footnotes":""},"categories":[1888],"tags":[1111,1928,11,1927,1921,1777,674,6017,1011,27,1922,2954,12,1926,626,1925,1072,25,133,2953],"class_list":{"0":"post-141449","1":"post","2":"type-post","3":"status-publish","4":"format-standard","5":"has-post-thumbnail","7":"category-paris","8":"tag-actu","9":"tag-actu-paris","10":"tag-actualites","11":"tag-actualites-paris","12":"tag-article-video","13":"tag-eu","14":"tag-europe","15":"tag-fait-divers","16":"tag-fr","17":"tag-france","18":"tag-info","19":"tag-justice-et-faits-divers","20":"tag-news","21":"tag-news-paris","22":"tag-paris","23":"tag-paris-news","24":"tag-police","25":"tag-republique-francaise","26":"tag-video","27":"tag-video-police"},"share_on_mastodon":{"url":"https:\/\/pubeurope.com\/@fr\/114601973692149138","error":""},"_links":{"self":[{"href":"https:\/\/www.europesays.com\/fr\/wp-json\/wp\/v2\/posts\/141449","targetHints":{"allow":["GET"]}}],"collection":[{"href":"https:\/\/www.europesays.com\/fr\/wp-json\/wp\/v2\/posts"}],"about":[{"href":"https:\/\/www.europesays.com\/fr\/wp-json\/wp\/v2\/types\/post"}],"author":[{"embeddable":true,"href":"https:\/\/www.europesays.com\/fr\/wp-json\/wp\/v2\/users\/2"}],"replies":[{"embeddable":true,"href":"https:\/\/www.europesays.com\/fr\/wp-json\/wp\/v2\/comments?post=141449"}],"version-history":[{"count":0,"href":"https:\/\/www.europesays.com\/fr\/wp-json\/wp\/v2\/posts\/141449\/revisions"}],"wp:featuredmedia":[{"embeddable":true,"href":"https:\/\/www.europesays.com\/fr\/wp-json\/wp\/v2\/media\/141450"}],"wp:attachment":[{"href":"https:\/\/www.europesays.com\/fr\/wp-json\/wp\/v2\/media?parent=141449"}],"wp:term":[{"taxonomy":"category","embeddable":true,"href":"https:\/\/www.europesays.com\/fr\/wp-json\/wp\/v2\/categories?post=141449"},{"taxonomy":"post_tag","embeddable":true,"href":"https:\/\/www.europesays.com\/fr\/wp-json\/wp\/v2\/tags?post=141449"}],"curies":[{"name":"wp","href":"https:\/\/api.w.org\/{rel}","templated":true}]}}