{"id":141455,"date":"2025-05-31T10:30:11","date_gmt":"2025-05-31T10:30:11","guid":{"rendered":"https:\/\/www.europesays.com\/fr\/141455\/"},"modified":"2025-05-31T10:30:11","modified_gmt":"2025-05-31T10:30:11","slug":"de-la-peinture-verte-jetee-sur-des-lieux-juifs-a-paris-bruno-retailleau-exprime-son-immense-degout","status":"publish","type":"post","link":"https:\/\/www.europesays.com\/fr\/141455\/","title":{"rendered":"De la peinture verte jet\u00e9e sur des lieux juifs \u00e0 Paris, Bruno Retailleau exprime son \u00ab\u00a0immense d\u00e9go\u00fbt\u00a0\u00bb"},"content":{"rendered":"<p>        <img decoding=\"async\" loading=\"lazy\" src=\"https:\/\/www.europesays.com\/fr\/wp-content\/uploads\/2025\/05\/8f6c2a1_sirius-fs-upload-1-xhxjrsofbfxy-1748686550921-78875824-cca4-4ceb-b064-256bfa218e51.png\"  width=\"728\" height=\"409\" alt=\"Photo partag\u00e9e sur X par Ariel Weil, maire de Paris centre.\"\/>  <\/p>\n<p>Capture X\/ Ariel Weil<\/p>\n<p>Photo partag\u00e9e sur X par Ariel Weil, maire de Paris centre.<\/p>\n<p class=\"asset asset-text\">ANTIS\u00c9MITISME &#8211; \u00ab\u00a0Immense d\u00e9go\u00fbt devant ces actes odieux qui visent la communaut\u00e9 juive\u00a0\u00bb. Ce samedi 31\u00a0mai, le ministre de l\u2019Int\u00e9rieur (en charge des cultes) <a href=\"https:\/\/www.huffingtonpost.fr\/politique\/article\/marine-le-pen-revendique-cette-idee-sans-interet-que-bruno-retailleau-promeut-contre-l-islamisme_250528.html\" rel=\"nofollow noopener\" target=\"_blank\">Bruno Retailleau<\/a>, a exprim\u00e9 son indignation sur X apr\u00e8s des d\u00e9gradations commises contre plusieurs lieux li\u00e9s \u00e0 la communaut\u00e9 juive \u00e0 Paris, du m\u00e9morial de la Shoah \u00e0 deux synagogues en passant par un restaurant situ\u00e9 dans le quartier du Marais \u00e0 Paris.<\/p>\n<p class=\"asset asset-text\">Plus t\u00f4t dans la matin\u00e9e, c\u2019est le maire de Paris Centre, Ariel Weil, qui avait exprim\u00e9 sa consternation sur le m\u00eame r\u00e9seau social. \u00ab\u00a0Apr\u00e8s la peinture rouge, la peinture verte. Cette fois, le geste est plus pr\u00e9cis\u00a0: m\u00e9morial de la Shoah, synagogues et restaurant \u201cjuif\u201d. Apr\u00e8s tout, ce n\u2019est que du patrimoine. Et \u00e7a va s\u00fbrement sauver des vies. Les actes \u201cmilitants\u201d, on sait o\u00f9 \u00e7a commence, pas o\u00f9 \u00e7a finit\u00a0\u00bb, a comment\u00e9 l\u2019\u00e9lu socialiste, semblant faire un lien avec ces actes antis\u00e9mites et la contestation militante de la situation humanitaire \u00e0 Gaza.<\/p>\n<p> La lecture de ce contenu est susceptible d\u2019entra\u00eener un d\u00e9p\u00f4t de cookies de la part de l\u2019op\u00e9rateur tiers qui l\u2019h\u00e9berge. Compte-tenu des choix que vous avez exprim\u00e9s en mati\u00e8re de d\u00e9p\u00f4t de cookies, nous avons bloqu\u00e9 l\u2019affichage de ce contenu. Si vous souhaitez y acc\u00e9der, vous devez accepter la cat\u00e9gorie de cookies \u201cContenus tiers\u201d en cliquant sur le bouton ci-dessous. <\/p>\n<p> Lire la Vid\u00e9o        <\/p>\n<p class=\"asset asset-text\">M\u00eame col\u00e8re exprim\u00e9e par l\u2019\u00e9lu \u00e9colo David Belliard. \u00ab\u00a0Honteux et inacceptable\u00a0! Deux synagogues, un restaurant et le Mur des Justes ont \u00e9t\u00e9 cette nuit la cible de jets de peinture. Je condamne fermement ces actes antis\u00e9mites. Les responsables doivent \u00eatre punis s\u00e9v\u00e8rement. Soutien et solidarit\u00e9 avec les Juives et Juifs de notre ville\u00a0\u00bb, a d\u00e9nonc\u00e9 celui qui portera les couleurs <a href=\"https:\/\/www.huffingtonpost.fr\/politique\/article\/david-belliard-choisi-par-les-ecolos-comme-candidat-pour-les-municipales-a-paris_247841.html\" rel=\"nofollow noopener\" target=\"_blank\">du parti vert lors de la prochaine campagne municipale<\/a>.<\/p>\n<p>    Des faits similaires avec de la peinture rouge il y a un an    <\/p>\n<p class=\"asset asset-text\">Selon <a href=\"https:\/\/www.rtl.fr\/actu\/justice-faits-divers\/info-rtl-paris-le-memorial-de-la-shoah-et-deux-synagogues-touches-par-des-jets-de-peinture-7900510880\" target=\"_blank\" rel=\"noopener nofollow\" title=\"Nouvelle fen\u00eatre\">RTL<\/a>, les faits ont \u00e9t\u00e9 constat\u00e9s par la police au petit matin, aux alentours de 5\u00a0h\u00a045. \u00ab\u00a0Une relecture des images de vid\u00e9osurveillance du M\u00e9morial de la Shoah a r\u00e9v\u00e9l\u00e9 qu\u2019un individu v\u00eatu de noir a \u00e9t\u00e9 film\u00e9 en train de taguer les lieux\u00a0vers 4\u00a0h\u00a035 du matin\u00a0\u00bb, poursuit la radio, pr\u00e9cisant qu\u2019un pot de peinture verte a \u00e9t\u00e9 retrouv\u00e9 \u00e0 proximit\u00e9 du restaurant vis\u00e9.<\/p>\n<p class=\"asset asset-text\">Pour l\u2019heure, ces actes n\u2019ont pas \u00e9t\u00e9 revendiqu\u00e9s. Pour rappel, le mur des Justes du m\u00e9morial de la Shoah avait d\u00e9j\u00e0 \u00e9t\u00e9 pris pour cible il y a quasiment un an jour pour jour, mais avec de la peinture rouge.<\/p>\n<p class=\"asset asset-text\">Une d\u00e9gradation que les enqu\u00eateurs ont mise sur le compte d\u2019une <a href=\"https:\/\/www.franceinfo.fr\/societe\/justice\/tags-de-mains-rouges-sur-le-memorial-de-la-shoah-les-enqueteurs-privilegient-l-hypothese-d-une-operation-de-destabilisation-venue-de-russie_6557996.html\" target=\"_blank\" rel=\"noopener nofollow\" title=\"Nouvelle fen\u00eatre\">possible op\u00e9ration de d\u00e9stabilisation venant de la Russie<\/a>, d\u00e9j\u00e0 fortement suspect\u00e9e d\u2019\u00eatre <a href=\"https:\/\/www.huffingtonpost.fr\/faits-divers\/article\/tags-d-etoiles-de-david-en-france-les-enqueteurs-sur-la-piste-d-une-operation-commandee-depuis-la-russie_225415.html\" target=\"_blank\" rel=\"noopener nofollow\" title=\"Nouvelle fen\u00eatre\">derri\u00e8re une s\u00e9rie de tags d\u2019\u00e9toiles de David<\/a> qui avait suscit\u00e9 sem\u00e9 l\u2019\u00e9moi dans la soci\u00e9t\u00e9, qui plus est dans <a href=\"https:\/\/www.huffingtonpost.fr\/life\/article\/la-hausse-inquietante-de-l-antisemitisme-en-france-documentee-dans-le-dernier-rapport-de-la-cncdh_235584.html\" target=\"_blank\" rel=\"noopener nofollow\" title=\"Nouvelle fen\u00eatre\">un contexte de hausse significative des actes antis\u00e9mites<\/a> dans le sillage de l\u2019attaque terroriste du 7\u00a0octobre contre Isra\u00ebl.<\/p>\n<p class=\"asset asset-text\"><strong>\u00c0 voir \u00e9galement sur Le HuffPost\u00a0:<\/strong><\/p>\n<p> La lecture de ce contenu est susceptible d\u2019entra\u00eener un d\u00e9p\u00f4t de cookies de la part de l\u2019op\u00e9rateur tiers qui l\u2019h\u00e9berge. Compte-tenu des choix que vous avez exprim\u00e9s en mati\u00e8re de d\u00e9p\u00f4t de cookies, nous avons bloqu\u00e9 l\u2019affichage de ce contenu. Si vous souhaitez y acc\u00e9der, vous devez accepter la cat\u00e9gorie de cookies \u201cContenus tiers\u201d en cliquant sur le bouton ci-dessous. <\/p>\n<p> Lire la Vid\u00e9o                <\/p>\n","protected":false},"excerpt":{"rendered":"Capture X\/ Ariel Weil Photo partag\u00e9e sur X par Ariel Weil, maire de Paris centre. ANTIS\u00c9MITISME &#8211; \u00ab\u00a0Immense&hellip;\n","protected":false},"author":2,"featured_media":141456,"comment_status":"","ping_status":"","sticky":false,"template":"","format":"standard","meta":{"footnotes":""},"categories":[1888],"tags":[11,6155,1013,1777,674,1011,27,12,626,316,25],"class_list":{"0":"post-141455","1":"post","2":"type-post","3":"status-publish","4":"format-standard","5":"has-post-thumbnail","7":"category-paris","8":"tag-actualites","9":"tag-antisemitisme","10":"tag-bruno-retailleau","11":"tag-eu","12":"tag-europe","13":"tag-fr","14":"tag-france","15":"tag-news","16":"tag-paris","17":"tag-politique","18":"tag-republique-francaise"},"share_on_mastodon":{"url":"https:\/\/pubeurope.com\/@fr\/114601985689754940","error":""},"_links":{"self":[{"href":"https:\/\/www.europesays.com\/fr\/wp-json\/wp\/v2\/posts\/141455","targetHints":{"allow":["GET"]}}],"collection":[{"href":"https:\/\/www.europesays.com\/fr\/wp-json\/wp\/v2\/posts"}],"about":[{"href":"https:\/\/www.europesays.com\/fr\/wp-json\/wp\/v2\/types\/post"}],"author":[{"embeddable":true,"href":"https:\/\/www.europesays.com\/fr\/wp-json\/wp\/v2\/users\/2"}],"replies":[{"embeddable":true,"href":"https:\/\/www.europesays.com\/fr\/wp-json\/wp\/v2\/comments?post=141455"}],"version-history":[{"count":0,"href":"https:\/\/www.europesays.com\/fr\/wp-json\/wp\/v2\/posts\/141455\/revisions"}],"wp:featuredmedia":[{"embeddable":true,"href":"https:\/\/www.europesays.com\/fr\/wp-json\/wp\/v2\/media\/141456"}],"wp:attachment":[{"href":"https:\/\/www.europesays.com\/fr\/wp-json\/wp\/v2\/media?parent=141455"}],"wp:term":[{"taxonomy":"category","embeddable":true,"href":"https:\/\/www.europesays.com\/fr\/wp-json\/wp\/v2\/categories?post=141455"},{"taxonomy":"post_tag","embeddable":true,"href":"https:\/\/www.europesays.com\/fr\/wp-json\/wp\/v2\/tags?post=141455"}],"curies":[{"name":"wp","href":"https:\/\/api.w.org\/{rel}","templated":true}]}}