{"id":141463,"date":"2025-05-31T10:34:15","date_gmt":"2025-05-31T10:34:15","guid":{"rendered":"https:\/\/www.europesays.com\/fr\/141463\/"},"modified":"2025-05-31T10:34:15","modified_gmt":"2025-05-31T10:34:15","slug":"no-smoking-au-royaume-uni-une-volonte-deradiquer-la-cigarette","status":"publish","type":"post","link":"https:\/\/www.europesays.com\/fr\/141463\/","title":{"rendered":"\u00ab\u00a0No smoking\u00a0!\u00a0\u00bb\u00a0: au Royaume Uni, une volont\u00e9 d\u2019\u00e9radiquer la cigarette"},"content":{"rendered":"<p>En se promenant en journ\u00e9e dans le centre de Londres, difficile de trouver des fumeurs. Ils sont rares sur les terrasses des caf\u00e9s, ne se prom\u00e8nent pas dans les parcs et n\u2019encombrent pas l\u2019entr\u00e9e des b\u00e2timents publics et des bureaux, \u00e0 tirer leurs derni\u00e8res bouff\u00e9es avant d\u2019entrer. Il faut plut\u00f4t attendre que les pubs ouvrent et que les premiers verres soient bus pour voir appara\u00eetre les nuages de fum\u00e9e. Et pour acheter son paquet, c\u2019est au comptoir des supermarch\u00e9s qu\u2019il faut se rendre, o\u00f9 les produits contenant du tabac sont cach\u00e9s derri\u00e8re un panneau coulissant auquel seuls les employ\u00e9s ont acc\u00e8s.<\/p>\n<p>Selon l\u2019Office national des statistiques, 11,9\u00a0% des Britanniques sont actuellement fumeurs. Les 25-34 ans sont ceux qui fument le plus, tout comme les personnes sans emploi ou dans des emplois \u00e0 bas salaires, et on fume davantage en \u00c9cosse (13,5\u00a0%) qu\u2019en Angleterre (11,6\u00a0%). Mais, partout, la tendance est \u00e0 la baisse depuis que le gouvernement a commenc\u00e9 \u00e0 la mesurer, en 1974.<\/p>\n<p>Prix, interdictions\u2026<\/p>\n<p>Parmi les raisons\u00a0: le prix, qui d\u00e9passe facilement les 16 livres (19 euros). \u00ab\u00a0Moi, c\u2019est ce qui m\u2019a fait arr\u00eater. En 2010, on trouvait des paquets \u00e0 cinq livres\u00a0\u00bb, explique Kate, la trentaine. \u00ab\u00a0Le gouvernement a interdit la vente des paquets de dix cigarettes, puis les cigarettes au menthol\u2026\u00a0\u00bb. Il y a aussi eu, en 2007, l\u2019interdiction de fumer en int\u00e9rieur et dans les espaces communs et semi-clos.<\/p>\n<p>Pour contourner le probl\u00e8me du prix, Fiona, \u00e9tudiante, s\u2019est \u00ab\u00a0inscrite dans des groupes o\u00f9 l\u2019on vend du tabac venu de l\u2019\u00e9tranger, pour moins cher\u00a0\u00bb. \u00ab\u00a0Je comprends l\u2019intention derri\u00e8re les augmentations de prix mais l\u2019impact est disproportionn\u00e9 pour les personnes qui ont moins d\u2019argent, proteste-t-elle. Il faudrait plut\u00f4t mettre l\u2019accent sur les aspects positifs qu\u2019il y a \u00e0 adopter des comportements meilleurs pour notre sant\u00e9\u00a0\u00bb.<\/p>\n<p>Les e-cigarettes jetables, c\u2019est fini\u00a0!<\/p>\n<p>De nouvelles restrictions continuent d\u2019\u00eatre appliqu\u00e9es. Adam, 28 ans, s\u2019appr\u00eate \u00e0 aller fumer sa toute derni\u00e8re e-cigarette jetable.<a href=\"https:\/\/www.letelegramme.fr\/monde\/cigarettes-electroniques-jetables-elles-seront-interdites-au-royaume-uni-6514952.php\" rel=\"nofollow noopener\" target=\"_blank\"> Celles-ci, jet\u00e9es en nombre dans les rues, sont d\u00e9sormais interdites depuis samed<\/a>i. Il n\u2019est pas emball\u00e9 par l\u2019id\u00e9e d\u2019en acheter une rechargeable. \u00ab\u00a0Je vais essayer d\u2019arr\u00eater. Avec mes amis, on fume g\u00e9n\u00e9ralement quand on sort &#8211; j\u2019ai pas mal fum\u00e9 cette semaine, par exemple, parce que je suis all\u00e9 \u00e0 des festivals.\u00a0\u00bb<\/p>\n<p>Il fait partie des derniers \u00e0 \u00e9chapper \u00e0 <a href=\"https:\/\/www.letelegramme.fr\/monde\/une-generation-sans-tabac-au-royaume-uni-oui-mais-comment-6567377.php\" rel=\"nofollow noopener\" target=\"_blank\">la mesure, vot\u00e9e le 26 mars dernier, qui vise \u00e0 cr\u00e9er la premi\u00e8re g\u00e9n\u00e9ration \u00ab\u00a0sans tabac\u00a0\u00bb. <\/a>Un projet lanc\u00e9 sous les conservateurs, adopt\u00e9 et d\u00e9fendu par le gouvernement travailliste qui leur a succ\u00e9d\u00e9. Le but est d\u2019interdire la vente de produits contenant du tabac \u00e0 toute personne n\u00e9e apr\u00e8s le 1er janvier 2009 et d\u2019appliquer de s\u00e9v\u00e8res restrictions sur les publicit\u00e9s pour les e-cigarettes et les produits \u00e0 la nicotine.<\/p>\n<p>Rien de tr\u00e8s nouveau pour les distributeurs, qui appliquent d\u00e9j\u00e0 le \u00ab\u00a0Challenge 25\u00a0\u00bb pour \u00e9viter de vendre de l\u2019alcool aux mineurs\u00a0: ils ont pris l\u2019habitude de v\u00e9rifier les cartes d\u2019identit\u00e9 de tous ceux ayant l\u2019air d\u2019avoir moins de 25 ans, pour s\u2019assurer qu\u2019ils en aient plus de 18.<\/p>\n","protected":false},"excerpt":{"rendered":"En se promenant en journ\u00e9e dans le centre de Londres, difficile de trouver des fumeurs. Ils sont rares&hellip;\n","protected":false},"author":2,"featured_media":141464,"comment_status":"","ping_status":"","sticky":false,"template":"","format":"standard","meta":{"footnotes":""},"categories":[1588],"tags":[11,765,1777,674,74,12,473,1853,71,6582,1851,1850,1852],"class_list":{"0":"post-141463","1":"post","2":"type-post","3":"status-publish","4":"format-standard","5":"has-post-thumbnail","7":"category-royaume-uni","8":"tag-actualites","9":"tag-en-continu","10":"tag-eu","11":"tag-europe","12":"tag-monde","13":"tag-news","14":"tag-royaume-uni","15":"tag-royaume-uni-de-grande-bretagne-et-dirlande-du-nord","16":"tag-sante","17":"tag-tabac","18":"tag-uk","19":"tag-united-kingdom","20":"tag-united-kingdom-of-great-britain-and-northern-ireland"},"share_on_mastodon":{"url":"https:\/\/pubeurope.com\/@fr\/114602001551235596","error":""},"_links":{"self":[{"href":"https:\/\/www.europesays.com\/fr\/wp-json\/wp\/v2\/posts\/141463","targetHints":{"allow":["GET"]}}],"collection":[{"href":"https:\/\/www.europesays.com\/fr\/wp-json\/wp\/v2\/posts"}],"about":[{"href":"https:\/\/www.europesays.com\/fr\/wp-json\/wp\/v2\/types\/post"}],"author":[{"embeddable":true,"href":"https:\/\/www.europesays.com\/fr\/wp-json\/wp\/v2\/users\/2"}],"replies":[{"embeddable":true,"href":"https:\/\/www.europesays.com\/fr\/wp-json\/wp\/v2\/comments?post=141463"}],"version-history":[{"count":0,"href":"https:\/\/www.europesays.com\/fr\/wp-json\/wp\/v2\/posts\/141463\/revisions"}],"wp:featuredmedia":[{"embeddable":true,"href":"https:\/\/www.europesays.com\/fr\/wp-json\/wp\/v2\/media\/141464"}],"wp:attachment":[{"href":"https:\/\/www.europesays.com\/fr\/wp-json\/wp\/v2\/media?parent=141463"}],"wp:term":[{"taxonomy":"category","embeddable":true,"href":"https:\/\/www.europesays.com\/fr\/wp-json\/wp\/v2\/categories?post=141463"},{"taxonomy":"post_tag","embeddable":true,"href":"https:\/\/www.europesays.com\/fr\/wp-json\/wp\/v2\/tags?post=141463"}],"curies":[{"name":"wp","href":"https:\/\/api.w.org\/{rel}","templated":true}]}}