{"id":141467,"date":"2025-05-31T10:36:15","date_gmt":"2025-05-31T10:36:15","guid":{"rendered":"https:\/\/www.europesays.com\/fr\/141467\/"},"modified":"2025-05-31T10:36:15","modified_gmt":"2025-05-31T10:36:15","slug":"opinion-leurope-durcit-le-ton-face-a-liran-dans-les-negociations-nucleaires","status":"publish","type":"post","link":"https:\/\/www.europesays.com\/fr\/141467\/","title":{"rendered":"OPINION. \u00ab\u00a0L&rsquo;Europe durcit le ton face \u00e0 l&rsquo;Iran dans les n\u00e9gociations nucl\u00e9aires\u00a0\u00bb"},"content":{"rendered":"<p>Selon le journal semi-officiel iranien <a href=\"https:\/\/farhikhtegandaily.com\/news\/207000\/%D8%A2%D8%AE%D8%B1%DB%8C%D9%86-%D8%AC%D8%B2%D8%A6%DB%8C%D8%A7%D8%AA-%D8%A7%D8%B2-%D9%85%D8%B0%D8%A7%DA%A9%D8%B1%D8%A7%D8%AA-%D8%A7%DB%8C%D8%B1%D8%A7%D9%86-%D9%88-%D8%A7%D8%B1%D9%88%D9%BE%D8%A7\/#:~:text=%D8%A8%D8%B1%20%D9%85%D8%A8%D9%86%D8%A7%DB%8C%20%DA%A9%D8%B3%D8%A8,%D8%B1%D8%A7%20%D9%81%D8%B9%D8%A7%D9%84%20%DA%A9%D9%86%D8%AF.\" target=\"_blank\" rel=\"noopener\">Farhikhtegan<\/a>, la r\u00e9union du 16 mai entre les repr\u00e9sentants du r\u00e9gime iranien et la tro\u00efka europ\u00e9enne s&rsquo;est tenue dans un climat extr\u00eamement tendu.<\/p>\n<p>Les trois pays europ\u00e9ens ont adopt\u00e9 une position ferme, mena\u00e7ant non seulement d&rsquo;activer le m\u00e9canisme de snapback, mais aussi d&rsquo;imposer des sanctions encore plus \u00e9tendues. Une nouvelle clause baptis\u00e9e \u00ab Snapback Plus \u00bb a \u00e9galement \u00e9t\u00e9 propos\u00e9e : elle permettrait \u00e0 l&rsquo;Europe de r\u00e9tablir unilat\u00e9ralement les sanctions, sans coordination avec Washington, en cas de non-respect par l&rsquo;Iran de ses engagements. Le m\u00e9canisme de \u00ab\u00a0snapback\u00a0\u00bb, redout\u00e9 par T\u00e9h\u00e9ran, pourrait en effet provoquer un effondrement rapide de l&rsquo;\u00e9conomie menant \u00e0 une \u00e9ventuelle chute du r\u00e9gime.<\/p>\n<p>Washington se montre inflexible sur l&rsquo;enrichissement<\/p>\n<p>De son c\u00f4t\u00e9, Steve Witkoff, repr\u00e9sentant am\u00e9ricain dans les pourparlers nucl\u00e9aires avec l&rsquo;Iran, a d\u00e9clar\u00e9 qu&rsquo;un enrichissement, m\u00eame limit\u00e9 \u00e0 1 %, serait inacceptable. En r\u00e9action \u00e0 ces pressions occidentales, le guide supr\u00eame Ali Khamenei a affirm\u00e9 le 20 mai que \u00ab les n\u00e9gociations avec les \u00c9tats-Unis n&rsquo;aboutiront \u00e0 rien \u00bb, tout en r\u00e9it\u00e9rant son refus cat\u00e9gorique de toute suspension de l&rsquo;enrichissement d&rsquo;uranium en Iran. Il a qualifi\u00e9 les n\u00e9gociateurs am\u00e9ricains de \u00ab pr\u00e9tentieux \u00bb.<\/p>\n<p>Terrorisme, otages, Ukraine : l&rsquo;Europe s&rsquo;alarme<\/p>\n<p>Au-del\u00e0 du dossier nucl\u00e9aire, trois autres dossiers pr\u00e9occupent profond\u00e9ment les Europ\u00e9ens :<\/p>\n<ul>\n<li>Les activit\u00e9s terroristes sur le sol europ\u00e9en,<\/li>\n<li>La prise d&rsquo;otages de ressortissants occidentaux,<\/li>\n<li>Le soutien militaire apport\u00e9 par T\u00e9h\u00e9ran \u00e0 Moscou dans la guerre contre l&rsquo;Ukraine.<\/li>\n<\/ul>\n<p>Ce mois-ci, le gouvernement britannique a annonc\u00e9 avoir d\u00e9jou\u00e9 un attentat planifi\u00e9 par les Gardiens de la R\u00e9volution \u00e0 Londres. En r\u00e9action, 550 parlementaires britanniques ont exhort\u00e9 le gouvernement \u00e0 classer l&rsquo;IRGC comme organisation terroriste. Les services de renseignement n\u00e9erlandais ont de leur c\u00f4t\u00e9 confirm\u00e9 que les auteurs de l&rsquo;attaque contre l&rsquo;ancien vice-pr\u00e9sident du Parlement europ\u00e9en, Alejo Vidal-Quadras \u2014 fervent soutien de la R\u00e9sistance iranienne \u2014 avaient agi sur ordre de T\u00e9h\u00e9ran.<\/p>\n<p>En France, plusieurs ressortissants iraniens ont \u00e9t\u00e9 arr\u00eat\u00e9s pour collusion pr\u00e9sum\u00e9e avec les services du r\u00e9gime. Le ministre des Affaires \u00e9trang\u00e8res <a href=\"https:\/\/www.lemonde.fr\/international\/article\/2025\/05\/16\/ressortissants-francais-detenus-en-iran-la-france-depose-plainte-devant-la-cour-internationale-de-justice-annonce-jean-noel-barrot_6606400_3210.html#:~:text=Le%20ministre%20des%20affaires%20%C3%A9trang%C3%A8res%20Jean%2DNo%C3%ABl%20Barrot%20a%20d%C3%A9clar%C3%A9%20d%C3%A9poser%20plainte%20en%20raison%20du%20non%2Drespect%20par%20T%C3%A9h%C3%A9ran%20du%20droit%20%C3%A0%20la%20protection%20consulaire%2C%20pour%20C%C3%A9cile%20Kohler%20et%20Jacques%20Paris%2C%20%C2%AB%C2%A0retenus%20en%C2%A0otages%20depuis%20plus%20de%20trois%20ans%2C%20dans%20des%20conditions%20indignes%C2%A0%C2%BB.\" target=\"_blank\" rel=\"noopener\"><strong>Jean-No\u00ebl Barrot<\/strong><\/a> a d\u00e9clar\u00e9 avoir d\u00e9pos\u00e9 plainte en raison du non-respect par T\u00e9h\u00e9ran du droit \u00e0 la protection consulaire, pour C\u00e9cile Kohler et Jacques Paris, \u00ab\u00a0retenus en\u00a0otages depuis plus de trois ans, dans des conditions indignes\u00a0.<\/p>\n<p>L&rsquo;Iran, une menace directe pour la s\u00e9curit\u00e9 europ\u00e9enne<\/p>\n<p>L&rsquo;envoi de drones et de missiles iraniens \u00e0 la Russie pour frapper l&rsquo;Ukraine constitue une menace directe pour la s\u00e9curit\u00e9 europ\u00e9enne. Ce soutien militaire s&rsquo;inscrit dans une strat\u00e9gie de d\u00e9stabilisation de l&rsquo;ordre mondial, revendiqu\u00e9e par Khamenei lui-m\u00eame lorsqu&rsquo;il d\u00e9clara que \u00ab l&rsquo;ordre mondial est en train de changer \u00bb.<\/p>\n<p>Un changement ne viendra que de l&rsquo;int\u00e9rieur<\/p>\n<p>La seule v\u00e9ritable solution \u00e0 la crise iranienne repose entre les mains du peuple iranien et de sa r\u00e9sistance organis\u00e9e. Depuis 2018, une s\u00e9rie de soul\u00e8vements massifs a r\u00e9v\u00e9l\u00e9 la d\u00e9termination d&rsquo;une population qui rejette massivement la dictature. Face \u00e0 une r\u00e9pression brutale, des ex\u00e9cutions massives et un terrorisme d&rsquo;\u00c9tat, un mouvement d\u00e9mocratique alternatif s&rsquo;est consolid\u00e9 : le Conseil national de la R\u00e9sistance iranienne (CNRI), dont l&rsquo;Organisation des Moudjahidine du peuple d&rsquo;Iran (OMPI) constitue le c\u0153ur historique, fort de six d\u00e9cennies de lutte contre les dictatures successives.<\/p>\n<p>Dans une d\u00e9claration r\u00e9cente, des parlementaires britanniques ont appel\u00e9 le Premier ministre \u00e0 reconna\u00eetre le droit du peuple iranien \u00e0 changer de r\u00e9gime, et \u00e0 soutenir les unit\u00e9s de r\u00e9sistance affili\u00e9es \u00e0 l&rsquo;OMPI dans leur combat contre l&rsquo;IRGC.<\/p>\n<p>Le soutien populaire \u00e0 l&rsquo;OMPI \u00e0 l&rsquo;int\u00e9rieur m\u00eame de l&rsquo;Iran est l&rsquo;un des piliers de son efficacit\u00e9. C&rsquo;est la raison pour laquelle le r\u00e9gime multiplie les campagnes de diffamation \u00e0 son encontre. Les unit\u00e9s de r\u00e9sistance de l&rsquo;OMPI, pr\u00e9sentes dans toutes les provinces, m\u00e8nent chaque jour des actions contre l&rsquo;appareil r\u00e9pressif.<\/p>\n<p>Enfin, la flamb\u00e9e d&rsquo;ex\u00e9cutions montre que cette arme de terreur s&rsquo;essouffle. Il est d\u00e9sormais imp\u00e9ratif de priver le r\u00e9gime de son ultime levier : l&rsquo;arme nucl\u00e9aire.<\/p>\n","protected":false},"excerpt":{"rendered":"Selon le journal semi-officiel iranien Farhikhtegan, la r\u00e9union du 16 mai entre les repr\u00e9sentants du r\u00e9gime iranien et&hellip;\n","protected":false},"author":2,"featured_media":141468,"comment_status":"","ping_status":"","sticky":false,"template":"","format":"standard","meta":{"footnotes":""},"categories":[1586],"tags":[17,11,1446,26921,1777,674,2823,1011,27,26922,1808,12,4536,1427,25,20367],"class_list":{"0":"post-141467","1":"post","2":"type-post","3":"status-publish","4":"format-standard","5":"has-post-thumbnail","7":"category-europe","8":"tag-17","9":"tag-actualites","10":"tag-dans","11":"tag-durcit","12":"tag-eu","13":"tag-europe","14":"tag-face","15":"tag-fr","16":"tag-france","17":"tag-liran","18":"tag-leurope","19":"tag-news","20":"tag-opinion","21":"tag-opinions","22":"tag-republique-francaise","23":"tag-ton"},"share_on_mastodon":{"url":"https:\/\/pubeurope.com\/@fr\/114602009229504719","error":""},"_links":{"self":[{"href":"https:\/\/www.europesays.com\/fr\/wp-json\/wp\/v2\/posts\/141467","targetHints":{"allow":["GET"]}}],"collection":[{"href":"https:\/\/www.europesays.com\/fr\/wp-json\/wp\/v2\/posts"}],"about":[{"href":"https:\/\/www.europesays.com\/fr\/wp-json\/wp\/v2\/types\/post"}],"author":[{"embeddable":true,"href":"https:\/\/www.europesays.com\/fr\/wp-json\/wp\/v2\/users\/2"}],"replies":[{"embeddable":true,"href":"https:\/\/www.europesays.com\/fr\/wp-json\/wp\/v2\/comments?post=141467"}],"version-history":[{"count":0,"href":"https:\/\/www.europesays.com\/fr\/wp-json\/wp\/v2\/posts\/141467\/revisions"}],"wp:featuredmedia":[{"embeddable":true,"href":"https:\/\/www.europesays.com\/fr\/wp-json\/wp\/v2\/media\/141468"}],"wp:attachment":[{"href":"https:\/\/www.europesays.com\/fr\/wp-json\/wp\/v2\/media?parent=141467"}],"wp:term":[{"taxonomy":"category","embeddable":true,"href":"https:\/\/www.europesays.com\/fr\/wp-json\/wp\/v2\/categories?post=141467"},{"taxonomy":"post_tag","embeddable":true,"href":"https:\/\/www.europesays.com\/fr\/wp-json\/wp\/v2\/tags?post=141467"}],"curies":[{"name":"wp","href":"https:\/\/api.w.org\/{rel}","templated":true}]}}