{"id":141496,"date":"2025-05-31T10:53:10","date_gmt":"2025-05-31T10:53:10","guid":{"rendered":"https:\/\/www.europesays.com\/fr\/141496\/"},"modified":"2025-05-31T10:53:10","modified_gmt":"2025-05-31T10:53:10","slug":"avant-premiere-demain-nous-appartient-du-2-juin-2025-episode-1956-tf1","status":"publish","type":"post","link":"https:\/\/www.europesays.com\/fr\/141496\/","title":{"rendered":"Avant-premi\u00e8re &#8211; Demain nous appartient du 2 juin 2025 &#8211; Episode 1956 &#8211; TF1+"},"content":{"rendered":"<ol>\n<li><a href=\"https:\/\/news.google.com\/rss\/articles\/CBMizAFBVV95cUxNZUtIb3ZQMHI3NmNySTZZRC1EcnRpYjc5cl9mdzdaU3A3enVZNlMtaGpYZGRZdlhUbUE0bW5Sc0tiMHdWUl9yQmY3OGdqTkQxQy1uWUp6MnVvbHFYY1ExWGhESm9iQUdTVXBzQ3pTM3p2c0t2QmdYYndMSUlFOExIU1JhcmQxaVMzbi1qN2Joa2xFb19SYW50djJfZVRFRk1WcEF5QlIzak54ZVpWajVLNFRlNlY3NVZHVTZDOUREOHF2ZUdHQUFfVDd3aUo?oc=5\" target=\"_blank\" rel=\"noopener\">Avant-premi\u00e8re &#8211; Demain nous appartient du 2 juin 2025 &#8211; Episode 1956<\/a>&nbsp;&nbsp;TF1+<\/li>\n<li><a href=\"https:\/\/news.google.com\/rss\/articles\/CBMioAJBVV95cUxNNExkOGwxZGRSWWJRZ0FxeDZ3eldubnRwMmMySEdibkh0TzhicTFlR3YwZ3RJQnlsQmwxNzI1RTVkakgyVk1DVnVNM0xra21uRzlabUc1ZnNNUDFvZmNYZWZubzIyWVRnS2lzaG1VSEJqc2FmbDVZYU14RnJ2WkpaMDBjRG5FNXVaNnhxMXBUbWdiRjJJMVBDZ1NrUThCV1huRHp4S014YjBCdE5QbUVtX2RmR0R4Q1lrZHg2dHZrbVlEd1QtcFBZVkhaUG1Jc0I1bXo5dWhQeFZ1ODh1VFNOV2g0cHlZTDBkeEZXQ1pTUWZacHkyNWQ3SWl6X3lSRENEYi1ObEdhMGtTSkRxc0lJVGxFLThlc29oRmNrTTZlQ1c?oc=5\" target=\"_blank\" rel=\"noopener\">Demain nous appartient : les Julliard en plein chaos, Rapha\u00eblle re\u00e7oit un cadeau empoisonn\u00e9 et Rayane n\u2019a plus le choix\u2026 Ce qui vous attend du 2 au 6 juin 2025<\/a>&nbsp;&nbsp;T\u00e9l\u00e9 Star<\/li>\n<li><a href=\"https:\/\/news.google.com\/rss\/articles\/CBMifkFVX3lxTE9GMkVZRDZqNFBuVkR4SS11NzJma2lIQWZ4WWZJWkFITTl3aldiQ3pVNXpBYnJNNlRaaW1OYldnUVJmd2VGeTA4aGExamNCMl9vVnA3WGdtdFdkLVJFMmoxM2lFZXJTdW9yQ0pqYWdiZEVZN2pRRWtla1lSNlgxZw?oc=5\" target=\"_blank\" rel=\"noopener\">Demain nous appartient en avance : Jack d\u00e9couvre l&rsquo;infid\u00e9lit\u00e9 de Rayane&#8230; Ce qui vous attend la semaine du 2 au 6 juin 2025 [SPOILERS]<\/a>&nbsp;&nbsp;AlloCin\u00e9<\/li>\n<\/ol>\n","protected":false},"excerpt":{"rendered":"Avant-premi\u00e8re &#8211; Demain nous appartient du 2 juin 2025 &#8211; Episode 1956&nbsp;&nbsp;TF1+ Demain nous appartient : les Julliard&hellip;\n","protected":false},"author":2,"featured_media":141497,"comment_status":"","ping_status":"","sticky":false,"template":"","format":"standard","meta":{"footnotes":""},"categories":[1356],"tags":[3598,4090,58,59,1365,4089,1011,27,4092,252,1364,4091,4093],"class_list":{"0":"post-141496","1":"post","2":"type-post","3":"status-publish","4":"format-standard","5":"has-post-thumbnail","7":"category-television","8":"tag-demain-nous-appartient","9":"tag-demain-nous-appartient-episode","10":"tag-divertissement","11":"tag-entertainment","12":"tag-episode","13":"tag-episode-demain-nous-appartient","14":"tag-fr","15":"tag-france","16":"tag-streaming-demain-nous-appartient","17":"tag-television","18":"tag-tv","19":"tag-video-demain-nous-appartient","20":"tag-video-en-streaming-demain-nous-appartient"},"share_on_mastodon":{"url":"https:\/\/pubeurope.com\/@fr\/114602075982412958","error":""},"_links":{"self":[{"href":"https:\/\/www.europesays.com\/fr\/wp-json\/wp\/v2\/posts\/141496","targetHints":{"allow":["GET"]}}],"collection":[{"href":"https:\/\/www.europesays.com\/fr\/wp-json\/wp\/v2\/posts"}],"about":[{"href":"https:\/\/www.europesays.com\/fr\/wp-json\/wp\/v2\/types\/post"}],"author":[{"embeddable":true,"href":"https:\/\/www.europesays.com\/fr\/wp-json\/wp\/v2\/users\/2"}],"replies":[{"embeddable":true,"href":"https:\/\/www.europesays.com\/fr\/wp-json\/wp\/v2\/comments?post=141496"}],"version-history":[{"count":0,"href":"https:\/\/www.europesays.com\/fr\/wp-json\/wp\/v2\/posts\/141496\/revisions"}],"wp:featuredmedia":[{"embeddable":true,"href":"https:\/\/www.europesays.com\/fr\/wp-json\/wp\/v2\/media\/141497"}],"wp:attachment":[{"href":"https:\/\/www.europesays.com\/fr\/wp-json\/wp\/v2\/media?parent=141496"}],"wp:term":[{"taxonomy":"category","embeddable":true,"href":"https:\/\/www.europesays.com\/fr\/wp-json\/wp\/v2\/categories?post=141496"},{"taxonomy":"post_tag","embeddable":true,"href":"https:\/\/www.europesays.com\/fr\/wp-json\/wp\/v2\/tags?post=141496"}],"curies":[{"name":"wp","href":"https:\/\/api.w.org\/{rel}","templated":true}]}}