{"id":141510,"date":"2025-05-31T11:00:11","date_gmt":"2025-05-31T11:00:11","guid":{"rendered":"https:\/\/www.europesays.com\/fr\/141510\/"},"modified":"2025-05-31T11:00:11","modified_gmt":"2025-05-31T11:00:11","slug":"elon-musk-annonce-un-rebond-majeur-apres-les-ventes-decevantes-de-tesla","status":"publish","type":"post","link":"https:\/\/www.europesays.com\/fr\/141510\/","title":{"rendered":"Elon Musk annonce un rebond majeur apr\u00e8s les ventes d\u00e9cevantes de Tesla"},"content":{"rendered":"<p>\t\t\t\t\t\t\t\t<a href=\"https:\/\/rouleur-electrique.fr\/actu\/\" class=\"category-button | text-uppercase\" target=\"_blank\" rel=\"noopener\">Actu voiture \u00e9lectrique<\/a><\/p>\n<p><img data-no-lazy=\"\" width=\"1500\" height=\"909\" src=\"https:\/\/www.europesays.com\/fr\/wp-content\/uploads\/2025\/05\/Tesla-en-difficulte-Elon-Musk-affirme-un-rebond-majeur-.jpg\" alt=\"Tesla en difficult\u00e9 : Elon Musk affirme un &quot;rebond majeur&quot;\" decoding=\"sync\" fetchpriority=\"high\"  \/><\/p>\n<p>L\u2019ann\u00e9e 2025 marque un tournant pour <a href=\"https:\/\/rouleur-electrique.fr\/voiture-electrique-tesla\/\" target=\"_blank\" rel=\"noopener\">Tesla<\/a>. Apr\u00e8s une d\u00e9cennie de croissance ininterrompue, le constructeur am\u00e9ricain fait face \u00e0 une r\u00e9alit\u00e9 bien diff\u00e9rente : ses ventes mondiales ont chut\u00e9 de <strong>13% au premier trimestre<\/strong>. Pendant ce temps, le march\u00e9 global des v\u00e9hicules \u00e9lectriques continue sa progression aux \u00c9tats-Unis, en Europe et en Chine. Face \u00e0 cette situation pr\u00e9occupante, Elon Musk avance ses explications et promet un avenir plus radieux. Mais qu\u2019en est-il vraiment?<\/p>\n<p>Les raisons de la chute selon Elon Musk<\/p>\n<p>Lors d\u2019une interview accord\u00e9e \u00e0 CNBC, le PDG de Tesla a attribu\u00e9 cette baisse significative \u00e0 un facteur technique : le renouvellement des cha\u00eenes de production pour la version rafra\u00eechie de la <a href=\"https:\/\/rouleur-electrique.fr\/voiture-electrique-tesla\/model-y\/\" target=\"_blank\" rel=\"noopener\">Model Y<\/a>. \u201cPour le premier trimestre, nous avons proc\u00e9d\u00e9 \u00e0 une refonte mondiale des usines pour la Model Y\u201d, a d\u00e9clar\u00e9 Musk. \u201cUne nouvelle version de la Model Y est sortie, ce qui a n\u00e9cessit\u00e9 l\u2019arr\u00eat des usines \u00e0 travers le monde. La Model Y est la voiture la plus vendue au monde, donc nous ne pouvons pas fabriquer de v\u00e9hicules si les usines sont en r\u00e9outillage.\u201d<\/p>\n<p>Selon le milliardaire, le premier trimestre repr\u00e9sente strat\u00e9giquement la p\u00e9riode id\u00e9ale pour ces modifications, co\u00efncidant avec la demande la plus faible de l\u2019ann\u00e9e. Il affirme d\u00e9sormais observer un <strong>rebond significatif de la demande<\/strong>, bien que les chiffres r\u00e9cents racontent une histoire diff\u00e9rente.<\/p>\n<p>Des chiffres qui contredisent l\u2019optimisme affich\u00e9<\/p>\n<p>Les donn\u00e9es de vente d\u2019avril 2025 ne confirment pas les propos enthousiastes du PDG :<\/p>\n<ul class=\"wp-block-list\">\n<li>En Europe, Tesla a enregistr\u00e9 des baisses atteignant <strong>80% dans certains pays<\/strong><\/li>\n<li>En Chine, les ventes ont diminu\u00e9 de <strong>9%<\/strong> alors que le march\u00e9 global des v\u00e9hicules \u00e9lectriques a progress\u00e9 de <strong>38%<\/strong><\/li>\n<\/ul>\n<p>Aux \u00c9tats-Unis, les chiffres pr\u00e9cis d\u2019avril ne sont pas encore disponibles, Tesla ne publiant que des donn\u00e9es trimestrielles. Les analystes de Cox Automotive et S&amp;P Global Mobility travaillent encore sur leurs estimations. N\u00e9anmoins, certains signes ne trompent pas : l\u2019introduction d\u2019une Model Y d\u2019entr\u00e9e de gamme \u00e0 prix r\u00e9duit et un arr\u00eat planifi\u00e9 de la production dans l\u2019usine d\u2019Austin au Texas sugg\u00e8rent que la demande n\u2019est pas aussi florissante que le pr\u00e9tend Musk.<\/p>\n<p>L\u2019impact des prises de position politiques d\u2019Elon Musk<\/p>\n<p>Un facteur majeur de cette d\u00e9saffection pourrait \u00eatre les relations controvers\u00e9es entre Musk et l\u2019ancien pr\u00e9sident Donald Trump, notamment apr\u00e8s un \u00e9pisode m\u00e9diatis\u00e9 impliquant un salut ambigu. Interrog\u00e9 sur l\u2019impact potentiel de ses positions politiques sur l\u2019image de Tesla, le PDG s\u2019est montr\u00e9 d\u00e9sinvolte : \u201cIl y a eu des pour et des contre. Quand vous achetez un produit, dans quelle mesure vous souciez-vous des opinions politiques du PDG, ou savez-vous m\u00eame quelles sont ces opinions?\u201d<\/p>\n<p>Cette posture d\u00e9tach\u00e9e contraste avec les chiffres de vente, qui semblent indiquer que les consommateurs sont plus sensibles aux positions politiques des dirigeants que ne le croit Musk. Le tableau suivant illustre l\u2019\u00e9volution r\u00e9cente des ventes de Tesla par rapport au march\u00e9 global des v\u00e9hicules \u00e9lectriques :<\/p>\n<tr>R\u00e9gion\u00c9volution ventes Tesla (Q1 2025)\u00c9volution march\u00e9 v\u00e9hicules \u00e9lectriques global<\/tr>\n<tr>\n<td>Monde<\/td>\n<td>-13%<\/td>\n<td>+7%*<\/td>\n<\/tr>\n<tr>\n<td>Chine (avril 2025)<\/td>\n<td>-9%<\/td>\n<td>+38%<\/td>\n<\/tr>\n<tr>\n<td>Europe (avril 2025)<\/td>\n<td>Jusqu\u2019\u00e0 -80% selon les pays<\/td>\n<td>+12%*<\/td>\n<\/tr>\n<p>*Estimations moyennes<\/p>\n<p>Les mesures de redressement mises en place<\/p>\n<p>Face \u00e0 cette situation, Tesla n\u2019est pas rest\u00e9 les bras crois\u00e9s. L\u2019entreprise a lanc\u00e9 plusieurs initiatives pour stimuler les ventes :<\/p>\n<ul class=\"wp-block-list\">\n<li>Introduction d\u2019une Model Y moins ch\u00e8re pour attirer une nouvelle client\u00e8le<\/li>\n<li>Mise \u00e0 jour technique des v\u00e9hicules avec de nouvelles fonctionnalit\u00e9s<\/li>\n<li>Ajustements des prix sur plusieurs march\u00e9s cl\u00e9s<\/li>\n<\/ul>\n<p>Ces ajustements strat\u00e9giques s\u2019accompagnent d\u2019un recentrage sur l\u2019efficacit\u00e9 op\u00e9rationnelle. La fermeture temporaire de l\u2019usine d\u2019Austin, si elle t\u00e9moigne d\u2019une demande en berne, permet \u00e9galement d\u2019optimiser les co\u00fbts de production dans un contexte difficile. La question est de savoir si ces mesures suffiront \u00e0 inverser la tendance \u00e0 court terme.<\/p>\n<p>Un tournant historique pour Tesla<\/p>\n<p>Cette p\u00e9riode marque un moment charni\u00e8re dans l\u2019histoire de Tesla. Apr\u00e8s avoir domin\u00e9 le secteur des v\u00e9hicules \u00e9lectriques pendant des ann\u00e9es, la firme d\u2019Elon Musk fait face \u00e0 une concurrence de plus en plus f\u00e9roce. Les constructeurs traditionnels ont rattrap\u00e9 leur retard technologique tout en capitalisant sur leur expertise industrielle et leurs r\u00e9seaux de distribution.<\/p>\n<p>La <strong>baisse de 13% des livraisons mondiales<\/strong> au premier trimestre 2025 repr\u00e9sente la premi\u00e8re contraction significative pour Tesla depuis son av\u00e8nement comme leader du secteur. Cette situation remet en question non seulement la strat\u00e9gie commerciale de l\u2019entreprise, mais aussi sa valorisation boursi\u00e8re, qui reposait en grande partie sur des pr\u00e9visions de croissance continue.<\/p>\n<p>Les r\u00e9sultats du deuxi\u00e8me trimestre 2025, attendus avec impatience, nous diront si le \u201crebond majeur\u201d \u00e9voqu\u00e9 par Elon Musk est r\u00e9el ou s\u2019il s\u2019agit d\u2019un optimisme de fa\u00e7ade. Une chose est certaine : le march\u00e9 des v\u00e9hicules \u00e9lectriques continue de cro\u00eetre, mais Tesla n\u2019en est plus le seul b\u00e9n\u00e9ficiaire.<\/p>\n<p>        <img loading=\"lazy\" decoding=\"async\" alt=\"\" src=\"data:image\/svg+xml,%3Csvg%20xmlns=\" http:=\"\" data-lazy- class=\"avatar avatar-120 photo sab-custom-avatar\" height=\"120\" width=\"120\" data-lazy-src=\"https:\/\/www.europesays.com\/fr\/wp-content\/uploads\/2025\/04\/albert-lecoq_trombi.jpg\"\/>    <\/p>\n<p class=\"wp-block-post-author__name\">R\u00e9dig\u00e9 par Albert Lecoq<\/p>\n<p class=\"wp-block-post-author__bio\"> Sp\u00e9cialiste des guides d&rsquo;achat de voitures \u00e9lectriques, je suis passionn\u00e9 par les nouvelles technologies\u00a0et je suis un fervent partisan de l&rsquo;adoption de la technologie \u00e9lectrique et de la mobilit\u00e9 durable.<\/p>\n<p>\t\t\tR\u00e9agissez \u00e0 l&rsquo;article    <\/p>\n","protected":false},"excerpt":{"rendered":"Actu voiture \u00e9lectrique L\u2019ann\u00e9e 2025 marque un tournant pour Tesla. Apr\u00e8s une d\u00e9cennie de croissance ininterrompue, le constructeur&hellip;\n","protected":false},"author":2,"featured_media":141511,"comment_status":"","ping_status":"","sticky":false,"template":"","format":"standard","meta":{"footnotes":""},"categories":[6],"tags":[26927,26928,35,26929,10890,33,34,1011,27,21822,26930,3239,26931,26932,26933,26934,17904],"class_list":{"0":"post-141510","1":"post","2":"type-post","3":"status-publish","4":"format-standard","5":"has-post-thumbnail","7":"category-economie","8":"tag-amu00e9lioration-de-lefficacitu00e9-opu00e9rationnelle","9":"tag-baisse-de-13","10":"tag-business","11":"tag-chute-des-ventes","12":"tag-concurrence-accrue","13":"tag-economie","14":"tag-economy","15":"tag-fr","16":"tag-france","17":"tag-marchu00e9-des-vu00e9hicules-u00e9lectriques","18":"tag-optimisme","19":"tag-performance","20":"tag-rebond-significatif-de-la-demande","21":"tag-ru00e9duction-des-cou00fbts","22":"tag-ru00e9seau-de-recharge","23":"tag-stratu00e9gie-de-prix","24":"tag-tesla-model-y"},"share_on_mastodon":{"url":"https:\/\/pubeurope.com\/@fr\/114602103594203356","error":""},"_links":{"self":[{"href":"https:\/\/www.europesays.com\/fr\/wp-json\/wp\/v2\/posts\/141510","targetHints":{"allow":["GET"]}}],"collection":[{"href":"https:\/\/www.europesays.com\/fr\/wp-json\/wp\/v2\/posts"}],"about":[{"href":"https:\/\/www.europesays.com\/fr\/wp-json\/wp\/v2\/types\/post"}],"author":[{"embeddable":true,"href":"https:\/\/www.europesays.com\/fr\/wp-json\/wp\/v2\/users\/2"}],"replies":[{"embeddable":true,"href":"https:\/\/www.europesays.com\/fr\/wp-json\/wp\/v2\/comments?post=141510"}],"version-history":[{"count":0,"href":"https:\/\/www.europesays.com\/fr\/wp-json\/wp\/v2\/posts\/141510\/revisions"}],"wp:featuredmedia":[{"embeddable":true,"href":"https:\/\/www.europesays.com\/fr\/wp-json\/wp\/v2\/media\/141511"}],"wp:attachment":[{"href":"https:\/\/www.europesays.com\/fr\/wp-json\/wp\/v2\/media?parent=141510"}],"wp:term":[{"taxonomy":"category","embeddable":true,"href":"https:\/\/www.europesays.com\/fr\/wp-json\/wp\/v2\/categories?post=141510"},{"taxonomy":"post_tag","embeddable":true,"href":"https:\/\/www.europesays.com\/fr\/wp-json\/wp\/v2\/tags?post=141510"}],"curies":[{"name":"wp","href":"https:\/\/api.w.org\/{rel}","templated":true}]}}