{"id":141514,"date":"2025-05-31T11:02:09","date_gmt":"2025-05-31T11:02:09","guid":{"rendered":"https:\/\/www.europesays.com\/fr\/141514\/"},"modified":"2025-05-31T11:02:09","modified_gmt":"2025-05-31T11:02:09","slug":"rassemblement-international-dhydravions-de-biscarrosse-%c2%b7-rihb-2025","status":"publish","type":"post","link":"https:\/\/www.europesays.com\/fr\/141514\/","title":{"rendered":"Rassemblement International d\u2019Hydravions de Biscarrosse \u00b7 RIHB 2025 &#8211;"},"content":{"rendered":"<p><strong>Une m\u00e9moire vivante de l\u2019hydraviation<\/strong><\/p>\n<p>Chaque deux ans, Biscarrosse redevient le th\u00e9\u00e2tre d\u2019un ballet a\u00e9rien rare. Le Rassemblement International d\u2019Hydravions ne se contente pas d\u2019exposer des machines volantes sur l\u2019eau : il ressuscite l\u2019histoire d\u2019un pan entier de l\u2019aviation, celui des avions capables de d\u00e9coller et d\u2019amerrir sur des plans d\u2019eau.<\/p>\n<p>Ce rendez-vous unique en Europe s\u2019inscrit dans une tradition h\u00e9rit\u00e9e directement des ateliers de Lat\u00e9co\u00e8re, install\u00e9s \u00e0 Biscarrosse au d\u00e9but du XX\u1d49 si\u00e8cle. C\u2019est ici que furent test\u00e9s les mythiques Lat\u00e9 28, 521 ou 631. Des hydravions de transport postal ou de passagers, qui traversaient l\u2019Atlantique sans GPS, ni radar.<\/p>\n<p>C\u2019est donc un haut lieu de la conqu\u00eate a\u00e9rienne qui ouvre ses portes \u00e0 des milliers de curieux, de passionn\u00e9s, mais aussi de jeunes scientifiques en qu\u00eate d\u2019inspiration.<\/p>\n<p><strong>Des a\u00e9ronefs exceptionnels au-dessus du lac<\/strong><\/p>\n<p>Durant tout le week-end, les spectateurs peuvent observer de pr\u00e8s une flotte d\u2019appareils tr\u00e8s vari\u00e9s. Certains datent de la Seconde Guerre mondiale, comme le DC3 Dakota ou le Spitfire. D\u2019autres sont plus modernes, tel le Rafale de l\u2019arm\u00e9e de l\u2019air ou encore le c\u00e9l\u00e8bre OV-10 Bronco.<\/p>\n<p>Mais les v\u00e9ritables vedettes restent les hydravions. Le mythique Catalina, appareil amphibie de patrouille maritime, effectue plusieurs d\u00e9monstrations en vol. Le Beaver canadien, reconnaissable \u00e0 son allure trapue et \u00e0 sa capacit\u00e9 de d\u00e9collage court, suscite l\u2019admiration des plus jeunes.<\/p>\n<p><strong>Chaque passage est accompagn\u00e9 d\u2019un commentaire technique<\/strong>, expliquant les particularit\u00e9s a\u00e9rodynamiques ou historiques de l\u2019appareil pr\u00e9sent\u00e9. On apprend pourquoi certaines ailes sont plac\u00e9es hautes, comment un flotteur peut stabiliser l\u2019engin, ou encore \u00e0 quoi sert une h\u00e9lice quadripale.<\/p>\n<p>Liste des avions pr\u00e9sents au\u00a0Rassemblement International d\u2019Hydravions de Biscarrosse \u00b7 RIHB 2025<\/p>\n<p><strong>\u2013 Un PBY Catalina anglais<\/strong><br \/><strong>\u2013 Un Beaver su\u00e9dois<\/strong><br \/><strong>\u2013 Un Bronco<\/strong><br \/><strong>\u2013 Un Spitfire<\/strong><br \/><strong>\u2013 Un Breguet XIV<\/strong><br \/><strong>\u2013 Un Tracker T15<\/strong><br \/><strong>\u2013 Un DC3 Dakota<\/strong><br \/><strong>\u2013 Le seul Junker Ju52<\/strong><br \/><strong>\u2013 Un Yak 3<br \/><\/strong><strong>\u2013 Show de l\u2019\u00e9quipe de voltige de l\u2019Arm\u00e9e de l\u2019Air<br \/>\u2013 Rafale de l\u2019arm\u00e9e de l\u2019air<\/strong><\/p>\n<p><strong>Des conf\u00e9rences pour comprendre l\u2019a\u00e9rien autrement<\/strong><\/p>\n<p>L\u2019\u00e9v\u00e9nement ne se limite pas \u00e0 regarder les avions voler. Il propose un <strong>programme dense de conf\u00e9rences<\/strong>, con\u00e7ues pour \u00e9clairer le public sur les enjeux techniques, environnementaux ou patrimoniaux de l\u2019hydraviation.<\/p>\n<p>On y parle de la reconstruction d\u2019un Lat\u00e9co\u00e8re 28, un projet d\u2019arch\u00e9ologie industrielle qui mobilise ing\u00e9nieurs, historiens et artisans. On y \u00e9voque aussi les perspectives de l\u2019aviation d\u00e9carbon\u00e9e, avec l\u2019intervention attendue de Bertrand Piccard, pionnier du vol solaire.<\/p>\n<p>Une autre conf\u00e9rence passionnante revient sur le projet Flying Whales, dirig\u00e9 depuis la Nouvelle-Aquitaine. Ce programme vise \u00e0 d\u00e9velopper un dirigeable cargo capable de transporter plusieurs dizaines de tonnes en zones isol\u00e9es, tout en r\u00e9duisant les \u00e9missions de CO\u2082.<\/p>\n<p><strong>Ces conf\u00e9rences sont adapt\u00e9es \u00e0 tous les publics, y compris aux lyc\u00e9ens<\/strong>, avec une vulgarisation scientifique rigoureuse et sans simplification excessive.<\/p>\n<p><strong>Programme du Rassemblement International d\u2019Hydravions de Biscarrosse \u00b7 RIHB 2025<\/strong><\/p>\n<p>Samedi 31 MAI<\/p>\n<ul>\n<li>10h00 \u2013 Ouverture du site<\/li>\n<li>10h30 \u2013 11h30 : Conf\u00e9rence Historique : L\u2019\u00e9mergence des hydravions \u00e0 coque par Fr\u00e9d\u00e9ric Gravier<\/li>\n<li>11h00 \u2013 18h30 : Atelier artistique Enfant<\/li>\n<li>11h30 \u2013 12h30 : Conf\u00e9rence Patrimoniale : Reconstruction d\u2019un Lat\u00e9co\u00e8re 28-3 par Alain Gaboriaud<\/li>\n<li>12h00 : D\u00e9ambulation d\u2019\u00e9chassiers de l\u2019Association Les H\u00e9rons du Lac<\/li>\n<li>11h45 \u2013 12h30 \/ 12h45-13h30 : Concert La Banda 7<\/li>\n<li>13h30 \u2013 18h45 : Show a\u00e9rien<\/li>\n<li>18h45 \u2013 19h00 : D\u00e9dicaces des pilotes<\/li>\n<li>19h00 \u2013 21h00 : Concert We Funk<\/li>\n<li>21h30 : Show sunset<\/li>\n<li>22h00 : Spectacle de drones<\/li>\n<li>22h15 : Feu d\u2019artifice<\/li>\n<li>Fermeture du site<\/li>\n<\/ul>\n<p>Dimanche 1ER JUIN<\/p>\n<ul>\n<li>10h00 \u2013 Ouverture du site<\/li>\n<li>10h30 \u2013 11h30 : Conf\u00e9rence Environnementale : Bertrand Piccard, l\u2019aviation d\u00e9carbon\u00e9e<\/li>\n<li>11h00 \u2013 18h30 : Atelier artistique Enfant<\/li>\n<li>11h00 \u2013 11h30 : Concert d\u00e9ambulatoire : La Banda Bisca<\/li>\n<li>11h30 \u2013 12h30 : Conf\u00e9rence Economique : Un projet r\u00e9gional innovant, Flying Whales<\/li>\n<li>12h00 : D\u00e9ambulation d\u2019\u00e9chassiers de l\u2019Association Lous Esquirous<\/li>\n<li>11h45 \u2013 12h30 \/ 12h45-13h30 : Concert : Crazy Dolls and the Bollocks<\/li>\n<li>13h30 \u2013 18h45 : Show a\u00e9rien<\/li>\n<li>Fermeture du site<\/li>\n<\/ul>\n<p><img fetchpriority=\"high\" decoding=\"async\" class=\"alignnone wp-image-25308 size-full webpexpress-processed\" src=\"data:image\/svg+xml,%3Csvg%20xmlns=\" http:=\"\" alt=\"Programme du Rassemblement International d\u2019Hydravions de Biscarrosse \u00b7 RIHB 2025\" width=\"1414\" height=\"2000\" data-lazy- data-lazy- data-lazy-src=\"https:\/\/www.europesays.com\/fr\/wp-content\/uploads\/2025\/05\/Programme-du-Rassemblement-International-dHydravions-de-Biscarrosse-\u00b7-RIHB-2025.jpg.webp.webp\"\/><\/p>\n<p><strong>Une immersion ludique et p\u00e9dagogique<\/strong><\/p>\n<p>Pour celles et ceux qui pr\u00e9f\u00e8rent manipuler plut\u00f4t qu\u2019\u00e9couter, le site offre une large palette d\u2019animations : simulateurs de vol Rafale ou Mirage III, ateliers artistiques, structures gonflables, stands interactifs.<\/p>\n<p>Des associations a\u00e9ronautiques pr\u00e9sentent des maquettes, des instruments de bord, ou encore les principes de navigation \u00e0 l\u2019estime, utilis\u00e9s autrefois par les pilotes de l\u2019A\u00e9ropostale.<\/p>\n<p><strong>Un timbre sp\u00e9cial \u201cPremier jour\u201d est m\u00eame \u00e9mis pour l\u2019occasion<\/strong>, en hommage aux pionniers de l\u2019a\u00e9rien postal. Il est achemin\u00e9 symboliquement par un Breguet XIV, l\u2019un des avions utilis\u00e9s sur la ligne Toulouse-Dakar.<\/p>\n<p><strong>Une logistique pens\u00e9e pour l\u2019accessibilit\u00e9<\/strong><\/p>\n<p>Le site est accessible \u00e0 tous : personnes \u00e0 mobilit\u00e9 r\u00e9duite, cyclistes, familles. Des navettes gratuites permettent de rejoindre les zones d\u2019animation depuis le centre-ville de Biscarrosse.<\/p>\n<p>La circulation automobile est encadr\u00e9e, avec plusieurs parkings d\u00e9di\u00e9s. Sur place, foodtrucks, stands de restauration et espaces ombrag\u00e9s permettent de passer la journ\u00e9e sans interruption.<\/p>\n<p>Le mus\u00e9e de l\u2019Hydraviation reste ouvert pendant tout l\u2019\u00e9v\u00e9nement, avec une exposition immersive baptis\u00e9e \u201cPoste restante\u201d, con\u00e7ue comme un voyage dans les escales de l\u2019A\u00e9ropostale.<\/p>\n<p><strong>Une exp\u00e9rience unique \u00e0 ciel ouvert<\/strong><\/p>\n<p>En fin de journ\u00e9e, le programme ne s\u2019arr\u00eate pas. Un show a\u00e9rien au coucher du soleil, suivi d\u2019un spectacle de drones lumineux et d\u2019un feu d\u2019artifice, vient clore le samedi.<\/p>\n<p>L\u2019ensemble de la manifestation est gratuit, et sa richesse en fait un <strong>v\u00e9ritable laboratoire de d\u00e9couverte pour les \u00e9l\u00e8ves de sp\u00e9cialit\u00e9 sciences<\/strong>, entre a\u00e9rodynamique appliqu\u00e9e, \u00e9coconception et ing\u00e9nierie historique.<\/p>\n<p><strong>\u00c0 Biscarrosse, les avions ne sont pas seulement des machines. Ce sont des fragments d\u2019Histoire, des concentr\u00e9s de physique et de m\u00e9canique, en mouvement dans l\u2019air.<\/strong><\/p>\n","protected":false},"excerpt":{"rendered":"Une m\u00e9moire vivante de l\u2019hydraviation Chaque deux ans, Biscarrosse redevient le th\u00e9\u00e2tre d\u2019un ballet a\u00e9rien rare. Le Rassemblement&hellip;\n","protected":false},"author":2,"featured_media":141515,"comment_status":"","ping_status":"","sticky":false,"template":"","format":"standard","meta":{"footnotes":""},"categories":[4],"tags":[11,37,1011,27,12,25],"class_list":{"0":"post-141514","1":"post","2":"type-post","3":"status-publish","4":"format-standard","5":"has-post-thumbnail","7":"category-france","8":"tag-actualites","9":"tag-avion","10":"tag-fr","11":"tag-france","12":"tag-news","13":"tag-republique-francaise"},"share_on_mastodon":{"url":"https:\/\/pubeurope.com\/@fr\/114602111412251118","error":""},"_links":{"self":[{"href":"https:\/\/www.europesays.com\/fr\/wp-json\/wp\/v2\/posts\/141514","targetHints":{"allow":["GET"]}}],"collection":[{"href":"https:\/\/www.europesays.com\/fr\/wp-json\/wp\/v2\/posts"}],"about":[{"href":"https:\/\/www.europesays.com\/fr\/wp-json\/wp\/v2\/types\/post"}],"author":[{"embeddable":true,"href":"https:\/\/www.europesays.com\/fr\/wp-json\/wp\/v2\/users\/2"}],"replies":[{"embeddable":true,"href":"https:\/\/www.europesays.com\/fr\/wp-json\/wp\/v2\/comments?post=141514"}],"version-history":[{"count":0,"href":"https:\/\/www.europesays.com\/fr\/wp-json\/wp\/v2\/posts\/141514\/revisions"}],"wp:featuredmedia":[{"embeddable":true,"href":"https:\/\/www.europesays.com\/fr\/wp-json\/wp\/v2\/media\/141515"}],"wp:attachment":[{"href":"https:\/\/www.europesays.com\/fr\/wp-json\/wp\/v2\/media?parent=141514"}],"wp:term":[{"taxonomy":"category","embeddable":true,"href":"https:\/\/www.europesays.com\/fr\/wp-json\/wp\/v2\/categories?post=141514"},{"taxonomy":"post_tag","embeddable":true,"href":"https:\/\/www.europesays.com\/fr\/wp-json\/wp\/v2\/tags?post=141514"}],"curies":[{"name":"wp","href":"https:\/\/api.w.org\/{rel}","templated":true}]}}