{"id":141516,"date":"2025-05-31T11:03:13","date_gmt":"2025-05-31T11:03:13","guid":{"rendered":"https:\/\/www.europesays.com\/fr\/141516\/"},"modified":"2025-05-31T11:03:13","modified_gmt":"2025-05-31T11:03:13","slug":"info-rtl-paris-le-memorial-de-la-shoah-et-trois-synagogues-touches-par-des-jets-de-peinture","status":"publish","type":"post","link":"https:\/\/www.europesays.com\/fr\/141516\/","title":{"rendered":"INFO RTL &#8211; Paris : le m\u00e9morial de la Shoah et trois synagogues touch\u00e9s par des jets de peinture"},"content":{"rendered":"<p class=\"article-p mdl\">Cinq \u00e9tablissements en lien avec la communaut\u00e9 juive ont \u00e9t\u00e9 la cible de <strong>d\u00e9gradations<\/strong>, dans la nuit du vendredi 30 au samedi 31 mai, dans le quartier du Marais, au centre de la capitale, a appris RTL de source polici\u00e8re. Le M\u00e9morial de la Shoah, la synagogue de Belleville, la synagogue des Tournelles, le restaurant \u00ab\u00a0Chez Marianne\u00a0\u00bb et la synagogue Agoudas Hakhelios ont \u00e9t\u00e9 d\u00e9grad\u00e9s par des jets de peinture verte.<\/p>\n<p class=\"article-p mdl\">Les faits ont \u00e9t\u00e9 d\u00e9couverts par les forces de l\u2019ordre lors de leur patrouille aux alentours de 5h15 du matin. Une relecture des images de vid\u00e9osurveillance du M\u00e9morial de la Shoah a r\u00e9v\u00e9l\u00e9 qu\u2019un i<strong>ndividu v\u00eatu de noir a \u00e9t\u00e9 film\u00e9 en train de taguer les lieux<\/strong> vers 4h35 du matin.<\/p>\n<p class=\"article-p mdl\">Au pied de la fa\u00e7ade du restaurant \u00ab\u00a0Chez Marianne\u00a0\u00bb,\u00a0un pot de peinture verte entam\u00e9 a \u00e9t\u00e9 retrouv\u00e9\u00a0sur place. Ces attaques n\u2019ont pas encore fait l\u2019objet d\u2019un motif revendiqu\u00e9.<\/p>\n<p class=\"article-p mdl\">De son c\u00f4t\u00e9, Arthur Weil, <strong>Maire de Paris Centre<\/strong>, s&rsquo;est exprim\u00e9 sur X, estimant que\u00a0\u00ab\u00a0les actes &lsquo;militants&rsquo;, on sait o\u00f9 \u00e7a commence, pas o\u00f9 \u00e7a finit\u00a0\u00bb.<\/p>\n<blockquote class=\"twitter-tweet\">\n<p lang=\"fr\" dir=\"ltr\">Apr\u00e8s la peinture rouge, la peinture verte. Cette fois, le geste est plus pr\u00e9cis : m\u00e9morial de la Shoah, synagogues et restaurant \u00ab juif \u00bb. Apr\u00e8s tout, ce n\u2019est que du patrimoine. Et \u00e7a va s\u00fbrement sauver des vies. Les actes \u00ab militants \u00bb, on sait o\u00f9 \u00e7a commence, pas o\u00f9 \u00e7a finit. <a href=\"https:\/\/t.co\/frKQV7CQq3\">pic.twitter.com\/frKQV7CQq3<\/a><\/p>\n<p>\u2014 Ariel Weil (@ArielWeilT) <a href=\"https:\/\/twitter.com\/ArielWeilT\/status\/1928743056813047893?ref_src=twsrc%5Etfw\" target=\"_blank\" rel=\"noopener\">May 31, 2025<\/a><\/p><\/blockquote>\n<p>    La r\u00e9daction vous recommande<\/p>\n<p class=\"s-newsletter__title\">\n                L\u2019actualit\u00e9 par la r\u00e9daction de RTL dans votre bo\u00eete mail.\n            <\/p>\n<p class=\"s-newsletter__subtitle\">\n                Gr\u00e2ce \u00e0 votre compte RTL abonnez-vous \u00e0 la newsletter RTL info pour suivre toute l&rsquo;actualit\u00e9 au quotidien\n            <\/p>\n<p>\n                                    Lire la suite\n                                <\/p>\n<p>                            <script async src=\"https:\/\/platform.twitter.com\/widgets.js\" charset=\"utf-8\"><\/script><\/p>\n","protected":false},"excerpt":{"rendered":"Cinq \u00e9tablissements en lien avec la communaut\u00e9 juive ont \u00e9t\u00e9 la cible de d\u00e9gradations, dans la nuit du&hellip;\n","protected":false},"author":2,"featured_media":141517,"comment_status":"","ping_status":"","sticky":false,"template":"","format":"standard","meta":{"footnotes":""},"categories":[2],"tags":[11,6155,107,1011,27,17198,12,626,1072,10775,11942],"class_list":{"0":"post-141516","1":"post","2":"type-post","3":"status-publish","4":"format-standard","5":"has-post-thumbnail","7":"category-actualites","8":"tag-actualites","9":"tag-antisemitisme","10":"tag-fil-info","11":"tag-fr","12":"tag-france","13":"tag-juifs","14":"tag-news","15":"tag-paris","16":"tag-police","17":"tag-shoah","18":"tag-vandalisme"},"share_on_mastodon":{"url":"https:\/\/pubeurope.com\/@fr\/114602115331690081","error":""},"_links":{"self":[{"href":"https:\/\/www.europesays.com\/fr\/wp-json\/wp\/v2\/posts\/141516","targetHints":{"allow":["GET"]}}],"collection":[{"href":"https:\/\/www.europesays.com\/fr\/wp-json\/wp\/v2\/posts"}],"about":[{"href":"https:\/\/www.europesays.com\/fr\/wp-json\/wp\/v2\/types\/post"}],"author":[{"embeddable":true,"href":"https:\/\/www.europesays.com\/fr\/wp-json\/wp\/v2\/users\/2"}],"replies":[{"embeddable":true,"href":"https:\/\/www.europesays.com\/fr\/wp-json\/wp\/v2\/comments?post=141516"}],"version-history":[{"count":0,"href":"https:\/\/www.europesays.com\/fr\/wp-json\/wp\/v2\/posts\/141516\/revisions"}],"wp:featuredmedia":[{"embeddable":true,"href":"https:\/\/www.europesays.com\/fr\/wp-json\/wp\/v2\/media\/141517"}],"wp:attachment":[{"href":"https:\/\/www.europesays.com\/fr\/wp-json\/wp\/v2\/media?parent=141516"}],"wp:term":[{"taxonomy":"category","embeddable":true,"href":"https:\/\/www.europesays.com\/fr\/wp-json\/wp\/v2\/categories?post=141516"},{"taxonomy":"post_tag","embeddable":true,"href":"https:\/\/www.europesays.com\/fr\/wp-json\/wp\/v2\/tags?post=141516"}],"curies":[{"name":"wp","href":"https:\/\/api.w.org\/{rel}","templated":true}]}}