{"id":141518,"date":"2025-05-31T11:04:10","date_gmt":"2025-05-31T11:04:10","guid":{"rendered":"https:\/\/www.europesays.com\/fr\/141518\/"},"modified":"2025-05-31T11:04:10","modified_gmt":"2025-05-31T11:04:10","slug":"saint-etienne-sourire-en-stock-un-nouveau-magasin-de-cadeaux-et-accessoires-a-petits-prix-a-dorian","status":"publish","type":"post","link":"https:\/\/www.europesays.com\/fr\/141518\/","title":{"rendered":"Saint-\u00c9tienne. Sourire en stock, un nouveau magasin de cadeaux et accessoires \u00e0 petits prix \u00e0 Dorian"},"content":{"rendered":"<p>Avec l\u2019ouverture de son magasin Sourire en stock, Aurore Gibaja r\u00e9alise enfin son r\u00eave. \u00ab\u00a0Apr\u00e8s dix-sept ann\u00e9es dans le commerce, j\u2019avais tr\u00e8s envie de me lancer dans l\u2019entrepreneuriat\u00a0\u00bb, explique la jeune femme de 37 ans, qui s\u2019est forg\u00e9 une exp\u00e9rience chez Leclerc, Flying Tiger, Chaussexpo\u2026<\/p>\n<p>\u00ab\u00a0J\u2019ai fait le tour des grandes enseignes et j\u2019avais besoin d\u2019autre chose, mais toujours dans le commerce. Je me suis dit qu\u2019il \u00e9tait temps de me lancer.\u00a0\u00bb<\/p>\n<p>  \u00ab\u00a0J\u2019ai \u00e9t\u00e9 s\u00e9duite par cette ville \u00e0 taille humaine\u00a0\u00bb<\/p>\n<p>Originaire de S\u00e8te, dans l\u2019H\u00e9rault, dont elle a gard\u00e9 l\u2019accent chantant, Aurore Gibaja a d\u00e9barqu\u00e9 \u00e0 Saint-\u00c9tienne il y a sept ans. \u00ab\u00a0J\u2019ai \u00e9t\u00e9 s\u00e9duite par cette ville \u00e0 taille humaine, o\u00f9 j\u2019ai \u00e9t\u00e9 tr\u00e8s bien accueillie. La preuve, j\u2019y suis rest\u00e9e, et je me suis m\u00eame mari\u00e9e \u00e0 un St\u00e9phanois.\u00a0\u00bb<\/p>\n<p>\u00c0 la recherche d\u2019un local commercial vide, en centre-ville (\u00ab\u00a0Je ne suis pas du tout attir\u00e9e par les centres commerciaux\u00a0\u00bb) elle a\u00a0rep\u00e9r\u00e9, en novembre dernier, celui du 1 rue Camille-Colard, \u00ab\u00a0id\u00e9alement situ\u00e9\u00a0\u00bb. Aurore Gibaja a sign\u00e9 un bail de trois ans avec le propri\u00e9taire, qui s\u2019est \u00e9galement charg\u00e9 de refaire la vitrine.<\/p>\n<p>\u00ab\u00a0Avec la <a href=\"https:\/\/www.leprogres.fr\/economie\/2025\/01\/24\/la-rue-du-general-foy-enregistre-une-nouvelle-fermeture-avec-claire-s\" target=\"_blank\" rel=\"nofollow noopener\">fermeture du magasin Claire\u2019s<\/a> de la rue du G\u00e9n\u00e9ral-Foy en janvier, j\u2019ai pens\u00e9 qu\u2019il \u00e9tait opportun de proposer la m\u00eame gamme de produits, \u00e0 plus petite \u00e9chelle\u00a0\u00bb, explique-t-elle.<\/p>\n<p>  Diddl Forever en octobre prochain<\/p>\n<p>Dans sa boutique tr\u00e8s lumineuse et color\u00e9e, on peut trouver des id\u00e9es de cadeaux \u00e0 petits prix\u00a0: de 2 \u00e0 40\u00a0euros. Des gadgets, de la papeterie, des cosm\u00e9tiques, des accessoires de mode pour petits et grands, de la petite d\u00e9coration, des bougies, et m\u00eame un peu de bagageries. Le tout dans des formes et des gammes aux couleurs attrayantes et joyeuses.<\/p>\n<p>\u00ab\u00a0Les produits vont souvent changer, en fonction des saisons.\u00a0\u00bb En octobre prochain, Sourire en stock fera rentrer dans ses rayons la marque iconique des ann\u00e9es 1990, celle de la petite souris aux grandes oreilles, Diddl, dont les produits sont de nouveau commercialis\u00e9s sous la marque Diddl Forever. \u00ab\u00a0Je proposerai toute la gamme\u00a0\u00bb, indique Aurore Gibaja.<\/p>\n","protected":false},"excerpt":{"rendered":"Avec l\u2019ouverture de son magasin Sourire en stock, Aurore Gibaja r\u00e9alise enfin son r\u00eave. \u00ab\u00a0Apr\u00e8s dix-sept ann\u00e9es dans&hellip;\n","protected":false},"author":2,"featured_media":141519,"comment_status":"","ping_status":"","sticky":false,"template":"","format":"standard","meta":{"footnotes":""},"categories":[9653],"tags":[1111,11,2430,4406,33,7539,1777,674,1011,27,12,25,4001,7538],"class_list":{"0":"post-141518","1":"post","2":"type-post","3":"status-publish","4":"format-standard","5":"has-post-thumbnail","7":"category-saint-etienne","8":"tag-actu","9":"tag-actualites","10":"tag-auvergne-rhone-alpes","11":"tag-commerce-et-services","12":"tag-economie","13":"tag-edition-loire-sud","14":"tag-eu","15":"tag-europe","16":"tag-fr","17":"tag-france","18":"tag-news","19":"tag-republique-francaise","20":"tag-saint-etienne","21":"tag-saint-etienne-ville"},"share_on_mastodon":{"url":"https:\/\/pubeurope.com\/@fr\/114602119804753978","error":""},"_links":{"self":[{"href":"https:\/\/www.europesays.com\/fr\/wp-json\/wp\/v2\/posts\/141518","targetHints":{"allow":["GET"]}}],"collection":[{"href":"https:\/\/www.europesays.com\/fr\/wp-json\/wp\/v2\/posts"}],"about":[{"href":"https:\/\/www.europesays.com\/fr\/wp-json\/wp\/v2\/types\/post"}],"author":[{"embeddable":true,"href":"https:\/\/www.europesays.com\/fr\/wp-json\/wp\/v2\/users\/2"}],"replies":[{"embeddable":true,"href":"https:\/\/www.europesays.com\/fr\/wp-json\/wp\/v2\/comments?post=141518"}],"version-history":[{"count":0,"href":"https:\/\/www.europesays.com\/fr\/wp-json\/wp\/v2\/posts\/141518\/revisions"}],"wp:featuredmedia":[{"embeddable":true,"href":"https:\/\/www.europesays.com\/fr\/wp-json\/wp\/v2\/media\/141519"}],"wp:attachment":[{"href":"https:\/\/www.europesays.com\/fr\/wp-json\/wp\/v2\/media?parent=141518"}],"wp:term":[{"taxonomy":"category","embeddable":true,"href":"https:\/\/www.europesays.com\/fr\/wp-json\/wp\/v2\/categories?post=141518"},{"taxonomy":"post_tag","embeddable":true,"href":"https:\/\/www.europesays.com\/fr\/wp-json\/wp\/v2\/tags?post=141518"}],"curies":[{"name":"wp","href":"https:\/\/api.w.org\/{rel}","templated":true}]}}