{"id":14152,"date":"2025-04-10T04:05:10","date_gmt":"2025-04-10T04:05:10","guid":{"rendered":"https:\/\/www.europesays.com\/fr\/14152\/"},"modified":"2025-04-10T04:05:10","modified_gmt":"2025-04-10T04:05:10","slug":"chez-lea-salame-michel-drucker-jaloux-il-ne-va-pas-se-faire-que-des-amis","status":"publish","type":"post","link":"https:\/\/www.europesays.com\/fr\/14152\/","title":{"rendered":"\u201cChez L\u00e9a Salam\u00e9\u2026\u201d : Michel Drucker jaloux, il ne va pas se faire que des amis"},"content":{"rendered":"<p>\u00a0A 82 ans, <strong>Michel Drucker est un animateur<br \/>\nembl\u00e9matique de la t\u00e9l\u00e9vision.<\/strong> Apr\u00e8s des d\u00e9cennies \u00e0<br \/>\nl\u2019antenne, le pr\u00e9sentateur de France T\u00e9l\u00e9visions est toujours aux<br \/>\ncommandes de Vivement Dimanche.<\/p>\n<p>Le 2 avril dernier, il a \u00e9galement d\u00e9voil\u00e9 une autobiographie<br \/>\nbaptis\u00e9e Avec le temps, d\u00e9voil\u00e9e par aux \u00e9ditions Albin<br \/>\nMichel. Interrog\u00e9 par nos confr\u00e8res de T\u00e9l\u00e9 7 jours, le<br \/>\npr\u00e9sentateur est revenu sur une image qui lui colle \u00e0 la peau,<br \/>\ncelle de l\u2019\u201danimateur gentil\u201d et du \u201ccireur de<br \/>\npompes\u201d. Il explique alors avoir \u00e9t\u00e9 \u201cbless\u00e9\u201d. \u00ab\u00a0Cela me<br \/>\nfait de la peine. <strong>Ils font leur promo sur mon<br \/>\ncanap\u00e9<\/strong> et, une fois partis, disent du mal de<br \/>\nl&rsquo;\u00e9mission\u00a0\u00bb, confie le mari de Dany Saval.\u00a0<\/p>\n<p>Michel Drucker n&rsquo;h\u00e9site pas \u00e0 pousser un gros coup de<br \/>\ngueule<\/p>\n<p>Et il n\u2019h\u00e9site pas \u00e0 mettre les pieds dans le plat : \u00ab\u00a0Ce qui<br \/>\nm\u2019\u00e9nerve, ce sont les attach\u00e9s de presse qui me disent que<br \/>\nl&rsquo;artiste ne peut pas venir chez moi parce qu&rsquo;il n&rsquo;est pas \u00e0 Paris,<br \/>\nalors que je l&rsquo;ai vu, <strong>la veille, chez L\u00e9a Salam\u00e9<br \/>\n!\u00a0\u00bb<\/strong>, dit-il en faisant r\u00e9f\u00e9rence <a href=\"https:\/\/www.closermag.fr\/tv_tele_realite\/vous-bandez-michel-drucker-rit-jaune-dans-dans-quelle-epoque-lea-salame-ne-sait-plus-ou-se-mettre-3534768\" target=\"_blank\" rel=\"noopener\"><br \/>\n\u00e0 l&rsquo;\u00e9mission Quelle \u00e9poque !.<\/a><\/p>\n<p>Et selon ses dires, des personnalit\u00e9s ont tendance \u00e0 oublier<br \/>\ntout le bien que <a href=\"https:\/\/www.closermag.fr\/people\/cest-un-michel-drucker-a-un-avis-bien-tranche-sur-laurent-ruquier-et-il-ny-va-pas-par-quatre-chemins-3534826\" target=\"_blank\" rel=\"noopener\"><br \/>\nMichel Drucker<\/a> a pu lui faire au d\u00e9but de leur carri\u00e8re :<br \/>\n\u00ab\u00a0Certains oublient que j&rsquo;ai lanc\u00e9 leur carri\u00e8re, mais c&rsquo;est le<br \/>\njeu. <strong>J&rsquo;ai un public de seniors,<\/strong> je ne suis plus un<br \/>\njeune homme\u00a0\u00bb. Celui qui a subi de lourds probl\u00e8mes de sant\u00e9,<br \/>\naimerait alors voir un peu plus de bienveillance dans le regard des<br \/>\nartistes, lui qui voit sa carri\u00e8re se terminer.\u00a0<\/p>\n<p>L&rsquo;animateur se confie sur son \u00e9tat de<br \/>\nsant\u00e9<\/p>\n<p>En toute transparence, Michel Drucker a d\u00e9voil\u00e9 : \u201cJ&rsquo;ai<br \/>\ndepuis mes d\u00e9buts cette obsession de durer. Aujourd&rsquo;hui, je suis le<br \/>\npremier surpris d&rsquo;\u00eatre toujours l\u00e0 apr\u00e8s soixante ans de carri\u00e8re.<br \/>\nProfessionnellement, j&rsquo;ai fait en sorte de durer, en adoptant<br \/>\n<strong>une hygi\u00e8ne de vie assez stricte<\/strong> : je ne sors pas<br \/>\nle soir, je ne bois pas d&rsquo;alcool ni ne fume, je mange \u00e9quilibr\u00e9,<br \/>\nfais de l&rsquo;exercice physique tous les jours\u201d a-t-il expliqu\u00e9 \u00e0<br \/>\nLa D\u00e9p\u00eache.<\/p>\n<p>L\u2019animateur se doit alors de <a href=\"https:\/\/www.closermag.fr\/people\/meme-si-ca-ne-se-voit-pas-a-lantenne-michel-drucker-transfigure-par-ses-graves-problemes-de-sante-3533898\" target=\"_blank\" rel=\"noopener\"><br \/>\nfaire attention \u00e0 sa sant\u00e9.<\/a> \u201cJe reste physiquement et<br \/>\nintellectuellement fatigu\u00e9. <strong>Je me m\u00e9nage donc<br \/>\ndavantage<\/strong> : je travaille plus de chez moi, je reste en<br \/>\nfamille, je vois les spectacles en matin\u00e9e, je fais du rameur et<br \/>\nplus de v\u00e9lo sur les routes, car c&rsquo;est plus risqu\u00e9. Mais pour les<br \/>\nchirurgiens, je suis Terminator. (&#8230;) Sans cette discipline, je ne<br \/>\nserai sans doute plus l\u00e0\u201d.<\/p>\n","protected":false},"excerpt":{"rendered":"\u00a0A 82 ans, Michel Drucker est un animateur embl\u00e9matique de la t\u00e9l\u00e9vision. Apr\u00e8s des d\u00e9cennies \u00e0 l\u2019antenne, le&hellip;\n","protected":false},"author":2,"featured_media":14153,"comment_status":"","ping_status":"","sticky":false,"template":"","format":"standard","meta":{"footnotes":""},"categories":[1359],"tags":[548,58,59,1011,27,3806,877,973],"class_list":{"0":"post-14152","1":"post","2":"type-post","3":"status-publish","4":"format-standard","5":"has-post-thumbnail","7":"category-people","8":"tag-article-simple","9":"tag-divertissement","10":"tag-entertainment","11":"tag-fr","12":"tag-france","13":"tag-lea-salame","14":"tag-michel-drucker","15":"tag-people"},"share_on_mastodon":{"url":"https:\/\/pubeurope.com\/@fr\/114311693777832331","error":""},"_links":{"self":[{"href":"https:\/\/www.europesays.com\/fr\/wp-json\/wp\/v2\/posts\/14152","targetHints":{"allow":["GET"]}}],"collection":[{"href":"https:\/\/www.europesays.com\/fr\/wp-json\/wp\/v2\/posts"}],"about":[{"href":"https:\/\/www.europesays.com\/fr\/wp-json\/wp\/v2\/types\/post"}],"author":[{"embeddable":true,"href":"https:\/\/www.europesays.com\/fr\/wp-json\/wp\/v2\/users\/2"}],"replies":[{"embeddable":true,"href":"https:\/\/www.europesays.com\/fr\/wp-json\/wp\/v2\/comments?post=14152"}],"version-history":[{"count":0,"href":"https:\/\/www.europesays.com\/fr\/wp-json\/wp\/v2\/posts\/14152\/revisions"}],"wp:featuredmedia":[{"embeddable":true,"href":"https:\/\/www.europesays.com\/fr\/wp-json\/wp\/v2\/media\/14153"}],"wp:attachment":[{"href":"https:\/\/www.europesays.com\/fr\/wp-json\/wp\/v2\/media?parent=14152"}],"wp:term":[{"taxonomy":"category","embeddable":true,"href":"https:\/\/www.europesays.com\/fr\/wp-json\/wp\/v2\/categories?post=14152"},{"taxonomy":"post_tag","embeddable":true,"href":"https:\/\/www.europesays.com\/fr\/wp-json\/wp\/v2\/tags?post=14152"}],"curies":[{"name":"wp","href":"https:\/\/api.w.org\/{rel}","templated":true}]}}