{"id":141522,"date":"2025-05-31T11:06:19","date_gmt":"2025-05-31T11:06:19","guid":{"rendered":"https:\/\/www.europesays.com\/fr\/141522\/"},"modified":"2025-05-31T11:06:19","modified_gmt":"2025-05-31T11:06:19","slug":"enorme-succes-et-la-rancon-qui-sannonce","status":"publish","type":"post","link":"https:\/\/www.europesays.com\/fr\/141522\/","title":{"rendered":"\u00e9norme succ\u00e8s, et la ran\u00e7on qui s\u2019annonce"},"content":{"rendered":"<blockquote class=\"question\"><p>Herv\u00e9 F\u00e9ron, en tant que directeur artistique du festival Aux Actes citoyens, on vous suppose plut\u00f4t satisfait par l\u2019\u00e9dition 2025 qui vient de s\u2019achever.<\/p><\/blockquote>\n<p>\u00ab\u00a0Oui, ce fut une \u00e9norme r\u00e9ussite\u00a0! On a senti qu\u2019on \u00e9tait mieux structur\u00e9 que jamais, avec plus de b\u00e9n\u00e9voles en responsabilit\u00e9, et tout \u00e7a tourne comme une v\u00e9ritable petite entreprise, mais qu\u2019on monte\u2026 pour huit jours. Ce qui suppose \u00e9norm\u00e9ment de fatigue, mais quelle ambiance\u00a0! Pas m\u00eame une engueulade\u00a0! Et le public sait s\u2019en montrer reconnaissant.\u00a0\u00bb<\/p>\n<blockquote class=\"question\"><p>Comment \u00e7a\u00a0?<\/p><\/blockquote>\n<p>\u00ab\u00a0Eh bien en revenant toujours plus nombreux d\u2019ann\u00e9e en ann\u00e9e. Et parfois de loin. Une dame habitant Orl\u00e9ans m\u2019a dit avoir pos\u00e9 huit jours pour suivre ici tout le festival, et un couple de la pointe du Raz fait \u00e7a depuis des ann\u00e9es\u00a0!\u00a0\u00bb<\/p>\n<blockquote class=\"question\"><p>Tous ne viennent quand m\u00eame pas de l\u2019autre bout de la France\u00a0?<\/p><\/blockquote>\n<p>\u00ab\u00a0(Rires) Non, bien s\u00fbr. La plupart viennent de l\u2019agglom\u00e9ration nanc\u00e9ienne, \u00e0 commencer par les gens de Tomblaine, dont certains qu\u2019on embarque dans l\u2019aventure alors qu\u2019ils ne seraient peut-\u00eatre jamais venus d\u2019eux-m\u00eames au th\u00e9\u00e2tre. Gr\u00e2ce aux masterclasses de commedia dell\u2019arte par exemple, en intervenant dans les \u00e9coles, avec <a href=\"https:\/\/www.estrepublicain.fr\/culture-loisirs\/2025\/05\/28\/les-collegiens-en-journalistes-radio-du-festival\" target=\"_blank\" rel=\"noopener\">la radio des coll\u00e9giens,<\/a> ou encore <a href=\"https:\/\/www.estrepublicain.fr\/culture-loisirs\/2025\/05\/28\/en-voiture-simone-mais-a-l-electrique\" target=\"_blank\" rel=\"noopener\">l\u2019op\u00e9ration En Voiture Simone<\/a> \u00e0 destination des personnes \u00e2g\u00e9es. C\u2019est un projet de territoire, on doit faire soci\u00e9t\u00e9, apprendre \u00e0 mieux se conna\u00eetre, mieux se parler. Et dans un festival comme celui-ci, on est au carrefour de tout.\u00a0\u00bb<\/p>\n<blockquote class=\"question\"><p>Tant et si bien que vous ne pouvez plus r\u00e9pondre \u00e0 la demande. Cela pourrait finir par vous poser des difficult\u00e9s, non\u00a0?<\/p><\/blockquote>\n<p>\u00ab\u00a0\u00c7a en pose d\u00e9j\u00e0. Cette ann\u00e9e, \u00e7a fait six semaines qu\u2019on est oblig\u00e9 de dire non \u00e0 tout le monde, tout \u00e9tait vendu. Ce qui n\u2019est pas confortable du tout. Alors on a d\u00e9j\u00e0 augment\u00e9 la capacit\u00e9 de notre salle jusqu\u2019\u00e0 550 spectateurs, on a d\u00e9plac\u00e9 la c\u00e9r\u00e9monie d\u2019ouverture \u00e0 l\u2019ext\u00e9rieur pour accueillir la foule, on a doubl\u00e9 le spectacle de Don Quichotte le dimanche\u2026 On a m\u00eame r\u00e9fl\u00e9chi \u00e0 d\u00e9centraliser une soir\u00e9e dans une grande salle \u00e0 Nancy, mais je ne pense pas que ce soit la bonne solution.\u00a0\u00bb<\/p>\n<blockquote class=\"question\"><p>Pourquoi \u00e7a\u00a0?<\/p><\/blockquote>\n<p>\u00ab\u00a0Parce qu\u2019on n\u2019est pas des organisateurs de spectacles. Notre projet, associatif, c\u2019est d\u2019abord de resserrer les liens sociaux dans notre ville \u00e0 partir d\u2019un projet culturel\u2026 \u00e0 Tomblaine. C\u2019est donc \u00e0 Tomblaine qu\u2019on doit trouver une solution\u00a0: peut-\u00eatre en doublant un spectacle, ou en installant un grand chapiteau place des Arts ou plaine Flageul. On y r\u00e9fl\u00e9chit en tout cas.\u00a0\u00bb<\/p>\n<p>  \u00ab\u00a0Th\u00e9\u00e2tre et culture sont en souffrance aujourd\u2019hui en France\u00a0\u00bb<\/p>\n<blockquote class=\"question\"><p>Avec le succ\u00e8s, la pression va croissant, non\u00a0?<\/p><\/blockquote>\n<p>\u00ab\u00a0Un peu. Notre public a grandi en m\u00eame temps que nous, et son exigence aussi. Chaque ann\u00e9e, on se dit qu\u2019il sera difficile de faire mieux. Apr\u00e8s, m\u00eame si cette ann\u00e9e on a pu se vanter que 7 Moli\u00e8re soient associ\u00e9s \u00e0 nos spectacles, on ne veut pas se focaliser dessus non plus. Je ne suis pas s\u00e9lectionneur olympique. Et si on met la m\u00eame rigueur chaque ann\u00e9e, il n\u2019y a pas de raison qu\u2019on n\u2019offre pas au moins la m\u00eame qualit\u00e9.\u00a0\u00bb<\/p>\n<p>  Le vivier de la cr\u00e9ation th\u00e9\u00e2trale en France reste-t-il suffisamment nourri pour renouveler l\u2019offre\u00a0?<\/p>\n<p>\u00ab\u00a0Th\u00e9\u00e2tre et culture en g\u00e9n\u00e9ral sont en souffrance aujourd\u2019hui en France, c\u2019est clair. Mais la cr\u00e9ativit\u00e9 est bel et bien l\u00e0. Il faut qu\u2019on reste des r\u00e9sistants, des combattants, pour donner aux gens la capacit\u00e9 de montrer leurs spectacles. Et donner leur chance, aussi, aux artisans du th\u00e9\u00e2tre, comme le Teatro Picaro ou Carlo Boso.\u00a0\u00bb<\/p>\n<blockquote class=\"question\"><p>Quels ont \u00e9t\u00e9 pour vous les grands atouts du festival 2025<\/p><\/blockquote>\n<p>\u00ab\u00a0Ils sont multiples, bien s\u00fbr\u00a0! Mais je veux citer une c\u00e9r\u00e9monie d\u2019ouverture inoubliable, populaire, avec une marraine tout \u00e0 fait exceptionnelle. Delphine Depardieu est m\u00eame revenue le mardi pour passer la journ\u00e9e avec nous. Et si la plupart des com\u00e9diens aiment d\u2019abord parler d\u2019eux, elle au contraire voulait en savoir plus sur tout le monde. Quelqu\u2019un d\u2019altruiste, et de vraiment pr\u00e9cieux. Comme on les aime \u00e0 notre festival\u00a0!\u00a0\u00bb<\/p>\n","protected":false},"excerpt":{"rendered":"Herv\u00e9 F\u00e9ron, en tant que directeur artistique du festival Aux Actes citoyens, on vous suppose plut\u00f4t satisfait par&hellip;\n","protected":false},"author":2,"featured_media":141523,"comment_status":"","ping_status":"","sticky":false,"template":"","format":"standard","meta":{"footnotes":""},"categories":[9635],"tags":[1111,11,1687,1704,1777,674,1011,27,775,11260,1702,12,25,3140,11703],"class_list":{"0":"post-141522","1":"post","2":"type-post","3":"status-publish","4":"format-standard","5":"has-post-thumbnail","7":"category-nancy","8":"tag-actu","9":"tag-actualites","10":"tag-culture-loisirs","11":"tag-edition-nancy-et-agglomeration","12":"tag-eu","13":"tag-europe","14":"tag-fr","15":"tag-france","16":"tag-grand-est","17":"tag-metropole-du-grand-nancy-54b4","18":"tag-nancy","19":"tag-news","20":"tag-republique-francaise","21":"tag-spectacle","22":"tag-tomblaine"},"share_on_mastodon":{"url":"https:\/\/pubeurope.com\/@fr\/114602127154624211","error":""},"_links":{"self":[{"href":"https:\/\/www.europesays.com\/fr\/wp-json\/wp\/v2\/posts\/141522","targetHints":{"allow":["GET"]}}],"collection":[{"href":"https:\/\/www.europesays.com\/fr\/wp-json\/wp\/v2\/posts"}],"about":[{"href":"https:\/\/www.europesays.com\/fr\/wp-json\/wp\/v2\/types\/post"}],"author":[{"embeddable":true,"href":"https:\/\/www.europesays.com\/fr\/wp-json\/wp\/v2\/users\/2"}],"replies":[{"embeddable":true,"href":"https:\/\/www.europesays.com\/fr\/wp-json\/wp\/v2\/comments?post=141522"}],"version-history":[{"count":0,"href":"https:\/\/www.europesays.com\/fr\/wp-json\/wp\/v2\/posts\/141522\/revisions"}],"wp:featuredmedia":[{"embeddable":true,"href":"https:\/\/www.europesays.com\/fr\/wp-json\/wp\/v2\/media\/141523"}],"wp:attachment":[{"href":"https:\/\/www.europesays.com\/fr\/wp-json\/wp\/v2\/media?parent=141522"}],"wp:term":[{"taxonomy":"category","embeddable":true,"href":"https:\/\/www.europesays.com\/fr\/wp-json\/wp\/v2\/categories?post=141522"},{"taxonomy":"post_tag","embeddable":true,"href":"https:\/\/www.europesays.com\/fr\/wp-json\/wp\/v2\/tags?post=141522"}],"curies":[{"name":"wp","href":"https:\/\/api.w.org\/{rel}","templated":true}]}}