{"id":141524,"date":"2025-05-31T11:07:12","date_gmt":"2025-05-31T11:07:12","guid":{"rendered":"https:\/\/www.europesays.com\/fr\/141524\/"},"modified":"2025-05-31T11:07:12","modified_gmt":"2025-05-31T11:07:12","slug":"nancy-a-surpris-les-bleues-hier-la-ville-etait-a-lunisson","status":"publish","type":"post","link":"https:\/\/www.europesays.com\/fr\/141524\/","title":{"rendered":"Nancy a surpris les bleues hier, la ville \u00e9tait \u00e0 l&rsquo;unisson."},"content":{"rendered":"<p>Hier vendredi 30 mai 2025, le stade Marcel-Picot a vibr\u00e9 au rythme du match de Ligue des Nations f\u00e9minine entre les bleues et la Nati.<\/p>\n<p>L\u2019engouement \u00e9tait impressionnant : pr\u00e8s de 12 000 supporters \u00e9taient pr\u00e9sents pour pousser les bleues \u00e0 la victoire.\u00a0L&rsquo;ambiance \u00e9tait \u00e9norme dans les tribunes et sur la pelouse les joueuses de Laurent Bonadei ont assur\u00e9 le spectacle.<\/p>\n<p>Un pari r\u00e9ussi pour le s\u00e9lectionneur fran\u00e7ais qui amorce une nouvelle \u00e8re avant l&rsquo;euro pr\u00e9vue en Suisse.<\/p>\n<p>\u00a0<\/p>\n<p>\u00a0 \u00a0 \u00a0 \u00a0 \u00a0 \u00a0 \u00a0 \u00a0 Kossigan AGAMAKOU\u00a0<\/p>\n<p>                                                                            (function(d, s, id) {<br \/>\n            var js, fjs = d.getElementsByTagName(s)[0];<br \/>\n            if (d.getElementById(id)) return;<br \/>\n            js = d.createElement(s); js.id = id;<br \/>\n            js.src = \u00ab\u00a0\/\/connect.facebook.net\/fr_FR\/sdk.js#xfbml=1&#038;version=v2.8\u00a0\u00bb;<br \/>\n            fjs.parentNode.insertBefore(js, fjs);<br \/>\n        }(document, &lsquo;script&rsquo;, &lsquo;facebook-jssdk&rsquo;));<\/p>\n","protected":false},"excerpt":{"rendered":"Hier vendredi 30 mai 2025, le stade Marcel-Picot a vibr\u00e9 au rythme du match de Ligue des Nations&hellip;\n","protected":false},"author":2,"featured_media":141525,"comment_status":"","ping_status":"","sticky":false,"template":"","format":"standard","meta":{"footnotes":""},"categories":[9635],"tags":[1111,11,1777,674,1011,27,775,26935,1702,12,25,10221],"class_list":{"0":"post-141524","1":"post","2":"type-post","3":"status-publish","4":"format-standard","5":"has-post-thumbnail","7":"category-nancy","8":"tag-actu","9":"tag-actualites","10":"tag-eu","11":"tag-europe","12":"tag-fr","13":"tag-france","14":"tag-grand-est","15":"tag-marcel-pucot","16":"tag-nancy","17":"tag-news","18":"tag-republique-francaise","19":"tag-supporters"},"share_on_mastodon":{"url":"https:\/\/pubeurope.com\/@fr\/114602131036687522","error":""},"_links":{"self":[{"href":"https:\/\/www.europesays.com\/fr\/wp-json\/wp\/v2\/posts\/141524","targetHints":{"allow":["GET"]}}],"collection":[{"href":"https:\/\/www.europesays.com\/fr\/wp-json\/wp\/v2\/posts"}],"about":[{"href":"https:\/\/www.europesays.com\/fr\/wp-json\/wp\/v2\/types\/post"}],"author":[{"embeddable":true,"href":"https:\/\/www.europesays.com\/fr\/wp-json\/wp\/v2\/users\/2"}],"replies":[{"embeddable":true,"href":"https:\/\/www.europesays.com\/fr\/wp-json\/wp\/v2\/comments?post=141524"}],"version-history":[{"count":0,"href":"https:\/\/www.europesays.com\/fr\/wp-json\/wp\/v2\/posts\/141524\/revisions"}],"wp:featuredmedia":[{"embeddable":true,"href":"https:\/\/www.europesays.com\/fr\/wp-json\/wp\/v2\/media\/141525"}],"wp:attachment":[{"href":"https:\/\/www.europesays.com\/fr\/wp-json\/wp\/v2\/media?parent=141524"}],"wp:term":[{"taxonomy":"category","embeddable":true,"href":"https:\/\/www.europesays.com\/fr\/wp-json\/wp\/v2\/categories?post=141524"},{"taxonomy":"post_tag","embeddable":true,"href":"https:\/\/www.europesays.com\/fr\/wp-json\/wp\/v2\/tags?post=141524"}],"curies":[{"name":"wp","href":"https:\/\/api.w.org\/{rel}","templated":true}]}}