{"id":141533,"date":"2025-05-31T11:13:03","date_gmt":"2025-05-31T11:13:03","guid":{"rendered":"https:\/\/www.europesays.com\/fr\/141533\/"},"modified":"2025-05-31T11:13:03","modified_gmt":"2025-05-31T11:13:03","slug":"lance-a-rouen-maman-va-danser-reserve-aux-femmes-a-fait-fait-le-plein-pour-sa-2e-edition-on-est-la-pour-samuser","status":"publish","type":"post","link":"https:\/\/www.europesays.com\/fr\/141533\/","title":{"rendered":"Lanc\u00e9 \u00e0 Rouen, \u00ab Maman va danser \u00bb r\u00e9serv\u00e9 aux femmes a fait fait le plein pour sa 2e \u00e9dition : \u00ab On est l\u00e0 pour s\u2019amuser \u00bb"},"content":{"rendered":"<p class=\"paragraph text_align_left\">Il est un peu plus de 19 h. A l\u2019entr\u00e9e du Pintxos, sur les quais de la rive gauche de Rouen (Seine-Maritime), les premi\u00e8res participantes \u00e0 <a href=\"https:\/\/www.leparisien.fr\/societe\/laisser-la-charge-mentale-aux-vestiaires-le-phenomene-maman-va-danser-setend-en-france-11-03-2025-SIBU5E6CJ5GMVMV63CGOXWOO2A.php \" target=\"_self\" rel=\"noopener\">la deuxi\u00e8me \u00e9dition de \u00ab Maman va danser \u00bb<\/a> commencent \u00e0 arriver en ce vendredi soir ensoleill\u00e9 au son du classique \u00ab Last night a DJ saved my life \u00bb.<\/p>\n<p class=\"paragraph text_align_left\">A l\u2019int\u00e9rieur, Mathilde, Perrine et les autres b\u00e9n\u00e9voles de la jeune association ont r\u00e9gl\u00e9 les derniers d\u00e9tails avec l\u2019un des trois associ\u00e9s du restaurant, Xavier Dell\u2019Olio : \u00ab On a pr\u00e9vu un peu plus de monde que d\u2019habitude pour le service et on a r\u00e9organis\u00e9 la salle pour accueillir tout le monde \u00bb, explique le patron qui a accept\u00e9 de privatiser son \u00e9tablissement afin de recevoir une client\u00e8le 100% f\u00e9minine pour cette soir\u00e9e. <\/p>\n<p class=\"paragraph text_align_left\">La premi\u00e8re, organis\u00e9e en f\u00e9vrier dernier, avait r\u00e9uni pas loin de 200 participantes. Cette fois, autour de 700 ont r\u00e9serv\u00e9 leur billet \u2013 gratuit \u2013 en une petite dizaine de jours. \u00ab Nous avons volontairement fait du surbooking car pour ce genre de rendez-vous il y a toujours une perte d\u2019environ 30% sur les r\u00e9servations. Et \u00e7a c\u2019est confirm\u00e9 \u00bb, assure Mathilde Petovari, \u00e0 l\u2019origine de ce projet inspir\u00e9 par un concept allemand. <\/p>\n<p class=\"paragraph text_align_left\">\u00ab Il faut dire que notre public est s\u00fbrement plus sujet \u00e0 avoir des emp\u00eachements de derni\u00e8re minute. J\u2019ai re\u00e7u pas mal de messages qui me disaient \u00ab Ce soir, maman ne va pas danser, elle va soigner ! Et au final nous avons totalis\u00e9 530 entr\u00e9es. \u00bb Ce beau succ\u00e8s confirme l\u2019attrait des femmes, de tous \u00e2ges, pour un rendez-vous o\u00f9 elles peuvent se retrouver dans un environnement qui leur est enti\u00e8rement d\u00e9di\u00e9. \u00ab Safe \u00bb selon l\u2019expression consacr\u00e9e. <\/p>\n<p>530 entr\u00e9es au lieu de 200<\/p>\n<p class=\"paragraph text_align_left\">\u00ab Nous avions entendu parler de la premi\u00e8re soir\u00e9e, mais c\u2019\u00e9tait d\u00e9j\u00e0 complet quand nous avions voulu nous inscrire. Cette fois, on \u00e9tait dans les premi\u00e8res \u00bb, sourient Nathy et La\u00ebti, deux amis venues du Neubourg (Eure), \u00e0 plus de 50 km, attir\u00e9es \u00e9galement par la dimension solidaire de l\u2019\u00e9v\u00e9nement pour lequel un partenariat a \u00e9t\u00e9 mis en place avec l\u2019association Nous\u2019V \u2018Elles pour collecter des produits d\u2019hygi\u00e8ne et des protections f\u00e9minines \u00e0 destination de Mayotte. \u00ab On vient pour s\u2019amuser, mais c\u2019est important aussi d\u2019avoir un geste pour d\u2019autres qui se trouvent en difficult\u00e9 \u00bb.<\/p>\n<p class=\"paragraph text_align_left\">Autre objectif des organisatrices, cr\u00e9er un espace de rencontre pour toutes, qu\u2019elle que soit le milieu social, en nouant des contacts avec des associations ou des centres sociaux. \u00ab On propose de leur offrir un verre pour qu\u2019elles puissent profiter de l\u2019instant sans trop penser \u00e0 leur budget \u00bb, d\u00e9taille Mathilde. <\/p>\n<p class=\"paragraph text_align_left\">D\u2019ailleurs, parmi les premi\u00e8res arriv\u00e9es, Violette, Jo\u00eblle, Gis\u00e8le et quelques amies ont eu vent de cette opportunit\u00e9 \u00e0 la MJC Saint-Sever de Rouen. \u00ab On se retrouve le lundi entre nous pour un caf\u00e9. Mais l\u00e0, \u00e7a change \u00bb, s\u2019enthousiasme la premi\u00e8re. \u00ab On ne sait pas trop \u00e0 quoi s\u2019attendre, mais on est l\u00e0 pour s\u2019amuser \u00bb, continue la seconde, impatiente de voir la piste de danse se remplir.<\/p>\n<p>\u00ab Depuis qu\u2019on est maman, on sort moins \u00bb<\/p>\n<p class=\"paragraph text_align_left\">Et puis, il y a le c\u0153ur de cible en quelque sorte. Celles qui viennent d\u00e9compresser, sans conjoint et sans enfant. En terrasse, Marie a fait elle le tour de ses amies pour s\u2019assurer que le maximum soit de la partie. \u00ab C\u2019est s\u00fbr que depuis qu\u2019on est maman, on sort moins juste entre copines. L\u00e0, on va pouvoir davantage se l\u00e2cher, sans avoir \u00e0 se soucier de qui est l\u00e0. \u00bb Ni recevoir les remarques parfois lourdingues du sexe oppos\u00e9 dont certains repr\u00e9sentants n\u2019h\u00e9sitent pas \u00e0 d\u00e9nigrer le concept sur les r\u00e9seaux sociaux. <\/p>\n<p class=\"paragraph text_align_left\">\u00ab Nous avons beaucoup plus de messages d\u2019encouragement et de soutien que de commentaires n\u00e9gatifs. Mais certains se l\u00e2chent. Et on voit qu\u2019il y encore du chemin \u00e0 faire \u00bb, soupire Mathilde qui ne compte pas pour autant en rester l\u00e0. Surtout qu\u2019\u00e0 travers la France, d\u2019autres soir\u00e9es similaires se sont inspir\u00e9es de l\u2019exemple rouennais dans une douzaine de villes et de m\u00e9tropoles. \u00ab Nous avons cr\u00e9\u00e9 un groupe What\u2019s\u2019app pour offrir notre retour d\u2019exp\u00e9rience, donner des conseils pour l\u2019organisation&#8230; Mais chacune reste ind\u00e9pendante. Nous ne sommes pas une franchise \u00bb, assure la jeune femme qui pr\u00e9voit d\u00e9j\u00e0 un nouveau rendez-vous \u00e0 l\u2019automne. Les mamans n\u2019ont pas fini de danser.<\/p>\n","protected":false},"excerpt":{"rendered":"Il est un peu plus de 19 h. A l\u2019entr\u00e9e du Pintxos, sur les quais de la rive&hellip;\n","protected":false},"author":2,"featured_media":141534,"comment_status":"","ping_status":"","sticky":false,"template":"","format":"standard","meta":{"footnotes":""},"categories":[9587],"tags":[1111,917,11,459,1777,674,1011,27,12,5161,25,9590,11074],"class_list":{"0":"post-141533","1":"post","2":"type-post","3":"status-publish","4":"format-standard","5":"has-post-thumbnail","7":"category-rouen","8":"tag-actu","9":"tag-actu-locale","10":"tag-actualites","11":"tag-departements-horsidfo","12":"tag-eu","13":"tag-europe","14":"tag-fr","15":"tag-france","16":"tag-news","17":"tag-normandie","18":"tag-republique-francaise","19":"tag-rouen","20":"tag-seine-maritime-76"},"share_on_mastodon":{"url":"","error":""},"_links":{"self":[{"href":"https:\/\/www.europesays.com\/fr\/wp-json\/wp\/v2\/posts\/141533","targetHints":{"allow":["GET"]}}],"collection":[{"href":"https:\/\/www.europesays.com\/fr\/wp-json\/wp\/v2\/posts"}],"about":[{"href":"https:\/\/www.europesays.com\/fr\/wp-json\/wp\/v2\/types\/post"}],"author":[{"embeddable":true,"href":"https:\/\/www.europesays.com\/fr\/wp-json\/wp\/v2\/users\/2"}],"replies":[{"embeddable":true,"href":"https:\/\/www.europesays.com\/fr\/wp-json\/wp\/v2\/comments?post=141533"}],"version-history":[{"count":0,"href":"https:\/\/www.europesays.com\/fr\/wp-json\/wp\/v2\/posts\/141533\/revisions"}],"wp:featuredmedia":[{"embeddable":true,"href":"https:\/\/www.europesays.com\/fr\/wp-json\/wp\/v2\/media\/141534"}],"wp:attachment":[{"href":"https:\/\/www.europesays.com\/fr\/wp-json\/wp\/v2\/media?parent=141533"}],"wp:term":[{"taxonomy":"category","embeddable":true,"href":"https:\/\/www.europesays.com\/fr\/wp-json\/wp\/v2\/categories?post=141533"},{"taxonomy":"post_tag","embeddable":true,"href":"https:\/\/www.europesays.com\/fr\/wp-json\/wp\/v2\/tags?post=141533"}],"curies":[{"name":"wp","href":"https:\/\/api.w.org\/{rel}","templated":true}]}}