{"id":141537,"date":"2025-05-31T11:16:15","date_gmt":"2025-05-31T11:16:15","guid":{"rendered":"https:\/\/www.europesays.com\/fr\/141537\/"},"modified":"2025-05-31T11:16:15","modified_gmt":"2025-05-31T11:16:15","slug":"la-police-interpelle-un-individu-qui-venait-dentrer-par-effraction-dans-une-ecole-2","status":"publish","type":"post","link":"https:\/\/www.europesays.com\/fr\/141537\/","title":{"rendered":"la police interpelle un individu qui venait d\u2019entrer par effraction dans une \u00e9cole"},"content":{"rendered":"<p itemprop=\"description\"><strong>Les faits se sont d\u00e9roul\u00e9s ce jeudi 29 mai.<\/strong><\/p>\n<p class=\"MsoNormal\" style=\"caret-color: #212121; color: #212121; font-size: 12pt; font-style: normal; font-variant-caps: normal; font-weight: 400; letter-spacing: normal; orphans: auto; text-align: start; text-indent: 0px; text-transform: none; white-space: normal; widows: auto; word-spacing: 0px; -webkit-text-stroke-width: 0px; text-decoration: none; margin: 0cm 0cm 8pt; line-height: 18.4px; font-family: Calibri, sans-serif;\">Peu apr\u00e8s 20h, un homme de 52 ans a \u00e9t\u00e9 interpell\u00e9 par la brigade anticriminalit\u00e9 de Grenoble devant l\u2019\u00e9cole \u00e9l\u00e9mentaire Anatole-France, situ\u00e9e dans le quartier Mistral.<\/p>\n<p class=\"MsoNormal\" style=\"caret-color: #212121; color: #212121; font-size: 12pt; font-style: normal; font-variant-caps: normal; font-weight: 400; letter-spacing: normal; orphans: auto; text-align: start; text-indent: 0px; text-transform: none; white-space: normal; widows: auto; word-spacing: 0px; -webkit-text-stroke-width: 0px; text-decoration: none; margin: 0cm 0cm 8pt; line-height: 18.4px; font-family: Calibri, sans-serif;\">Les policiers l\u2019ont arr\u00eat\u00e9 et plac\u00e9 en garde \u00e0 vue, car le quinquag\u00e9naire venait de rentrer par effraction dans les locaux de l\u2019\u00e9tablissement scolaire. Il est aussi soup\u00e7onn\u00e9 d\u2019avoir commis plusieurs d\u00e9gradations \u00e0 l\u2019int\u00e9rieur, d\u2019apr\u00e8s les constatations d\u2019un \u00e9lu de la municipalit\u00e9.<\/p>\n<p class=\"MsoNormal\" style=\"caret-color: #212121; color: #212121; font-size: 12pt; font-style: normal; font-variant-caps: normal; font-weight: 400; letter-spacing: normal; orphans: auto; text-align: start; text-indent: 0px; text-transform: none; white-space: normal; widows: auto; word-spacing: 0px; -webkit-text-stroke-width: 0px; text-decoration: none; margin: 0cm 0cm 8pt; line-height: 18.4px; font-family: Calibri, sans-serif;\">L\u2019individu n\u2019aurait, en revanche, rien d\u00e9rob\u00e9 pendant son infraction.<\/p>\n","protected":false},"excerpt":{"rendered":"Les faits se sont d\u00e9roul\u00e9s ce jeudi 29 mai. Peu apr\u00e8s 20h, un homme de 52 ans a&hellip;\n","protected":false},"author":2,"featured_media":141047,"comment_status":"","ping_status":"","sticky":false,"template":"","format":"standard","meta":{"footnotes":""},"categories":[9566],"tags":[1111,11,7733,8279,2430,7736,650,7734,2889,2263,1777,674,1011,27,2731,8280,6417,1114,108,4662,12,3725,1825,25,7737],"class_list":{"0":"post-141537","1":"post","2":"type-post","3":"status-publish","4":"format-standard","5":"has-post-thumbnail","7":"category-grenoble","8":"tag-actu","9":"tag-actualites","10":"tag-alpes","11":"tag-alpes1","12":"tag-auvergne-rhone-alpes","13":"tag-cds","14":"tag-cinema","15":"tag-ecoute","16":"tag-emission","17":"tag-equipe","18":"tag-eu","19":"tag-europe","20":"tag-fr","21":"tag-france","22":"tag-grenoble","23":"tag-haute","24":"tag-information","25":"tag-infos","26":"tag-isere","27":"tag-journal","28":"tag-news","29":"tag-podcast","30":"tag-radio","31":"tag-republique-francaise","32":"tag-winamp"},"share_on_mastodon":{"url":"https:\/\/pubeurope.com\/@fr\/114602166381208748","error":""},"_links":{"self":[{"href":"https:\/\/www.europesays.com\/fr\/wp-json\/wp\/v2\/posts\/141537","targetHints":{"allow":["GET"]}}],"collection":[{"href":"https:\/\/www.europesays.com\/fr\/wp-json\/wp\/v2\/posts"}],"about":[{"href":"https:\/\/www.europesays.com\/fr\/wp-json\/wp\/v2\/types\/post"}],"author":[{"embeddable":true,"href":"https:\/\/www.europesays.com\/fr\/wp-json\/wp\/v2\/users\/2"}],"replies":[{"embeddable":true,"href":"https:\/\/www.europesays.com\/fr\/wp-json\/wp\/v2\/comments?post=141537"}],"version-history":[{"count":0,"href":"https:\/\/www.europesays.com\/fr\/wp-json\/wp\/v2\/posts\/141537\/revisions"}],"wp:featuredmedia":[{"embeddable":true,"href":"https:\/\/www.europesays.com\/fr\/wp-json\/wp\/v2\/media\/141047"}],"wp:attachment":[{"href":"https:\/\/www.europesays.com\/fr\/wp-json\/wp\/v2\/media?parent=141537"}],"wp:term":[{"taxonomy":"category","embeddable":true,"href":"https:\/\/www.europesays.com\/fr\/wp-json\/wp\/v2\/categories?post=141537"},{"taxonomy":"post_tag","embeddable":true,"href":"https:\/\/www.europesays.com\/fr\/wp-json\/wp\/v2\/tags?post=141537"}],"curies":[{"name":"wp","href":"https:\/\/api.w.org\/{rel}","templated":true}]}}