{"id":141538,"date":"2025-05-31T11:17:08","date_gmt":"2025-05-31T11:17:08","guid":{"rendered":"https:\/\/www.europesays.com\/fr\/141538\/"},"modified":"2025-05-31T11:17:08","modified_gmt":"2025-05-31T11:17:08","slug":"un-ex-joueur-du-stade-rennais-reclame-son-bien-en-justice","status":"publish","type":"post","link":"https:\/\/www.europesays.com\/fr\/141538\/","title":{"rendered":"un ex-joueur du Stade Rennais r\u00e9clame son bien en Justice"},"content":{"rendered":"<p>            Par<br \/>\n        <strong><br \/>\n            <a href=\"https:\/\/actu.fr\/auteur\/redaction-rennes\" title=\"Consulter tous les articles de R\u00e9daction Rennes\" rel=\"nofollow noopener\" target=\"_blank\">R\u00e9daction Rennes<\/a><br \/>\n        <\/strong><\/p>\n<p>        Publi\u00e9 le<\/p>\n<p>            31 mai 2025 \u00e0 13h13        <\/p>\n<p>Deux personnes r\u00e9clament une <strong>\u00ab\u2009moto<\/strong> Yamaha\u2009\u00bb et une <strong>\u00ab\u2009Golf<\/strong> Volkswagen\u2009\u00bb \u00e0 Marvin X., un homme <strong>d\u00e9j\u00e0 condamn\u00e9<\/strong> par la Justice. Ce dernier a en effet import\u00e9 \u00e0 Rennes et Lanester \u00ab\u2009<strong>38 colis<\/strong>\u2009\u00bb suppos\u00e9s contenir des cubes de <strong>rhum guadeloup\u00e9en.<\/strong> En r\u00e9alit\u00e9, les colis cachaient de la <strong>coca\u00efne liquide.\u00a0<\/strong>La Justice lui a alors confisqu\u00e9 ses biens \u00e0 son domicile, que deux proches ont r\u00e9clam\u00e9, vendredi 23\u00a0mai 2025, devant la cour d\u2019appel de Rennes.<\/p>\n<p>Une moto \u00ab\u2009offerte\u2009\u00bb par son neveu et la Golf du p\u00e8re d\u2019un ami<\/p>\n<p class=\" wall-content\">Dans cette affaire, <strong>une moto et une voiture ont en effet \u00e9t\u00e9 saisies<\/strong> au domicile de Marvin X. La moto, de la marque Yamaha, lui a \u00e9t\u00e9 \u00ab\u2009offerte en octobre\u00a02024\u2009\u00bb par son neveu, <strong>Fousseni Diabat\u00e9<\/strong>, un footballeur form\u00e9 au centre de formation du <a href=\"https:\/\/actu.fr\/tag\/stade-rennais\" rel=\"nofollow noopener\" target=\"_blank\">Stade Rennais<\/a> et qui \u00e9volue d\u00e9sormais en Suisse au FC Lausanne Sport.<\/p>\n<p class=\" wall-content\">La Golf Volkswagen, quant \u00e0 elle, appartiendrait en r\u00e9alit\u00e9 au p\u00e8re d\u2019un ami de Marvin X. Celui-ci a donc saisi un avocat, Me Camille Ernstberger, pour <strong>esp\u00e9rer r\u00e9cup\u00e9rer la Golf<\/strong>\u00a0que son fils a \u00ab\u2009donn\u00e9e\u2009\u00bb au pr\u00e9venu pour qu\u2019il la \u00ab\u2009r\u00e9pare\u2009\u00bb.<\/p>\n<p class=\" wall-content\">L\u2019avocate g\u00e9n\u00e9rale a estim\u00e9 pour sa part que <strong>c\u2019est bien le trafiquant de stup\u00e9fiants qui utilisait la voiture<\/strong>, \u00e0 tel point qu\u2019il a \u00ab\u2009assum\u00e9 les frais de r\u00e9paration\u2009\u00bb. D\u2019ailleurs, lors de sa mise en vente, c\u2019est lui qui avait \u00ab\u2009pass\u00e9 l\u2019annonce\u2009\u00bb.<\/p>\n<p>Une premi\u00e8re perquisition en ao\u00fbt\u00a02024<\/p>\n<p class=\" wall-content\">Pour comprendre les ressorts de cette affaire, il faut remonter au mois de <strong>f\u00e9vrier\u00a02025<\/strong>. C\u2019est \u00e0 cette date que Marvin X. et deux de ses comp\u00e8res ont \u00e9t\u00e9 <strong>condamn\u00e9s \u00e0 quatre, cinq et huit ans de prison<\/strong> pour avoir fait envoyer par La Poste des colis suspects en provenance de la Guadeloupe.<\/p>\n<p class=\" wall-content\">En r\u00e9alit\u00e9, l\u2019affaire avait r\u00e9ellement d\u00e9marr\u00e9 le <strong>9\u00a0ao\u00fbt 2024<\/strong> lorsque les douanes ont \u00ab\u2009contr\u00f4l\u00e9\u2009\u00bb un colis \u00e0 destination d\u2019une jeune femme au niveau de la plateforme de La Poste de Wissous, au sud de Paris, dans l\u2019Essonne.<\/p>\n<p class=\" wall-content\">Ensuite, <strong>des premi\u00e8res \u00ab\u2009perquisitions\u2009\u00bb ont \u00e9t\u00e9 op\u00e9r\u00e9es chez la destinataire de ce colis<\/strong> ainsi que deux de ses proches, mais elles se sont r\u00e9v\u00e9l\u00e9es \u00ab\u2009vaines\u2009\u00bb.<\/p>\n<p>Une soci\u00e9t\u00e9 de production de rhum \u00e0 l\u2019identit\u00e9 \u00ab\u2009usurp\u00e9e\u2009\u00bb<\/p>\n<p class=\" wall-content\">Quelque temps plus tard, les douaniers ont toutefois appris que <strong>\u00ab\u2009quatre colis\u2009\u00bb \u00e0 destination de l\u2019Ille-et-Vilaine<\/strong> avaient \u00e9t\u00e9 conditionn\u00e9s et constitu\u00e9s \u00ab\u2009de la m\u00eame fa\u00e7on\u2009\u00bb que le premier rep\u00e9r\u00e9.<\/p>\n<p class=\" wall-content\">Les colis en question ont \u00e9t\u00e9 \u00ab\u2009d\u00e9tect\u00e9s\u2009\u00bb et \u00ab\u2009saisis\u2009\u00bb pendant l\u2019\u00e9t\u00e9 2024\u2009: l\u2019exp\u00e9diteur \u00e9tait en fait <strong>une soci\u00e9t\u00e9 de production de rhum dont l\u2019identit\u00e9 a \u00e9t\u00e9 \u00ab\u2009usurp\u00e9e\u2009\u00bb<\/strong>.<\/p>\n<p class=\" wall-content\">Au total, <strong>\u00ab\u200938 colis\u2009\u00bb en provenance de cette soci\u00e9t\u00e9 sont parvenus en m\u00e9tropole entre avril et ao\u00fbt\u00a02024<\/strong>. Les enqu\u00eateurs sont parvenus \u00e0 remonter jusqu\u2019aux trois pr\u00e9venus de ce dossier, \u00e0 savoir <strong>Fran\u00e7ois X., Marvin X. et l\u2019ex-compagne de ce dernier<\/strong>, qui ont \u00e9cop\u00e9 d\u2019une <strong>amende douani\u00e8re de pr\u00e8s de 480\u2009000\u00a0euros<\/strong>.<\/p>\n<p class=\" wall-content\">\u00c0 l\u2019heure actuelle, Marvin X. a accept\u00e9 sa condamnation. \u00ab\u2009Aujourd\u2019hui, le dossier se r\u00e9duit \u00e0 la question de <strong>la restitution des biens confisqu\u00e9s par le tribunal<\/strong>\u2009\u00bb, a d\u2019ailleurs recontextualis\u00e9 le pr\u00e9sident du tribunal.<\/p>\n<p>Une proposition de rejet des demandes de restitution<\/p>\n<p class=\" wall-content\">In fine, la repr\u00e9sentante du parquet g\u00e9n\u00e9ral a finalement consid\u00e9r\u00e9 que les pi\u00e8ces produites par le client de Me Camille Ernstberger <strong>ne d\u00e9montraient pas qu\u2019il \u00e9tait \u00ab\u2009le r\u00e9el propri\u00e9taire\u2009\u00bb<\/strong> de la Golf Volkswagen.<\/p>\n<p class=\" wall-content\">La confiscation de la moto \u2013 offerte en \u00ab\u2009cadeau\u2009\u00bb par son neveu footballeur professionnel \u2013 par le tribunal correctionnel de Rennes \u00e9tait par ailleurs \u00ab\u2009proportionn\u00e9e\u2009\u00bb. <strong>La magistrate a donc propos\u00e9 \u00e0 la cour de \u00ab\u2009rejeter\u2009\u00bb les demandes de restitution<\/strong>.<\/p>\n<p class=\" wall-content\">\u00ab\u2009La moto n\u2019a aucun lien avec les faits et n\u2019appara\u00eet pas du tout dans le dossier parce que les livraisons ont \u00e9t\u00e9 op\u00e9r\u00e9es par La Poste\u2009\u00bb, a toutefois object\u00e9 l\u2019avocate de Marvin X.<\/p>\n<p class=\" wall-content\">Ce dernier a pour sa part jug\u00e9 bon de faire remarquer qu\u2019il consid\u00e9rait <strong>la peine de huit ans de prison \u00ab\u2009disproportionn\u00e9e\u2009\u00bb<\/strong> mais qu\u2019il l\u2019acceptait, tout comme \u00ab\u2009l\u2019amende douani\u00e8re\u2009\u00bb. Les juges ont mis leur d\u00e9cision en d\u00e9lib\u00e9r\u00e9 et <strong>se prononceront dans un mois<\/strong>.<\/p>\n<p class=\" wall-content\"><strong>CB \u2013 PressPepper<\/strong><\/p>\n<p class=\" wall-content\">Suivez toute l\u2019actualit\u00e9 de vos villes et m\u00e9dias favoris en vous inscrivant \u00e0 <a href=\"https:\/\/moncompte.actu.fr\" title=\"D\u00e9couvez Mon Actu\" rel=\"nofollow noopener\" data-trk=\"{&quot;cta&quot;:{&quot;action&quot;:&quot;https:\\\/\\\/moncompte.actu.fr&quot;,&quot;category&quot;:&quot;mon compte&quot;,&quot;from&quot;:&quot;article footer&quot;,&quot;name&quot;:&quot;Mon actu&quot;,&quot;type&quot;:&quot;cta&quot;}}\" target=\"_blank\">Mon Actu<\/a>.<\/p>\n","protected":false},"excerpt":{"rendered":"Par R\u00e9daction Rennes Publi\u00e9 le 31 mai 2025 \u00e0 13h13 Deux personnes r\u00e9clament une \u00ab\u2009moto Yamaha\u2009\u00bb et une&hellip;\n","protected":false},"author":2,"featured_media":141539,"comment_status":"","ping_status":"","sticky":false,"template":"","format":"standard","meta":{"footnotes":""},"categories":[2821],"tags":[1111,11,829,1777,674,118,1011,27,303,3316,12,1072,584,25],"class_list":{"0":"post-141538","1":"post","2":"type-post","3":"status-publish","4":"format-standard","5":"has-post-thumbnail","7":"category-rennes","8":"tag-actu","9":"tag-actualites","10":"tag-bretagne","11":"tag-eu","12":"tag-europe","13":"tag-faits-divers","14":"tag-fr","15":"tag-france","16":"tag-justice","17":"tag-la-poste","18":"tag-news","19":"tag-police","20":"tag-rennes","21":"tag-republique-francaise"},"share_on_mastodon":{"url":"https:\/\/pubeurope.com\/@fr\/114602170398199203","error":""},"_links":{"self":[{"href":"https:\/\/www.europesays.com\/fr\/wp-json\/wp\/v2\/posts\/141538","targetHints":{"allow":["GET"]}}],"collection":[{"href":"https:\/\/www.europesays.com\/fr\/wp-json\/wp\/v2\/posts"}],"about":[{"href":"https:\/\/www.europesays.com\/fr\/wp-json\/wp\/v2\/types\/post"}],"author":[{"embeddable":true,"href":"https:\/\/www.europesays.com\/fr\/wp-json\/wp\/v2\/users\/2"}],"replies":[{"embeddable":true,"href":"https:\/\/www.europesays.com\/fr\/wp-json\/wp\/v2\/comments?post=141538"}],"version-history":[{"count":0,"href":"https:\/\/www.europesays.com\/fr\/wp-json\/wp\/v2\/posts\/141538\/revisions"}],"wp:featuredmedia":[{"embeddable":true,"href":"https:\/\/www.europesays.com\/fr\/wp-json\/wp\/v2\/media\/141539"}],"wp:attachment":[{"href":"https:\/\/www.europesays.com\/fr\/wp-json\/wp\/v2\/media?parent=141538"}],"wp:term":[{"taxonomy":"category","embeddable":true,"href":"https:\/\/www.europesays.com\/fr\/wp-json\/wp\/v2\/categories?post=141538"},{"taxonomy":"post_tag","embeddable":true,"href":"https:\/\/www.europesays.com\/fr\/wp-json\/wp\/v2\/tags?post=141538"}],"curies":[{"name":"wp","href":"https:\/\/api.w.org\/{rel}","templated":true}]}}