{"id":141540,"date":"2025-05-31T11:18:25","date_gmt":"2025-05-31T11:18:25","guid":{"rendered":"https:\/\/www.europesays.com\/fr\/141540\/"},"modified":"2025-05-31T11:18:25","modified_gmt":"2025-05-31T11:18:25","slug":"fait-divers-un-homme-de-65-ans-tue-lors-dune-partie-de-chasse-pres-de-rennes","status":"publish","type":"post","link":"https:\/\/www.europesays.com\/fr\/141540\/","title":{"rendered":"Fait divers. Un homme de 65 ans tu\u00e9 lors d&rsquo;une partie de chasse pr\u00e8s de Rennes"},"content":{"rendered":"<p>Un homme a \u00e9t\u00e9 tu\u00e9 par arme \u00e0 feu vendredi en fin de soir\u00e9e, \u00e0 Langou\u00ebt (Ille-et-Vilaine), au nord-ouest de Rennes. La victime \u00e2g\u00e9e de 65 ans est d\u00e9c\u00e9d\u00e9e au lieu-dit La Motte-du-Tertre, sur un terrain \u00e0 l\u2019\u00e9cart de la route, malgr\u00e9 l\u2019intervention des secours. L&rsquo;homme \u00e9tait accompagn\u00e9 d&rsquo;un camarade de chasse.<\/p>\n<p>Ce contenu est bloqu\u00e9 car vous n&rsquo;avez pas accept\u00e9 les cookies et autres traceurs.<\/p>\n<p>En cliquant sur \u00ab J\u2019accepte \u00bb, les cookies et autres traceurs seront d\u00e9pos\u00e9s et vous pourrez visualiser les contenus  (<a href=\"\" class=\"consentModule_policy\" target=\"_blank\" title=\"Consulter la politique de protection des donn\u00e9es du fournisseur\">plus d&rsquo;informations<\/a>).<\/p>\n<p>En cliquant sur \u00ab J\u2019accepte tous les cookies \u00bb, vous autorisez des d\u00e9p\u00f4ts de cookies et autres traceurs pour le stockage de vos donn\u00e9es sur nos sites et applications \u00e0 des fins de personnalisation et de ciblage publicitaire.<\/p>\n<p class=\"consentModule_secondaryText\">Vous gardez la possibilit\u00e9 de retirer votre consentement \u00e0 tout moment en consultant notre <a href=\"https:\/\/www.ledauphine.com\/protection-des-donnees\" target=\"_blank\" title=\"Consulter notre politique de protection des donn\u00e9es\" rel=\"noopener\">politique de protection des donn\u00e9es<\/a>. <br \/>&#13;<br \/>\n            <a href=\"https:\/\/www.ledauphine.com\/faits-divers-justice\/2025\/05\/31\/javascript:Didomi.notice.show()\" class=\"consentModule_cmp\" target=\"_blank\" rel=\"noopener\">G\u00e9rer mes choix<\/a>&#13;\n        <\/p>\n<p>&#13;<br \/>\n                        J&rsquo;accepte&#13;<br \/>\n            J&rsquo;accepte tous les cookies&#13;\n        <\/p>\n<p>Les deux hommes \u00e9taient partis \u00e0 la chasse vendredi soir et l&rsquo;un d&rsquo;entre eux, \u00e2g\u00e9 de 76 ans, a tir\u00e9 sur son compagnon vers 23h30, selon les pompiers. Une enqu\u00eate de gendarmerie a \u00e9t\u00e9 ouverte pour d\u00e9terminer les circonstances pr\u00e9cises de l&rsquo;accident. <\/p>\n<p>Lors de la saison cyn\u00e9g\u00e9tique 2023-2024, six chasseurs sont morts, selon les chiffres de l&rsquo;Office fran\u00e7ais de la biodiversit\u00e9 (OFB), la police de la chasse. \u00ab Ce chiffre confirme la tendance \u00e0 la baisse des accidents mortels, qui diminue de 77% sur 20 ans \u00bb, selon l&rsquo;OFB. Il y a eu en revanche \u00ab une augmentation des accidents, au nombre de 97, dont 58 graves, par rapport aux trois saisons pr\u00e9c\u00e9dentes. \u00bb<\/p>\n","protected":false},"excerpt":{"rendered":"Un homme a \u00e9t\u00e9 tu\u00e9 par arme \u00e0 feu vendredi en fin de soir\u00e9e, \u00e0 Langou\u00ebt (Ille-et-Vilaine), au&hellip;\n","protected":false},"author":2,"featured_media":141541,"comment_status":"","ping_status":"","sticky":false,"template":"","format":"standard","meta":{"footnotes":""},"categories":[2821],"tags":[1111,11,829,4183,1777,674,274,107,1011,27,329,12,584,25],"class_list":{"0":"post-141540","1":"post","2":"type-post","3":"status-publish","4":"format-standard","5":"has-post-thumbnail","7":"category-rennes","8":"tag-actu","9":"tag-actualites","10":"tag-bretagne","11":"tag-chasse","12":"tag-eu","13":"tag-europe","14":"tag-faits-divers-justice","15":"tag-fil-info","16":"tag-fr","17":"tag-france","18":"tag-france-monde","19":"tag-news","20":"tag-rennes","21":"tag-republique-francaise"},"share_on_mastodon":{"url":"https:\/\/pubeurope.com\/@fr\/114602174389991281","error":""},"_links":{"self":[{"href":"https:\/\/www.europesays.com\/fr\/wp-json\/wp\/v2\/posts\/141540","targetHints":{"allow":["GET"]}}],"collection":[{"href":"https:\/\/www.europesays.com\/fr\/wp-json\/wp\/v2\/posts"}],"about":[{"href":"https:\/\/www.europesays.com\/fr\/wp-json\/wp\/v2\/types\/post"}],"author":[{"embeddable":true,"href":"https:\/\/www.europesays.com\/fr\/wp-json\/wp\/v2\/users\/2"}],"replies":[{"embeddable":true,"href":"https:\/\/www.europesays.com\/fr\/wp-json\/wp\/v2\/comments?post=141540"}],"version-history":[{"count":0,"href":"https:\/\/www.europesays.com\/fr\/wp-json\/wp\/v2\/posts\/141540\/revisions"}],"wp:featuredmedia":[{"embeddable":true,"href":"https:\/\/www.europesays.com\/fr\/wp-json\/wp\/v2\/media\/141541"}],"wp:attachment":[{"href":"https:\/\/www.europesays.com\/fr\/wp-json\/wp\/v2\/media?parent=141540"}],"wp:term":[{"taxonomy":"category","embeddable":true,"href":"https:\/\/www.europesays.com\/fr\/wp-json\/wp\/v2\/categories?post=141540"},{"taxonomy":"post_tag","embeddable":true,"href":"https:\/\/www.europesays.com\/fr\/wp-json\/wp\/v2\/tags?post=141540"}],"curies":[{"name":"wp","href":"https:\/\/api.w.org\/{rel}","templated":true}]}}