{"id":141546,"date":"2025-05-31T11:21:11","date_gmt":"2025-05-31T11:21:11","guid":{"rendered":"https:\/\/www.europesays.com\/fr\/141546\/"},"modified":"2025-05-31T11:21:11","modified_gmt":"2025-05-31T11:21:11","slug":"apres-un-demi-siecle-dactivite-sur-lavenue-borriglione-a-nice-lenseigne-de-chaussures-dutto-fermera-definitivement-dans-quelques-semaines","status":"publish","type":"post","link":"https:\/\/www.europesays.com\/fr\/141546\/","title":{"rendered":"Apr\u00e8s un demi si\u00e8cle d\u2019activit\u00e9 sur l\u2019avenue Borriglione \u00e0 Nice, l\u2019enseigne de chaussures Dutto fermera d\u00e9finitivement dans quelques semaines"},"content":{"rendered":"<p>Dutto ferme d\u00e9finitivement le 23 ao\u00fbt. Le magasin attenant, sous l\u2019enseigne Rieker, aussi, et m\u00eame plus t\u00f4t: le 29 juillet. \u00c0 la fin de l\u2019\u00e9t\u00e9, \u00e7a ne marchera donc plus pour ces deux commerces embl\u00e9matiques, situ\u00e9s 18 et 20, avenue Borriglione, qui dispara\u00eetront du paysage marchand du quartier.<\/p>\n<p>On ne trouvera plus chaussure \u00e0 son pied \u00e0 ces deux adresses mitoyennes, <strong>exploit\u00e9es pour Dutto depuis 51 ans, dont 25 dans le giron familial des Laurenti \u2013 et depuis 10 ans pour Rieker.<\/strong> Fin d\u2019une belle histoire familiale, que d\u00e9lace avec \u00e9motion, le responsable, Ludovic Laurenti, 49 ans.<\/p>\n<p>Avant 1974, une pharmacie occupe l\u2019angle de Borriglione et de la rue Michel-Ange \u00e0 quelques pas du march\u00e9 de la Lib\u00e9ration. Un peu plus bas dans l\u2019avenue, Ren\u00e9 et Jacqueline Dutto sont cordonniers. Ils migrent \u00e0 la place de l\u2019officine transform\u00e9e en magasin de chaussures. \u00ab\u00a0C\u2019\u00e9tait de la chaussure de ville, rappelle Ludovic. Mon p\u00e8re, Jean-Paul, \u00e9tait repr\u00e9sentant en chaussures pour une tr\u00e8s grosse usine fran\u00e7aise. Quand les Dutto d\u00e9cident de prendre leur retraite, ils en parlent \u00e0 mon p\u00e8re, qui le r\u00e9p\u00e8te \u00e0 ma m\u00e8re, Arlette. \u00c0 l\u2019\u00e9poque, elle aide de temps en temps une amie, qui tient le magasin de chaussures Vergne en centre-ville. La reprise de Dutto l\u2019int\u00e9resse. On est au tout d\u00e9but des ann\u00e9es 2000. Comme l\u2019enseigne Dutto est connue \u00e0 Nice, ma m\u00e8re conserve le nom.\u00a0\u00bb<\/p>\n<p><strong>Une nouvelle vie pour s\u2019occuper de son fils<\/strong><\/p>\n<p>Arlette et Jean-Paul ont trois fils, dont Ludovic, l\u2019a\u00een\u00e9, journaliste \u00e0 Nice-Matin comme son \u00e9pouse. \u00ab\u00a0Notre fils, \u00e2g\u00e9 de 5 ans, va entrer \u00e0 l\u2019\u00e9cole primaire, poursuit Ludo. Une question se pose alors \u00e0 nous: comment g\u00e9rer un enfant, et notamment sa scolarit\u00e9, en \u00e9tant tous les deux journalistes, sans horaires fixes, mais souvent tardifs?\u00a0\u00bb Le cours de la vie aiguille le jeune couple vers un changement radical. Arlette Laurenti a ouvert un local contigu au magasin Dutto pour y vendre des v\u00eatements, sa marotte, tandis que son fr\u00e8re a rejoint le commerce de chaussures voisin. \u00ab\u00a0Un jour, ma m\u00e8re m\u2019annonce que mon oncle prend sa retraite et qu\u2019elle arr\u00eate les chaussures pour garder les v\u00eatements! En une seconde, \u00e7a a fait tilt dans ma t\u00eate: pourquoi ne pas reprendre moi-m\u00eame la boutique, ce qui me permettrait de m\u2019occuper de mon fils plus facilement? En 2011, je n\u00e9gocie mon d\u00e9part du journal.\u00a0\u00bb<\/p>\n<p>Et Ludo se lance dans la godasse, moyen de gamme et de confort, \u00e9paul\u00e9 par sa m\u00e8re depuis son \u00e9choppe de fringues mitoyenne: \u00ab\u00a0Elle m\u2019a beaucoup aid\u00e9 et accompagn\u00e9 dans mon nouveau job et je la remercie infiniment.\u00a0\u00bb<\/p>\n<p><strong>Il renonce \u00e0 la plaine du Var<\/strong><\/p>\n<p>Quatre ans plus tard, le fabricant allemand Rieker, sp\u00e9cialis\u00e9 dans le soulier de confort absolu, d\u00e9cide d\u2019ouvrir des commerces avec des contrats de partenariat en s\u2019appuyant sur des professionnels connaissant la marque. Ludo en fait partie. \u00ab\u00a0J\u2019ai sign\u00e9 pour lancer une enseigne dans la plaine du Var, \u00e0 Nice One. Mon dossier a \u00e9t\u00e9 accept\u00e9. \u00c0 10 jours de la signature finalisant le bail chez le notaire, ma vendeuse m\u2019annonce qu\u2019elle part \u00e0 la retraite. Catastrophe! Si je vais dans la plaine du Var, Dutto c\u2019est mort. J\u2019ai tout stopp\u00e9 et avec l\u2019accord de Rieker, j\u2019ai install\u00e9, en 2015, l\u2019enseigne allemande dans le magasin de v\u00eatements de ma m\u00e8re. Ce qui m\u2019a permis de conna\u00eetre d\u2019autres fournisseurs et de rajeunir ma client\u00e8le et donc, durant 10 ans, j\u2019ai tenu les deux magasins c\u00f4te \u00e0 c\u00f4te.\u00a0\u00bb<\/p>\n<p>Aujourd\u2019hui, l\u2019aventure s\u2019arr\u00eate. <strong>Pour des raisons inh\u00e9rentes au march\u00e9 qui a pris un coup de semelle.<\/strong> <strong>\u00c0 partir du 4 juin, la marchandise sera liquid\u00e9e.<\/strong> Avec une contrari\u00e9t\u00e9 qui tourne en boucle dans l\u2019esprit de Ludo: \u00ab\u00a0C\u2019est un cr\u00e8ve-c\u0153ur d\u2019arr\u00eater une activit\u00e9 de 51 ans et de laisser deux employ\u00e9es extraordinaires, s\u00e9rieuses et honn\u00eates.\u00a0\u00bb<\/p>\n<p><strong>Un business qui tra\u00eene des pieds<\/strong><\/p>\n<p>Ludovic Laurenti tourne les talons. Les sneakers, les ballerines, les sandales, les pantoufles, c\u2019est fini. Pourquoi au fait? Parce que le march\u00e9 de la chaussure est en pleine mutation selon ce commer\u00e7ant: \u00ab\u00a0Cela fait 2\/3 ans que c\u2019est de plus en plus difficile. Les habitudes de consommation changent. Les commandes en ligne se multiplient. M\u00eame sous mon enseigne qui attire des fid\u00e8les, des riverains, j\u2019ai aussi des clientes de passage, qui ach\u00e8tent au coup de c\u0153ur, mais que je perds \u00e0 cause des ventes sur Internet. La deuxi\u00e8me raison pour laquelle je vends, c\u2019est la date des soldes. Ils d\u00e9butent de plus en plus t\u00f4t. Cette ann\u00e9e, les soldes d\u2019\u00e9t\u00e9, c\u2019est le 25 juin. C\u2019est au moment o\u00f9 il fait beau, qu\u2019on d\u00e9bute les soldes. Avec les promotions fr\u00e9quentes, la qualit\u00e9 tir\u00e9e vers le bas pour avoir de la marge en sachant qu\u2019on va faire des soldes \u00e0 prix surestim\u00e9s, on n\u2019arrive plus \u00e0 vendre au prix normal.\u00a0\u00bb<\/p>\n<p>Troisi\u00e8me cause d\u2019un n\u00e9goce pi\u00e9tin\u00e9: \u00ab\u00a0Le tramway n\u2019a pas drain\u00e9 que du positif dans le quartier. Les clients potentiels vont plus facilement en centre-ville, certes, mais d\u00e9laissent les commerces de proximit\u00e9. On a perdu cette client\u00e8le captive de village.\u00a0\u00bb<\/p>\n<p>Souvenirs et padel<\/p>\n<p>Pour autant, le chausseur pr\u00e9cise qu\u2019il cesse son activit\u00e9 dans de bonnes conditions: \u00ab\u00a0La situation des deux affaires est saine. J\u2019ai z\u00e9ro dette.\u00a0\u00bb Et apr\u00e8s la saga Dutto-Laurenti? Rien n\u2019est encore officiellement sign\u00e9, mais il n\u2019y aura vraisemblablement plus de chaussures derri\u00e8re les prochaines vitrines: \u00ab\u00a0Vendre pour faire un autre magasin de chaussures devient impossible ou alors, c\u2019est brad\u00e9. \u00c0 cause du changement de consommation, les banques ne pr\u00eatent plus aux acheteurs int\u00e9ress\u00e9s par ce type d\u2019articles.\u00a0\u00bb<\/p>\n<p>Une nouvelle reconversion professionnelle botte Ludo: \u00ab\u00a0En avril 2023, j\u2019ai ouvert un magasin de souvenirs, rue Masco\u00efnat, dans le Vieux-Nice. Je le garde, mais je cherche \u00e9galement un emplacement dans Nice, pour monter un complexe de padel indoor.\u00a0\u00bb<\/p>\n<p>              <img ci-src=\"https:\/\/www.nicematin.com\/commerce\/protec\/DATA_ART_15627149-lA3c3AiS.jpg?vh=b80679&amp;ci_seal=009c3e7506\" alt=\"\"\/><br \/>\n        Avant 1974, c\u2019\u00e9tait une pharmacie qui occupait l\u2019angle de Borriglione et de la rue Michel-Ange&#13;<br \/>\nReproduction &#13;<br \/>\nMarianne Fallon <\/p>\n","protected":false},"excerpt":{"rendered":"Dutto ferme d\u00e9finitivement le 23 ao\u00fbt. Le magasin attenant, sous l\u2019enseigne Rieker, aussi, et m\u00eame plus t\u00f4t: le&hellip;\n","protected":false},"author":2,"featured_media":141547,"comment_status":"","ping_status":"","sticky":false,"template":"","format":"standard","meta":{"footnotes":""},"categories":[2819],"tags":[1111,11,215,33,1777,674,1011,27,12,2401,882,25],"class_list":{"0":"post-141546","1":"post","2":"type-post","3":"status-publish","4":"format-standard","5":"has-post-thumbnail","7":"category-nice","8":"tag-actu","9":"tag-actualites","10":"tag-commerce","11":"tag-economie","12":"tag-eu","13":"tag-europe","14":"tag-fr","15":"tag-france","16":"tag-news","17":"tag-nice","18":"tag-provence-alpes-cote-dazur","19":"tag-republique-francaise"},"share_on_mastodon":{"url":"https:\/\/pubeurope.com\/@fr\/114602186119178492","error":""},"_links":{"self":[{"href":"https:\/\/www.europesays.com\/fr\/wp-json\/wp\/v2\/posts\/141546","targetHints":{"allow":["GET"]}}],"collection":[{"href":"https:\/\/www.europesays.com\/fr\/wp-json\/wp\/v2\/posts"}],"about":[{"href":"https:\/\/www.europesays.com\/fr\/wp-json\/wp\/v2\/types\/post"}],"author":[{"embeddable":true,"href":"https:\/\/www.europesays.com\/fr\/wp-json\/wp\/v2\/users\/2"}],"replies":[{"embeddable":true,"href":"https:\/\/www.europesays.com\/fr\/wp-json\/wp\/v2\/comments?post=141546"}],"version-history":[{"count":0,"href":"https:\/\/www.europesays.com\/fr\/wp-json\/wp\/v2\/posts\/141546\/revisions"}],"wp:featuredmedia":[{"embeddable":true,"href":"https:\/\/www.europesays.com\/fr\/wp-json\/wp\/v2\/media\/141547"}],"wp:attachment":[{"href":"https:\/\/www.europesays.com\/fr\/wp-json\/wp\/v2\/media?parent=141546"}],"wp:term":[{"taxonomy":"category","embeddable":true,"href":"https:\/\/www.europesays.com\/fr\/wp-json\/wp\/v2\/categories?post=141546"},{"taxonomy":"post_tag","embeddable":true,"href":"https:\/\/www.europesays.com\/fr\/wp-json\/wp\/v2\/tags?post=141546"}],"curies":[{"name":"wp","href":"https:\/\/api.w.org\/{rel}","templated":true}]}}