{"id":141550,"date":"2025-05-31T11:23:11","date_gmt":"2025-05-31T11:23:11","guid":{"rendered":"https:\/\/www.europesays.com\/fr\/141550\/"},"modified":"2025-05-31T11:23:11","modified_gmt":"2025-05-31T11:23:11","slug":"150-partisans-de-lesperanto-attendus-a-nantes-2","status":"publish","type":"post","link":"https:\/\/www.europesays.com\/fr\/141550\/","title":{"rendered":"150\u00a0partisans de l\u2019esp\u00e9ranto attendus \u00e0 Nantes"},"content":{"rendered":"<p>Ce congr\u00e8s aura lieu \u00e0 la Manu (1) et rassemblera environ 150\u00a0personnes, tous locuteurs de la langue internationale Esp\u00e9ranto. Bruno et Maryvonne Robineau comptent parmi les organisateurs nantais du congr\u00e8s. Ils ont fait l\u2019exp\u00e9rience de l\u2019utilit\u00e9 de l\u2019esp\u00e9ranto lors de leur voyage de 8\u00a0ann\u00e9es autour du monde.<\/p>\n<p>Le Centre Culturel Nantes Esp\u00e9ranto, association locale organisatrice, pr\u00e9voit des conf\u00e9rences, des d\u00e9bats, des concerts et la d\u00e9couverte de la ville, activit\u00e9s toutes en Esp\u00e9ranto. L\u2019histoire de Nantes et celle de Jules-Verne, sympathisant actif de l\u2019esp\u00e9ranto, seront mises \u00e0 l\u2019honneur au cours de ces trois jours de rencontres.<\/p>\n<p>L\u2019inventeur du v\u00e9lo-rail<\/p>\n<p>Cet \u00e9v\u00e8nement est ouvert au public nantais \u00e0 travers notamment une exposition intitul\u00e9e \u00ab\u00a0L\u2019Eurasie \u00e0 v\u00e9lo \u2013 1928-1932\u00a0\u00bb. R\u00e9alis\u00e9e par une \u00e9quipe pluridisciplinaire de scientifiques et d\u2019esp\u00e9rantophones, sous la conduite de Pascal Dubourg-Glatigny, directeur de recherche au CNRS, elle retrace le p\u00e9riple de Lucien P\u00e9raire, un jeune ouvrier esp\u00e9rantiste qui accomplit, dans les ann\u00e9es 1930, un extraordinaire voyage \u00e0 v\u00e9lo de l\u2019Europe jusqu\u2019au Japon\u00a0; il inventa notamment le \u00ab\u00a0v\u00e9lo-rail\u00a0\u00bb pour parcourir la Sib\u00e9rie d\u00e9nu\u00e9e de routes \u00e0 l\u2019\u00e9poque.<\/p>\n<p>Pendant le congr\u00e8s, Gabin Forcier, jeune esp\u00e9rantophone nantais, pr\u00e9sentera son voyage de six mois en stop \u00e0 travers l\u2019Europe \u00e0 la rencontre des esp\u00e9rantophones.<\/p>\n<p>Un atelier d\u2019initiation gratuite \u00e0 la langue esp\u00e9ranto est \u00e9galement pr\u00e9vu le dimanche 8\u00a0juin de 11\u00a0h \u00e0 12\u00a0h \u00e0 la Manu.<\/p>\n<p>Ouvert du 7 au 9\u00a0juin de 10\u00a0h \u00e0 18\u00a0h. Gratuit. Lieu\u00a0; La Manu, 10\u00a0bis boulevard de Stalingrad \u00e0 Nantes.<\/p>\n<p>\u00a0<\/p>\n","protected":false},"excerpt":{"rendered":"Ce congr\u00e8s aura lieu \u00e0 la Manu (1) et rassemblera environ 150\u00a0personnes, tous locuteurs de la langue internationale&hellip;\n","protected":false},"author":2,"featured_media":139897,"comment_status":"","ping_status":"","sticky":false,"template":"","format":"standard","meta":{"footnotes":""},"categories":[2818],"tags":[6540,1111,11,17144,26657,1777,674,1011,27,766,12,26656,2636,25],"class_list":{"0":"post-141550","1":"post","2":"type-post","3":"status-publish","4":"format-standard","5":"has-post-thumbnail","7":"category-nantes","8":"tag-6540","9":"tag-actu","10":"tag-actualites","11":"tag-attendus","12":"tag-esperanto","13":"tag-eu","14":"tag-europe","15":"tag-fr","16":"tag-france","17":"tag-nantes","18":"tag-news","19":"tag-partisans","20":"tag-pays-de-la-loire","21":"tag-republique-francaise"},"share_on_mastodon":{"url":"https:\/\/pubeurope.com\/@fr\/114602193933466430","error":""},"_links":{"self":[{"href":"https:\/\/www.europesays.com\/fr\/wp-json\/wp\/v2\/posts\/141550","targetHints":{"allow":["GET"]}}],"collection":[{"href":"https:\/\/www.europesays.com\/fr\/wp-json\/wp\/v2\/posts"}],"about":[{"href":"https:\/\/www.europesays.com\/fr\/wp-json\/wp\/v2\/types\/post"}],"author":[{"embeddable":true,"href":"https:\/\/www.europesays.com\/fr\/wp-json\/wp\/v2\/users\/2"}],"replies":[{"embeddable":true,"href":"https:\/\/www.europesays.com\/fr\/wp-json\/wp\/v2\/comments?post=141550"}],"version-history":[{"count":0,"href":"https:\/\/www.europesays.com\/fr\/wp-json\/wp\/v2\/posts\/141550\/revisions"}],"wp:featuredmedia":[{"embeddable":true,"href":"https:\/\/www.europesays.com\/fr\/wp-json\/wp\/v2\/media\/139897"}],"wp:attachment":[{"href":"https:\/\/www.europesays.com\/fr\/wp-json\/wp\/v2\/media?parent=141550"}],"wp:term":[{"taxonomy":"category","embeddable":true,"href":"https:\/\/www.europesays.com\/fr\/wp-json\/wp\/v2\/categories?post=141550"},{"taxonomy":"post_tag","embeddable":true,"href":"https:\/\/www.europesays.com\/fr\/wp-json\/wp\/v2\/tags?post=141550"}],"curies":[{"name":"wp","href":"https:\/\/api.w.org\/{rel}","templated":true}]}}