{"id":141553,"date":"2025-05-31T11:25:11","date_gmt":"2025-05-31T11:25:11","guid":{"rendered":"https:\/\/www.europesays.com\/fr\/141553\/"},"modified":"2025-05-31T11:25:11","modified_gmt":"2025-05-31T11:25:11","slug":"ces-biens-immobiliers-de-luxe-sont-a-vendre-dans-le-centre-et-autour-de-bordeaux-jusqua-3-millions-deuros","status":"publish","type":"post","link":"https:\/\/www.europesays.com\/fr\/141553\/","title":{"rendered":"Ces biens immobiliers de luxe sont \u00e0 vendre dans le centre et autour de Bordeaux, jusqu&rsquo;\u00e0 3 millions d&rsquo;euros"},"content":{"rendered":"<p>            Par<br \/>\n        <strong><br \/>\n            <a href=\"https:\/\/actu.fr\/auteur\/anaelle-montagne\" title=\"Consulter tous les articles de Anaelle Montagne\" rel=\"nofollow noopener\" target=\"_blank\">Anaelle Montagne<\/a><br \/>\n        <\/strong><\/p>\n<p>        Publi\u00e9 le<\/p>\n<p>            31 mai 2025 \u00e0 12h32        <\/p>\n<p>Immenses chateaux, lofts industriels, appartements donnant sur le Jardin public\u2026 Dans Bordeaux et sa m\u00e9tropole, certains <strong>biens immobiliers de luxe<\/strong> \u00e9chappent aux standards. La r\u00e9daction d\u2019<a href=\"https:\/\/actu.fr\/bordeaux\/\" rel=\"nofollow noopener\" target=\"_blank\">actu Bordeaux<\/a> s\u2019est pench\u00e9e sur les propri\u00e9t\u00e9s d\u2019exception en vente autour de la capitale girondine.\u00a0<\/p>\n<p>Ch\u00e2teau r\u00e9nov\u00e9 avec bassin, piscine et chapelle<br \/>\n    <img   decoding=\"async\" loading=\"lazy\" src=\"https:\/\/www.europesays.com\/fr\/wp-content\/uploads\/2025\/05\/espaces-atypiques-960x640.jpg\" alt=\"Le chateau est situ\u00e9 \u00e0 Saint-Andr\u00e9-de-Cubzac en Gironde.\" width=\"960\" height=\"640\"\/><br \/>\n    Le chateau est situ\u00e9 \u00e0 Saint-Andr\u00e9-de-Cubzac en Gironde. (\u00a9Espaces Atypiques)<\/p>\n<p class=\" wall-content\">Un ch\u00e2teau de 600 m\u00e8tres carr\u00e9s, enti\u00e8rement r\u00e9nov\u00e9, est en vente pour 1 820 000 euros \u00e0 Saint-Andr\u00e9-de-Cubzac, pr\u00e8s de Bordeaux. \u00c9rig\u00e9 sur un terrain de <strong>plus de 20 000 m\u00e8tres carr\u00e9s<\/strong>, il est compos\u00e9 de sept chambres et six salles de bains, de plusieurs pi\u00e8ces \u00e0 vivre, ainsi qu\u2019une biblioth\u00e8que, un bureau et deux cuisines am\u00e9nag\u00e9es.\u00a0<\/p>\n<p class=\" wall-content\">Dehors, un long bassin agr\u00e9ment\u00e9 d\u2019une fontaine s\u2019allonge jusqu\u2019\u00e0 l\u2019entr\u00e9e du ch\u00e2teau. Une piscine et une pool house ajoutent du cachet au bien, sans oublier <strong>la chapelle priv\u00e9e<\/strong>.<\/p>\n<p class=\" wall-content\">\u00c0 vendre pour 1 820 000 euros <a href=\"https:\/\/www.espaces-atypiques.com\/ventes\/33240-saint-andre-de-cubzac-chateau-renove-dans-son-ecrin-de-verdure-1923eabx\/\" rel=\"nofollow noopener\" target=\"_blank\">chez <\/a><a href=\"https:\/\/www.espaces-atypiques.com\/ventes\/33240-saint-andre-de-cubzac-chateau-renove-dans-son-ecrin-de-verdure-1923eabx\/\" rel=\"nofollow noopener\" target=\"_blank\">Espaces Atypiques<\/a>.<\/p>\n<p>Maison avec une immense verri\u00e8re en plein Bordeaux<br \/>\n    <img   decoding=\"async\" loading=\"lazy\" src=\"https:\/\/www.europesays.com\/fr\/wp-content\/uploads\/2025\/05\/capture-decran-2025-05-28-120554-960x640.jpg\" alt=\"La maison est situ\u00e9e \u00e0 Barri\u00e8re du M\u00e9doc, dans Bordeaux.\" width=\"960\" height=\"640\"\/><br \/>\n    La maison est situ\u00e9e \u00e0 Barri\u00e8re du M\u00e9doc, dans Bordeaux. (\u00a9Barnes)Vid\u00e9os : en ce moment sur Actu<\/p>\n<p class=\" wall-content\">Une maison de 300 m\u00e8tres carr\u00e9s est nich\u00e9e entre Saint-Seurin et le Parc Bordelais, en plein centre de Bordeaux. Une grande verri\u00e8re atelier illumine sa salle \u00e0 manger, situ\u00e9 pr\u00e8s d\u2019un double salon. La maison comporte quatre chambres et trois salles d\u2019eau, ainsi qu\u2019un jardin de 160 m\u00e8tres carr\u00e9s, avec piscine chauff\u00e9e. Sans oublier la cave \u00e0 vin et le hammam.<\/p>\n<p class=\" wall-content\">\u00c0 vendre pour 2 265 000 euros <a href=\"https:\/\/www.barnes-bordeaux.com\/achat-immobilier-prestige\/bordeaux-33000\/maison\/maison-bordeaux-300-m2-4-chambres-1261\" rel=\"nofollow noopener\" target=\"_blank\">chez Barnes<\/a>.<\/p>\n<p>Ancien chai avec piscine int\u00e9rieure aux Chartrons<br \/>\n    <img   decoding=\"async\" loading=\"lazy\" src=\"https:\/\/www.europesays.com\/fr\/wp-content\/uploads\/2025\/05\/capture-decran-2025-05-28-141808-960x640.jpg\" alt=\"L'ancien chai r\u00e9nov\u00e9 est install\u00e9 au coeur des Chartrons.\" width=\"960\" height=\"640\"\/><br \/>\n    L\u2019ancien chai r\u00e9nov\u00e9 est install\u00e9 au coeur des Chartrons. (\u00a9Espaces Atypiques)<\/p>\n<p class=\" wall-content\">Le quartier des Chartrons, r\u00e9put\u00e9 pour ses biens hauts de gamme, cache un ancien chai r\u00e9habilit\u00e9 en maison de pr\u00e8s de 200 m\u00e8tres carr\u00e9s. Avec son style \u00ab\u00a0r\u00e9solument loft\u00a0\u00bb, la b\u00e2tisse se d\u00e9marque par ses <strong>volumes g\u00e9n\u00e9reux<\/strong>. Le salon dispose d\u2019ouvertures z\u00e9nithales (au plafond) et de larges baies vitr\u00e9es.<\/p>\n<p class=\" wall-content\">Le jardin vient prolonger l\u2019espace de vie du salon et salle \u00e0 manger ; \u00e0 l\u2019\u00e9tage, trois chambres sont accessibles par un <strong>escalier sur mesure en m\u00e9tal<\/strong>, \u00ab\u00a0v\u00e9ritable pi\u00e8ce d\u2019architecture\u00a0\u00bb. Sans oublier la piscine int\u00e9rieure chauff\u00e9e au rez-de-chauss\u00e9e.<\/p>\n<p class=\" wall-content\">La maison est \u00e0 vendre pour 1 150 000 euros chez <a href=\"https:\/\/www.espaces-atypiques.com\/ventes\/33300-bordeaux-ancien-chai-rehabilite-avec-piscine-interieure-jardin-et-garage-2049eabx\/\" rel=\"nofollow noopener\" target=\"_blank\">Espaces Atypiques<\/a>.<\/p>\n<p>Appartement de 300 m\u00e8tres carr\u00e9s donnant sur le Jardin public<br \/>\n    <img   decoding=\"async\" loading=\"lazy\" src=\"https:\/\/www.europesays.com\/fr\/wp-content\/uploads\/2025\/05\/capture-decran-2025-05-28-143611-960x640.jpg\" alt=\"L'appartement donne directement sur le Jardin public de Bordeaux.\" width=\"960\" height=\"640\"\/><br \/>\n    L\u2019appartement donne directement sur le Jardin public de Bordeaux. (\u00a9Barnes immobilier)<\/p>\n<p class=\" wall-content\">Barnes immobilier propose un appartement de 334 m\u00e8tres carr\u00e9s, au rez-de-chauss\u00e9e sur\u00e9lev\u00e9 d\u2019un immeuble. L\u2019un des<strong> salons du logement<\/strong> dispose d\u2019une galerie vitr\u00e9e, qui donne directement sur le Jardin public. Il est aussi compos\u00e9 d\u2019un second salon biblioth\u00e8que et de trois chambres, dont une donnant sur le jardin.<\/p>\n<p class=\" wall-content\">L\u2019appartement est \u00e0 vendre <a href=\"https:\/\/www.barnes-bordeaux.com\/achat-immobilier-prestige\/bordeaux-33000\/appartement\/appartement-bordeaux-334-m2-3-chambres-945\" rel=\"nofollow noopener\" target=\"_blank\">chez Barnes<\/a> pour 3 500 000 euros.<\/p>\n<p>Loft industriel avec terrasse et piscine aux Chartrons<br \/>\n    <img   decoding=\"async\" loading=\"lazy\" src=\"https:\/\/www.europesays.com\/fr\/wp-content\/uploads\/2025\/05\/capture-decran-2025-05-28-145219-960x640.jpg\" alt=\"Le loft est \u00e0 vendre aux Chartrons.\" width=\"960\" height=\"640\"\/><br \/>\n    Le loft est \u00e0 vendre aux Chartrons. (\u00a9Espaces Atypiques)<\/p>\n<p class=\" wall-content\">Le quartier des Chartrons n\u2019en a pas fini de surprendre. Un vaste<strong> loft industriel<\/strong> y a r\u00e9cemment \u00e9t\u00e9 mis en vente. Il s\u2019\u00e9tend sur 190 m\u00e8tres carr\u00e9s, avec un salon de pr\u00e8s de 100 m\u00e8tres carr\u00e9s, ouvert par des baies vitr\u00e9es sur une terrasse de 80 m\u00e8tres carr\u00e9s.<\/p>\n<p class=\" wall-content\">Dehors, une <strong>piscine naturelle<\/strong> peut \u00eatre recouverte d\u2019un panneau de bois coulissant accord\u00e9 \u00e0 la terrasse. L\u2019\u00e9tage est compos\u00e9 de deux chambres avec salle de bain et salle d\u2019eau, ainsi qu\u2019une autre terrasse.<\/p>\n<p class=\" wall-content\">Le bien est \u00e0 vendre pour 1 260 000 euros <a href=\"https:\/\/www.espaces-atypiques.com\/ventes\/33300-bordeaux-loft-sculptural-avec-terrasse-et-piscine-aux-chartrons-1793eabx\/\" rel=\"nofollow noopener\" target=\"_blank\">chez <\/a><a href=\"https:\/\/www.espaces-atypiques.com\/ventes\/33300-bordeaux-loft-sculptural-avec-terrasse-et-piscine-aux-chartrons-1793eabx\/\" rel=\"nofollow noopener\" target=\"_blank\">Espaces Atypiques<\/a>.<\/p>\n<p class=\" wall-content\">Suivez toute l\u2019actualit\u00e9 de vos villes et m\u00e9dias favoris en vous inscrivant \u00e0 <a href=\"https:\/\/moncompte.actu.fr\" title=\"D\u00e9couvez Mon Actu\" rel=\"nofollow noopener\" data-trk=\"{&quot;cta&quot;:{&quot;action&quot;:&quot;https:\\\/\\\/moncompte.actu.fr&quot;,&quot;category&quot;:&quot;mon compte&quot;,&quot;from&quot;:&quot;article footer&quot;,&quot;name&quot;:&quot;Mon actu&quot;,&quot;type&quot;:&quot;cta&quot;}}\" target=\"_blank\">Mon Actu<\/a>.<\/p>\n","protected":false},"excerpt":{"rendered":"Par Anaelle Montagne Publi\u00e9 le 31 mai 2025 \u00e0 12h32 Immenses chateaux, lofts industriels, appartements donnant sur le&hellip;\n","protected":false},"author":2,"featured_media":141554,"comment_status":"","ping_status":"","sticky":false,"template":"","format":"standard","meta":{"footnotes":""},"categories":[2817],"tags":[1111,11,1997,1777,674,1011,27,1116,1305,2425,12,2219,25],"class_list":{"0":"post-141553","1":"post","2":"type-post","3":"status-publish","4":"format-standard","5":"has-post-thumbnail","7":"category-bordeaux","8":"tag-actu","9":"tag-actualites","10":"tag-bordeaux","11":"tag-eu","12":"tag-europe","13":"tag-fr","14":"tag-france","15":"tag-immobilier","16":"tag-lifestyle","17":"tag-luxe","18":"tag-news","19":"tag-nouvelle-aquitaine","20":"tag-republique-francaise"},"share_on_mastodon":{"url":"https:\/\/pubeurope.com\/@fr\/114602201874389308","error":""},"_links":{"self":[{"href":"https:\/\/www.europesays.com\/fr\/wp-json\/wp\/v2\/posts\/141553","targetHints":{"allow":["GET"]}}],"collection":[{"href":"https:\/\/www.europesays.com\/fr\/wp-json\/wp\/v2\/posts"}],"about":[{"href":"https:\/\/www.europesays.com\/fr\/wp-json\/wp\/v2\/types\/post"}],"author":[{"embeddable":true,"href":"https:\/\/www.europesays.com\/fr\/wp-json\/wp\/v2\/users\/2"}],"replies":[{"embeddable":true,"href":"https:\/\/www.europesays.com\/fr\/wp-json\/wp\/v2\/comments?post=141553"}],"version-history":[{"count":0,"href":"https:\/\/www.europesays.com\/fr\/wp-json\/wp\/v2\/posts\/141553\/revisions"}],"wp:featuredmedia":[{"embeddable":true,"href":"https:\/\/www.europesays.com\/fr\/wp-json\/wp\/v2\/media\/141554"}],"wp:attachment":[{"href":"https:\/\/www.europesays.com\/fr\/wp-json\/wp\/v2\/media?parent=141553"}],"wp:term":[{"taxonomy":"category","embeddable":true,"href":"https:\/\/www.europesays.com\/fr\/wp-json\/wp\/v2\/categories?post=141553"},{"taxonomy":"post_tag","embeddable":true,"href":"https:\/\/www.europesays.com\/fr\/wp-json\/wp\/v2\/tags?post=141553"}],"curies":[{"name":"wp","href":"https:\/\/api.w.org\/{rel}","templated":true}]}}