{"id":141559,"date":"2025-05-31T11:28:08","date_gmt":"2025-05-31T11:28:08","guid":{"rendered":"https:\/\/www.europesays.com\/fr\/141559\/"},"modified":"2025-05-31T11:28:08","modified_gmt":"2025-05-31T11:28:08","slug":"stade-toulousain-27-crampons-vendus-aux-encheres-vont-aider-des-causes-sociales-et-environnementales","status":"publish","type":"post","link":"https:\/\/www.europesays.com\/fr\/141559\/","title":{"rendered":"Stade Toulousain. 27 crampons vendus aux ench\u00e8res vont aider des causes sociales et environnementales"},"content":{"rendered":"<p>            Par<br \/>\n        <strong><br \/>\n            <a href=\"https:\/\/actu.fr\/auteur\/ancelin-emeryhenriot\" title=\"Consulter tous les articles de Ancelin Emery-Henriot\" rel=\"nofollow noopener\" target=\"_blank\">Ancelin Emery-Henriot<\/a><br \/>\n        <\/strong><\/p>\n<p>        Publi\u00e9 le<\/p>\n<p>            31 mai 2025 \u00e0 13h01        <\/p>\n<p>Les collectionneurs et autres supporters ont eu du grain \u00e0 moudre cette semaine. Le <strong>gala<\/strong> du Fonds de dotation du Stade <a href=\"https:\/\/actu.fr\/toulouse\/\" rel=\"nofollow noopener\" target=\"_blank\">Toulousain<\/a> a eu lieu ce lundi 26 mai 2025. L\u2019occasion pour le club de pr\u00e9senter les<strong> 27 paires<\/strong> de crampons de joueurs et joueuses mises r\u00e9cemment aux ench\u00e8res. La particularit\u00e9 de ces derni\u00e8res : elles ont \u00e9t\u00e9 <strong>customis\u00e9es<\/strong> en collaboration avec l\u2019artiste <strong>R\u00e9my Grosso<\/strong>. Les revenus g\u00e9n\u00e9r\u00e9s par la vente et par la soir\u00e9e ont \u00e9t\u00e9 r\u00e9colt\u00e9s au profit du fonds de dotation.\u00a0<\/p>\n<p>Une jeune initiative<\/p>\n<p class=\" wall-content\">Ce dernier a pour objectif de <strong>d\u00e9velopper<\/strong> \u201cdes projets d\u2019int\u00e9r\u00eat g\u00e9n\u00e9ral \u00e0 caract\u00e8re social, \u00e9ducatif, environnemental et sportif visant \u00e0 promouvoir le rugby et ses valeurs\u201d, selon les clubs. Fond\u00e9 en 2020, il avait r\u00e9colt\u00e9 plus de <strong>4 millions d\u2019euros<\/strong> lors de ses quatre premi\u00e8res ann\u00e9es d\u2019existence, dernier chiffre disponible. Le Stade Toulousain pr\u00e9cise que <strong>65 % de ces revenus<\/strong> sont destin\u00e9s directement \u00e0 la formation sportive.<\/p>\n<p class=\" wall-content\">Le reste est destin\u00e9 \u00e0 <strong>plusieurs projets<\/strong> de nature diverse. Entre autres, <strong>l\u2019audiodescription<\/strong> pour les personnes malvoyantes ou non-voyantes qui souhaitent tout de m\u00eame vivre l\u2019exp\u00e9rience au stade, le d\u00e9veloppement du <strong>rugby f\u00e9minin<\/strong>, l\u2019engagement \u00e9cologique les jours de matchs. Hors de l\u2019enceinte d\u2019Ernest Wallon ces projets se manifestent par <strong>des programmes sportifs<\/strong> pour les personnes en situation de handicap, l\u2019utilisation du rugby et de ses valeurs comme outil d\u2019int\u00e9gration et de citoyennet\u00e9 ou encore la <strong>mise en place<\/strong> d\u2019une bourse de l\u2019emploi \u00e0 destination des candidats issus de milieux d\u00e9favoris\u00e9.<\/p>\n<p class=\" wall-content\">Suivez toute l\u2019actualit\u00e9 de vos villes et m\u00e9dias favoris en vous inscrivant \u00e0 <a href=\"https:\/\/moncompte.actu.fr\" title=\"D\u00e9couvez Mon Actu\" rel=\"nofollow noopener\" data-trk=\"{&quot;cta&quot;:{&quot;action&quot;:&quot;https:\\\/\\\/moncompte.actu.fr&quot;,&quot;category&quot;:&quot;mon compte&quot;,&quot;from&quot;:&quot;article footer&quot;,&quot;name&quot;:&quot;Mon actu&quot;,&quot;type&quot;:&quot;cta&quot;}}\" target=\"_blank\">Mon Actu<\/a>.<\/p>\n","protected":false},"excerpt":{"rendered":"Par Ancelin Emery-Henriot Publi\u00e9 le 31 mai 2025 \u00e0 13h01 Les collectionneurs et autres supporters ont eu du&hellip;\n","protected":false},"author":2,"featured_media":141560,"comment_status":"","ping_status":"","sticky":false,"template":"","format":"standard","meta":{"footnotes":""},"categories":[2816],"tags":[1111,11,1777,674,1011,27,1943,12,2680,25,12042,104,476,2312],"class_list":{"0":"post-141559","1":"post","2":"type-post","3":"status-publish","4":"format-standard","5":"has-post-thumbnail","7":"category-toulouse","8":"tag-actu","9":"tag-actualites","10":"tag-eu","11":"tag-europe","12":"tag-fr","13":"tag-france","14":"tag-handicap","15":"tag-news","16":"tag-occitanie","17":"tag-republique-francaise","18":"tag-rugby-feminin","19":"tag-societe","20":"tag-stade-toulousain","21":"tag-toulouse"},"share_on_mastodon":{"url":"https:\/\/pubeurope.com\/@fr\/114602213566947400","error":""},"_links":{"self":[{"href":"https:\/\/www.europesays.com\/fr\/wp-json\/wp\/v2\/posts\/141559","targetHints":{"allow":["GET"]}}],"collection":[{"href":"https:\/\/www.europesays.com\/fr\/wp-json\/wp\/v2\/posts"}],"about":[{"href":"https:\/\/www.europesays.com\/fr\/wp-json\/wp\/v2\/types\/post"}],"author":[{"embeddable":true,"href":"https:\/\/www.europesays.com\/fr\/wp-json\/wp\/v2\/users\/2"}],"replies":[{"embeddable":true,"href":"https:\/\/www.europesays.com\/fr\/wp-json\/wp\/v2\/comments?post=141559"}],"version-history":[{"count":0,"href":"https:\/\/www.europesays.com\/fr\/wp-json\/wp\/v2\/posts\/141559\/revisions"}],"wp:featuredmedia":[{"embeddable":true,"href":"https:\/\/www.europesays.com\/fr\/wp-json\/wp\/v2\/media\/141560"}],"wp:attachment":[{"href":"https:\/\/www.europesays.com\/fr\/wp-json\/wp\/v2\/media?parent=141559"}],"wp:term":[{"taxonomy":"category","embeddable":true,"href":"https:\/\/www.europesays.com\/fr\/wp-json\/wp\/v2\/categories?post=141559"},{"taxonomy":"post_tag","embeddable":true,"href":"https:\/\/www.europesays.com\/fr\/wp-json\/wp\/v2\/tags?post=141559"}],"curies":[{"name":"wp","href":"https:\/\/api.w.org\/{rel}","templated":true}]}}