{"id":141567,"date":"2025-05-31T11:33:12","date_gmt":"2025-05-31T11:33:12","guid":{"rendered":"https:\/\/www.europesays.com\/fr\/141567\/"},"modified":"2025-05-31T11:33:12","modified_gmt":"2025-05-31T11:33:12","slug":"mercedes-benz-a-la-decouverte-de-la-nouvelle-concession-cinq-etoiles-de-dardilly","status":"publish","type":"post","link":"https:\/\/www.europesays.com\/fr\/141567\/","title":{"rendered":"Mercedes-Benz. A la d\u00e9couverte de la nouvelle concession cinq \u00e9toiles de Dardilly"},"content":{"rendered":"<p>\t\t\t\t<img fetchpriority=\"high\" decoding=\"async\" width=\"900\" height=\"504\" src=\"https:\/\/www.europesays.com\/fr\/wp-content\/uploads\/2025\/05\/Capture-decran-2025-05-27-a-11.28.31.png\" alt=\"\" title=\"Mercedes Groupe Chopard\"   class=\"wp-image-160039\"\/><\/p>\n<p style=\"font-weight: 400;\"><strong>Texte\u00a0: Morgan Couturier \u2013<\/strong> En septembre 2025, le Groupe Chopard va inaugurer une des plus grandes concessions de France, du c\u00f4t\u00e9 de Dardilly. Un projet \u00e0 travers lequel le groupe automobile souhaite faire briller l\u2019\u00e9toile et la faire rayonner gr\u00e2ce \u00e0 ses mod\u00e8les d\u2019exception.<\/p>\n<p>Voil\u00e0 plus de 100 ans que Mercedes-Benz compte les \u00e9toiles et fait briller ce logo \u00e0 trois branches que tant r\u00eavent de poss\u00e9der. Mais la galaxie n\u2019a jamais assez de constellations. La marque \u00e0 l\u2019\u00e9toile encore moins, alors que celle-ci s\u2019appr\u00eate \u00e0 lever le voile sur une nouvelle vitrine d\u2019excellence.<\/p>\n<p style=\"font-weight: 400;\">\u00ab Cette concession Mercedes Benz de 14 000m2\u00a0fera partie des plus importantes de France \u00bb, r\u00e9v\u00e8le\u00a0<strong>Vanessa Goillerey<\/strong>, nomm\u00e9e depuis peu, directrice des sites du bassin lyonnais (Saint-Fons, Dardilly, Vienne, Villefranche sur Sa\u00f4ne), de M\u00e2con, Bourg en Bresse et Lons le Saunier.<\/p>\n<p><a href=\"https:\/\/www.lyonpeople.com\/actualites-lyon\/actualites-economiques\/mercedes-benz-groupe-chopard-une-nouvelle-concession-cinq-etoiles-a-dardilly-2025-05-31.html\/attachment\/image-2-2\" rel=\"attachment wp-att-160040 noopener\" target=\"_blank\"><img loading=\"lazy\" decoding=\"async\" class=\"alignnone size-full wp-image-160040\" src=\"data:image\/svg+xml,%3Csvg%20xmlns=\" http:=\"\" alt=\"\" width=\"900\" height=\"517\" data-lazy- data-lazy- data-lazy-src=\"https:\/\/www.europesays.com\/fr\/wp-content\/uploads\/2025\/05\/1748691192_912_image-2.png\"\/><\/a><\/p>\n<p style=\"font-weight: 400;\">\u00ab\u00a0L\u2019amour et le plaisir de la voiture\u00a0\u00bb, suffisent alors \u00e0 expliquer ce projet, pilot\u00e9 par le groupe Chopard, ce dernier \u00e9tant bien d\u00e9cid\u00e9 \u00e0 faire rayonner la marque allemande, en s\u2019appuyant sur les meilleures conditions d\u2019accueil possibles. Le meilleur de la technologie aussi, alors que ce nouveau showroom digitalis\u00e9, b\u00e2ti selon les standards de Mercedes-Benz, permettra aux clients de configurer leur v\u00e9hicule dans un espace d\u00e9di\u00e9.<\/p>\n<p><strong>Le site embl\u00e9matique du groupe<\/strong><\/p>\n<p style=\"font-weight: 400;\">\u00ab\u00a0Nous sommes dans un univers o\u00f9 l\u2019on transporte le client dans son projet. Nous voulons proposer une exp\u00e9rience diff\u00e9rente, port\u00e9e sur le d\u00e9tail, avec un accueil haut de gamme afin qu\u2019il y ait ce sentiment d\u00e8s que l\u2019on passe la porte\u00a0\u00bb, poursuit Vanessa Goillerey. Mieux, la concession de Dardilly est amen\u00e9e \u00e0 devenir un v\u00e9ritable lieu de vie, o\u00f9 l\u2019on admire les mod\u00e8les les plus prestigieux.<\/p>\n<p style=\"font-weight: 400;\">\u00ab\u00a0Les entreprises pourraient aussi y organiser des r\u00e9unions, des boutiques \u00e9ph\u00e9m\u00e8res pourraient s\u2019y installer et de nombreuses collaborations pourront \u00eatre imagin\u00e9es.<\/p>\n<p style=\"font-weight: 400;\">Nous allons \u00eatre le site vitrine de la marque pour le groupe. Et le client est vraiment plac\u00e9 au c\u0153ur de nos pr\u00e9occupations, afin d\u2019\u00eatre toujours en phase avec leurs attentes \u00bb, poursuit l\u2019int\u00e9ress\u00e9e. Une nouvelle \u00e8re rendue possible gr\u00e2ce \u00e0 un investissement important. Esth\u00e9tiquement s\u00e9duisant, ce nouvel \u00e9crin incarnera le meilleur de la marque et ne manquera pas une occasion d\u2019\u00eatre admir\u00e9e depuis l\u2019A6, bien plus accessible que la concession de Vaise, devenue trop complexe \u00e0 rallier.<\/p>\n<p><strong>\u00ab Le client est vraiment au c\u0153ur de nos pr\u00e9occupations \u00bb<\/strong><\/p>\n<p style=\"font-weight: 400;\">\u00ab On veut accueillir le public de mani\u00e8re qualitative et dans les meilleures conditions \u00bb, \u00e9voque Vanessa Goillerey, alors que l\u2019ensemble des collaborateurs de la rue Marietton vont prochainement emm\u00e9nager du c\u00f4t\u00e9 de ce bijou architectural, pos\u00e9 au 44, chemin de Bruy\u00e8re. Un service cinq \u00e9toiles auquel les clients pourront b\u00e9n\u00e9ficier \u00e0 compter de ce mois d\u2019ao\u00fbt.<\/p>\n<p style=\"font-weight: 400;\">Sur le trajet menant de Stuttgart \u00e0 Dardilly, il se dit m\u00eame que le showroom pourrait accueillir quelques mod\u00e8les exclusifs de la marque. Le tout, sans oublier le lancement tr\u00e8s attendu d\u2019un nouveau produit. \u00ab\u00a0The best or nothing (le meilleur ou rien)\u00a0\u00bb, comme le veut la tradition. \u00c0 Dardilly, les fl\u00e8ches d\u2019argent et le groupe Chopard ne comptent pas d\u00e9roger \u00e0 la r\u00e8gle. Mieux, ils tutoient les sommets. Vu du ciel, les \u00e9toiles entre elles, ne parlent que de \u00e7a.<\/p>\n<p style=\"font-weight: 400;\"><strong>Mercedes-Benz groupe Chopard<br \/>44, chemin de Bruy\u00e8re \u2013 69570 Dardilly <\/strong><\/p>\n","protected":false},"excerpt":{"rendered":"Texte\u00a0: Morgan Couturier \u2013 En septembre 2025, le Groupe Chopard va inaugurer une des plus grandes concessions de&hellip;\n","protected":false},"author":2,"featured_media":141568,"comment_status":"","ping_status":"","sticky":false,"template":"","format":"standard","meta":{"footnotes":""},"categories":[1889],"tags":[4257,1111,47,11,2430,1777,674,1011,27,26939,2428,26940,12,25],"class_list":{"0":"post-141567","1":"post","2":"type-post","3":"status-publish","4":"format-standard","5":"has-post-thumbnail","7":"category-lyon","8":"tag-0top","9":"tag-actu","10":"tag-actualite","11":"tag-actualites","12":"tag-auvergne-rhone-alpes","13":"tag-eu","14":"tag-europe","15":"tag-fr","16":"tag-france","17":"tag-groupe-chopard","18":"tag-lyon","19":"tag-mercedes-benz","20":"tag-news","21":"tag-republique-francaise"},"share_on_mastodon":{"url":"https:\/\/pubeurope.com\/@fr\/114602233536915548","error":""},"_links":{"self":[{"href":"https:\/\/www.europesays.com\/fr\/wp-json\/wp\/v2\/posts\/141567","targetHints":{"allow":["GET"]}}],"collection":[{"href":"https:\/\/www.europesays.com\/fr\/wp-json\/wp\/v2\/posts"}],"about":[{"href":"https:\/\/www.europesays.com\/fr\/wp-json\/wp\/v2\/types\/post"}],"author":[{"embeddable":true,"href":"https:\/\/www.europesays.com\/fr\/wp-json\/wp\/v2\/users\/2"}],"replies":[{"embeddable":true,"href":"https:\/\/www.europesays.com\/fr\/wp-json\/wp\/v2\/comments?post=141567"}],"version-history":[{"count":0,"href":"https:\/\/www.europesays.com\/fr\/wp-json\/wp\/v2\/posts\/141567\/revisions"}],"wp:featuredmedia":[{"embeddable":true,"href":"https:\/\/www.europesays.com\/fr\/wp-json\/wp\/v2\/media\/141568"}],"wp:attachment":[{"href":"https:\/\/www.europesays.com\/fr\/wp-json\/wp\/v2\/media?parent=141567"}],"wp:term":[{"taxonomy":"category","embeddable":true,"href":"https:\/\/www.europesays.com\/fr\/wp-json\/wp\/v2\/categories?post=141567"},{"taxonomy":"post_tag","embeddable":true,"href":"https:\/\/www.europesays.com\/fr\/wp-json\/wp\/v2\/tags?post=141567"}],"curies":[{"name":"wp","href":"https:\/\/api.w.org\/{rel}","templated":true}]}}