{"id":141569,"date":"2025-05-31T11:34:10","date_gmt":"2025-05-31T11:34:10","guid":{"rendered":"https:\/\/www.europesays.com\/fr\/141569\/"},"modified":"2025-05-31T11:34:10","modified_gmt":"2025-05-31T11:34:10","slug":"des-embouteillages-xxl-a-lyon","status":"publish","type":"post","link":"https:\/\/www.europesays.com\/fr\/141569\/","title":{"rendered":"des embouteillages XXL \u00e0 Lyon"},"content":{"rendered":"<p>Le cauchemar des embouteillages \u00e0 Lyon est d\u00e9j\u00e0 une r\u00e9alit\u00e9 \u00e0 Lyon. Alors que la <a href=\"https:\/\/www.leprogres.fr\/transport\/2025\/05\/30\/decouvrez-les-travaux-de-l-a7-qui-bloquent-le-sud-de-lyon\" target=\"_blank\" rel=\"noopener\">r\u00e9novation des viaducs de Pierre-V\u00e9nite sur l&rsquo;A7<\/a> entra\u00eene la <a href=\"https:\/\/www.leprogres.fr\/rhone\/coupure-a7\" target=\"_blank\" rel=\"noopener\">fermeture compl\u00e8te de l&rsquo;autoroute<\/a>, dans le sens Marseille-Lyon, les autres travaux qui courent dans la ville n&rsquo;aident pas. Ce samedi, les embouteillages sont interminables au sud de Lyon \u00a0: notamment sur l&rsquo;avenue Tony Garnier dans le quartier de Gerland o\u00f9 la vitesse moyenne est de 5 km\/h. M\u00eame constat, sur le pont de Vernaison et \u00e0 Saint-Fons, o\u00f9 les embouteillages sont importants.\u00a0<\/p>\n","protected":false},"excerpt":{"rendered":"Le cauchemar des embouteillages \u00e0 Lyon est d\u00e9j\u00e0 une r\u00e9alit\u00e9 \u00e0 Lyon. Alors que la r\u00e9novation des viaducs&hellip;\n","protected":false},"author":2,"featured_media":141570,"comment_status":"","ping_status":"","sticky":false,"template":"","format":"standard","meta":{"footnotes":""},"categories":[1889],"tags":[1111,11,2430,3542,3152,3154,1777,674,1011,27,2798,26942,17973,2428,12,15665,25,2429,3151,13170,1097,2803,26941],"class_list":{"0":"post-141569","1":"post","2":"type-post","3":"status-publish","4":"format-standard","5":"has-post-thumbnail","7":"category-lyon","8":"tag-actu","9":"tag-actualites","10":"tag-auvergne-rhone-alpes","11":"tag-circulation","12":"tag-edition-est-lyonnais","13":"tag-edition-sud-lyonnais","14":"tag-eu","15":"tag-europe","16":"tag-fr","17":"tag-france","18":"tag-galerie-photo","19":"tag-irigny","20":"tag-la-mulatiere","21":"tag-lyon","22":"tag-news","23":"tag-oullins-pierre-benite","24":"tag-republique-francaise","25":"tag-rhone","26":"tag-selection-de-la-redaction-69","27":"tag-solaize","28":"tag-trafic","29":"tag-transport","30":"tag-vernaison"},"share_on_mastodon":{"url":"https:\/\/pubeurope.com\/@fr\/114602237165460276","error":""},"_links":{"self":[{"href":"https:\/\/www.europesays.com\/fr\/wp-json\/wp\/v2\/posts\/141569","targetHints":{"allow":["GET"]}}],"collection":[{"href":"https:\/\/www.europesays.com\/fr\/wp-json\/wp\/v2\/posts"}],"about":[{"href":"https:\/\/www.europesays.com\/fr\/wp-json\/wp\/v2\/types\/post"}],"author":[{"embeddable":true,"href":"https:\/\/www.europesays.com\/fr\/wp-json\/wp\/v2\/users\/2"}],"replies":[{"embeddable":true,"href":"https:\/\/www.europesays.com\/fr\/wp-json\/wp\/v2\/comments?post=141569"}],"version-history":[{"count":0,"href":"https:\/\/www.europesays.com\/fr\/wp-json\/wp\/v2\/posts\/141569\/revisions"}],"wp:featuredmedia":[{"embeddable":true,"href":"https:\/\/www.europesays.com\/fr\/wp-json\/wp\/v2\/media\/141570"}],"wp:attachment":[{"href":"https:\/\/www.europesays.com\/fr\/wp-json\/wp\/v2\/media?parent=141569"}],"wp:term":[{"taxonomy":"category","embeddable":true,"href":"https:\/\/www.europesays.com\/fr\/wp-json\/wp\/v2\/categories?post=141569"},{"taxonomy":"post_tag","embeddable":true,"href":"https:\/\/www.europesays.com\/fr\/wp-json\/wp\/v2\/tags?post=141569"}],"curies":[{"name":"wp","href":"https:\/\/api.w.org\/{rel}","templated":true}]}}