{"id":141573,"date":"2025-05-31T11:37:11","date_gmt":"2025-05-31T11:37:11","guid":{"rendered":"https:\/\/www.europesays.com\/fr\/141573\/"},"modified":"2025-05-31T11:37:11","modified_gmt":"2025-05-31T11:37:11","slug":"a-paris-jets-de-peinture-verte-sur-deux-synagogues-et-le-memorial-de-la-shoah","status":"publish","type":"post","link":"https:\/\/www.europesays.com\/fr\/141573\/","title":{"rendered":"\u00e0 Paris, jets de peinture verte sur deux synagogues et le M\u00e9morial de la Shoah"},"content":{"rendered":"<p>            Par<br \/>\n        <strong><br \/>\n            <a href=\"https:\/\/actu.fr\/auteur\/thomas-martin\" title=\"Consulter tous les articles de Thomas Martin\" target=\"_blank\" rel=\"noopener\">Thomas Martin<\/a><br \/>\n        <\/strong><\/p>\n<p>        Publi\u00e9 le<\/p>\n<p>            31 mai 2025 \u00e0 12h44        <\/p>\n<p>Le <a href=\"https:\/\/actu.fr\/tag\/memorial-de-la-shoah\" target=\"_blank\" rel=\"noopener\">M\u00e9morial de la Shoah<\/a>, deux synagogues et un restaurant, situ\u00e9s dans le centre de Paris, ont \u00e9t\u00e9 asperg\u00e9s de peinture verte dans la nuit du vendredi 30 au samedi 31 mai, a-t-on appris de source polici\u00e8re.<\/p>\n<p>\u00ab\u00a0Cette fois, le geste est plus pr\u00e9cis\u00a0\u00bb<\/p>\n<p class=\" wall-content\">Au pied de la fa\u00e7ade du restaurant, \u00ab\u00a0Chez Marianne\u00a0\u00bb, un pot de peinture entam\u00e9 a \u00e9t\u00e9 retrouv\u00e9. Outre le restaurant, des jets de peinture ont \u00e9t\u00e9 constat\u00e9s par la police sur la synagogue des Tournelles, sur celle d\u2019Agoudas Hakehilos, ainsi que sur le M\u00e9morial de la Shoah, tous dans le 4e arrondissement de la capitale. Aucun message, ni revendication n\u2019a \u00e9t\u00e9 d\u00e9couvert \u00e0 ce stade.<\/p>\n<p class=\" wall-content\">Les faits ont \u00e9t\u00e9 constat\u00e9s par les policiers lors de leurs patrouilles vers 05h15. La lecture des images de la cam\u00e9ra de vid\u00e9osurveillance du M\u00e9morial a montr\u00e9 une personne v\u00eatue de noir taguer vers 4H30 du matin.<\/p>\n<p class=\" wall-content\">Sur X, Bruno Retailleau, le ministre de l\u2019Int\u00e9rieur, a fait part de son \u00ab\u00a0immense d\u00e9gout\u00a0\u00bb.\u00a0 \u00ab\u00a0Je condamne avec la plus grande force ces intimidations, l\u2019antis\u00e9mitisme n\u2019a pas sa place dans notre ville et dans notre R\u00e9publique. J\u2019ai demand\u00e9 au service de la propret\u00e9 d\u2019intervenir en urgence. Nous porterons plainte\u00a0\u00bb, a r\u00e9agi la maire PS de Paris, Anne Hidalgo, dans une d\u00e9claration transmise \u00e0 la presse.<\/p>\n<p class=\" wall-content\">Vive \u00e9motion \u00e9galement du maire de Paris Centre, Ariel Weil, qui a \u00e9crit sur X: \u00ab\u00a0Apr\u00e8s la peinture rouge, la peinture verte\u00a0\u00bb, en faisant r\u00e9f\u00e9rence aux \u00ab\u00a0mains rouges\u00a0\u00bb peintes sur le M\u00e9morial de la Shoah en mai 2024. Cette fois, le geste est plus pr\u00e9cis : m\u00e9morial de la Shoah, synagogues et restaurant \u00ab juif \u00bb, \u00e9crit-il.\u00a0 Apr\u00e8s tout, ce n\u2019est que du patrimoine. Et \u00e7a va s\u00fbrement sauver des vies. Les actes \u00ab militants \u00bb, on sait o\u00f9 \u00e7a commence, pas o\u00f9 \u00e7a finit\u00a0\u00bb.<\/p>\n<p>Vid\u00e9os : en ce moment sur Actu<\/p>\n<p class=\" wall-content\">\n<p>\u00ab\u00a0Maintien d\u2019une extr\u00eame vigilance\u00a0\u00bb<\/p>\n<p class=\" wall-content\">Dans un t\u00e9l\u00e9gramme adress\u00e9 aux pr\u00e9fets vendredi et consult\u00e9 par l\u2019AFP, Bruno Retailleau avait demand\u00e9 un renforcement des mesures de s\u00e9curisation de la communaut\u00e9 juive \u00e0 l\u2019occasion de la f\u00eate de Chavouot du dimanche 1er juin au soir au mardi 3 juin au soir.<\/p>\n<p class=\" wall-content\">Il avait expliqu\u00e9 ces mesures par la \u00ab\u00a0persistance des tensions au plan international, en particulier au Proche-Orient\u00a0\u00bb, qui \u00ab\u00a0exige le maintien d\u2019une extr\u00eame vigilance, notamment vis-\u00e0-vis des manifestations et des lieux \u00e0 caract\u00e8re religieux\u00a0\u00bb. Le ministre avait relev\u00e9 en outre que \u00ab\u00a0les actes antis\u00e9mites repr\u00e9sentant plus de 60% des actes antireligieux, la communaut\u00e9 juive \u00e9tait particuli\u00e8rement expos\u00e9e\u00a0\u00bb<\/p>\n<p class=\" wall-content\">Mercredi 28 mai, la <a href=\"https:\/\/actu.fr\/ile-de-france\/paris_75056\/mettre-fin-au-bain-de-sang-a-paris-la-fontaine-des-innocents-teintee-de-rouge-par-des-activistes-pro-gaza_62703973.html\" target=\"_blank\" rel=\"noopener\">fontaine des Innocents<\/a> dans le quartier des Halles a \u00e9t\u00e9 teint\u00e9e de rouge par des activistes pro-<a href=\"https:\/\/actu.fr\/tag\/gaza\" target=\"_blank\" rel=\"noopener\">Gaza<\/a>.\u00a0<\/p>\n<p class=\" wall-content\"><strong>Avec AFP<\/strong><\/p>\n<p class=\" wall-content\">Suivez toute l\u2019actualit\u00e9 de vos villes et m\u00e9dias favoris en vous inscrivant \u00e0 <a href=\"https:\/\/moncompte.actu.fr\" title=\"D\u00e9couvez Mon Actu\" rel=\"nofollow noopener\" data-trk=\"{&quot;cta&quot;:{&quot;action&quot;:&quot;https:\\\/\\\/moncompte.actu.fr&quot;,&quot;category&quot;:&quot;mon compte&quot;,&quot;from&quot;:&quot;article footer&quot;,&quot;name&quot;:&quot;Mon actu&quot;,&quot;type&quot;:&quot;cta&quot;}}\" target=\"_blank\">Mon Actu<\/a>.<\/p>\n","protected":false},"excerpt":{"rendered":"Par Thomas Martin Publi\u00e9 le 31 mai 2025 \u00e0 12h44 Le M\u00e9morial de la Shoah, deux synagogues et&hellip;\n","protected":false},"author":2,"featured_media":141574,"comment_status":"","ping_status":"","sticky":false,"template":"","format":"standard","meta":{"footnotes":""},"categories":[1888],"tags":[1111,1928,11,1927,6155,1777,674,118,1011,27,5643,17056,12,1926,626,1925,25],"class_list":{"0":"post-141573","1":"post","2":"type-post","3":"status-publish","4":"format-standard","5":"has-post-thumbnail","7":"category-paris","8":"tag-actu","9":"tag-actu-paris","10":"tag-actualites","11":"tag-actualites-paris","12":"tag-antisemitisme","13":"tag-eu","14":"tag-europe","15":"tag-faits-divers","16":"tag-fr","17":"tag-france","18":"tag-guerre-israel-hamas","19":"tag-memorial-de-la-shoah","20":"tag-news","21":"tag-news-paris","22":"tag-paris","23":"tag-paris-news","24":"tag-republique-francaise"},"share_on_mastodon":{"url":"https:\/\/pubeurope.com\/@fr\/114602249004578454","error":""},"_links":{"self":[{"href":"https:\/\/www.europesays.com\/fr\/wp-json\/wp\/v2\/posts\/141573","targetHints":{"allow":["GET"]}}],"collection":[{"href":"https:\/\/www.europesays.com\/fr\/wp-json\/wp\/v2\/posts"}],"about":[{"href":"https:\/\/www.europesays.com\/fr\/wp-json\/wp\/v2\/types\/post"}],"author":[{"embeddable":true,"href":"https:\/\/www.europesays.com\/fr\/wp-json\/wp\/v2\/users\/2"}],"replies":[{"embeddable":true,"href":"https:\/\/www.europesays.com\/fr\/wp-json\/wp\/v2\/comments?post=141573"}],"version-history":[{"count":0,"href":"https:\/\/www.europesays.com\/fr\/wp-json\/wp\/v2\/posts\/141573\/revisions"}],"wp:featuredmedia":[{"embeddable":true,"href":"https:\/\/www.europesays.com\/fr\/wp-json\/wp\/v2\/media\/141574"}],"wp:attachment":[{"href":"https:\/\/www.europesays.com\/fr\/wp-json\/wp\/v2\/media?parent=141573"}],"wp:term":[{"taxonomy":"category","embeddable":true,"href":"https:\/\/www.europesays.com\/fr\/wp-json\/wp\/v2\/categories?post=141573"},{"taxonomy":"post_tag","embeddable":true,"href":"https:\/\/www.europesays.com\/fr\/wp-json\/wp\/v2\/tags?post=141573"}],"curies":[{"name":"wp","href":"https:\/\/api.w.org\/{rel}","templated":true}]}}