{"id":141579,"date":"2025-05-31T11:40:08","date_gmt":"2025-05-31T11:40:08","guid":{"rendered":"https:\/\/www.europesays.com\/fr\/141579\/"},"modified":"2025-05-31T11:40:08","modified_gmt":"2025-05-31T11:40:08","slug":"le-memorial-de-la-shoah-deux-synagogues-et-un-restaurant-vandalises-a-paris-liberation","status":"publish","type":"post","link":"https:\/\/www.europesays.com\/fr\/141579\/","title":{"rendered":"Le M\u00e9morial de la Shoah, deux synagogues et un restaurant vandalis\u00e9s \u00e0 Paris \u2013 Lib\u00e9ration"},"content":{"rendered":"<p class=\"sc-ksZaOG ehjQrN text-element\">Le M\u00e9morial de la Shoah, deux synagogues et un restaurant, situ\u00e9s dans le centre de Paris, ont \u00e9t\u00e9 asperg\u00e9s de peinture verte dans la nuit de vendredi \u00e0 samedi. Selon <a href=\"https:\/\/www.leparisien.fr\/paris-75\/le-memorial-de-la-shoah-et-plusieurs-institutions-juives-degrades-a-paris-31-05-2025-MHIXT73IPVDN7NNGRCJZNZ6NFA.php?xtor=AD-366\" target=\"_blank\" rel=\"nofollow noopener\" title=\"https:\/\/www.leparisien.fr\/paris-75\/le-memorial-de-la-shoah-et-plusieurs-institutions-juives-degrades-a-paris-31-05-2025-MHIXT73IPVDN7NNGRCJZNZ6NFA.php?xtor=AD-366\">le Parisien<\/a>, les faits ont \u00e9t\u00e9 constat\u00e9s par les policiers lors de leurs patrouilles, vers 5 heures du matin. Pour sa part, <a href=\"https:\/\/www.rtl.fr\/actu\/justice-faits-divers\/info-rtl-paris-le-memorial-de-la-shoah-et-trois-synagogues-touches-par-des-jets-de-peinture-7900510880\" target=\"_blank\" rel=\"nofollow noopener\" title=\"https:\/\/www.rtl.fr\/actu\/justice-faits-divers\/info-rtl-paris-le-memorial-de-la-shoah-et-trois-synagogues-touches-par-des-jets-de-peinture-7900510880\">RTL<\/a> rapporte qu\u2019\u00abune relecture des images de vid\u00e9osurveillance du M\u00e9morial de la Shoah a r\u00e9v\u00e9l\u00e9 qu\u2019un individu v\u00eatu de noir a \u00e9t\u00e9 film\u00e9 en train de taguer les lieux vers 4 h 35 du matin\u00bb.<\/p>\n<p class=\"sc-ksZaOG ehjQrN text-element\">Au pied de la fa\u00e7ade du restaurant, Chez Marianne, un pot de peinture entam\u00e9 a \u00e9t\u00e9 retrouv\u00e9. Outre le restaurant, des jets de peinture ont \u00e9t\u00e9 constat\u00e9s par la police sur la synagogue des Tournelles, sur celle d\u2019Agoudas Hakehilos, ainsi que sur le M\u00e9morial de la Shoah, tous dans le IVe arrondissement de la capitale. Aucun message, ni revendication n\u2019a \u00e9t\u00e9 d\u00e9couvert \u00e0 ce stade.<\/p>\n<p class=\"sc-ksZaOG ehjQrN text-element\">\u00abJe condamne avec la plus grande force ces intimidations, a r\u00e9agi de son c\u00f4t\u00e9 la maire PS de Paris, Anne Hidalgo, dans une d\u00e9claration transmise \u00e0 la presse. L\u2019antis\u00e9mitisme n\u2019a pas sa place dans notre ville et dans notre R\u00e9publique. J\u2019ai demand\u00e9 au service de la propret\u00e9 d\u2019intervenir en urgence. Nous porterons plainte.\u00bb Dans un message post\u00e9 sur X, le ministre de l\u2019Int\u00e9rieur, Bruno Retailleau, a de son c\u00f4t\u00e9 dit son \u00abimmense d\u00e9go\u00fbt\u00bb.<\/p>\n<p class=\"sc-ksZaOG ehjQrN text-element\">\u00abApr\u00e8s la peinture rouge, la peinture verte, a quant \u00e0 lui r\u00e9agi Ariel Weil, maire PS du secteur Paris centre. Cette fois, le geste est plus pr\u00e9cis : M\u00e9morial de la Shoah, synagogues et restaurant \u201cjuif\u201d. Apr\u00e8s tout, ce n\u2019est que du patrimoine. Et \u00e7a va s\u00fbrement sauver des vies. Les actes \u201cmilitants\u201d, on sait o\u00f9 \u00e7a commence, pas o\u00f9 \u00e7a finit.\u00bb L\u2019\u00e9lu fait r\u00e9f\u00e9rence aux <a href=\"https:\/\/www.liberation.fr\/societe\/religions\/a-paris-le-mur-des-justes-du-memorial-de-la-shoah-vandalise-20240514_B5VDPYC6UZENTFUPID47BS2SGM\/\" target=\"_blank\" rel=\"nofollow noopener\" title=\"https:\/\/www.liberation.fr\/societe\/religions\/a-paris-le-mur-des-justes-du-memorial-de-la-shoah-vandalise-20240514_B5VDPYC6UZENTFUPID47BS2SGM\/\">mains rouges<\/a> qui avaient \u00e9t\u00e9 appos\u00e9es au pochoir sur le Mur des Justes du M\u00e9morial de la Shoah, dans la nuit du lundi 13 au mardi 14 mai de l\u2019ann\u00e9e derni\u00e8re.<\/p>\n<p class=\"sc-ksZaOG ehjQrN text-element\">Dans un t\u00e9l\u00e9gramme adress\u00e9 aux pr\u00e9fets vendredi et consult\u00e9 par l\u2019AFP, Bruno Retailleau avait demand\u00e9 un renforcement des mesures de s\u00e9curisation de la communaut\u00e9 juive \u00e0 l\u2019occasion de la f\u00eate de Chavouot du dimanche 1er juin au soir au mardi 3 juin au soir.<\/p>\n<p class=\"sc-ksZaOG ehjQrN text-element\">Il avait expliqu\u00e9 ces mesures par la \u00abpersistance des tensions au plan international, en particulier au Proche-Orient\u00bb, qui \u00abexige le maintien d\u2019une extr\u00eame vigilance, notamment vis-\u00e0-vis des manifestations et des lieux \u00e0 caract\u00e8re religieux\u00bb. Le ministre avait relev\u00e9 en outre que \u00ables actes antis\u00e9mites repr\u00e9sentant plus de 60 % des actes antireligieux, la communaut\u00e9 juive \u00e9tait particuli\u00e8rement expos\u00e9e\u00bb.<\/p>\n<p class=\"sc-ksZaOG ehjQrN text-element\">Un total de 1 570 <a href=\"https:\/\/www.liberation.fr\/societe\/religions\/antisemitisme-79-des-francais-considerent-quil-sagit-dun-phenomene-repandu-20241122_WUZI6I6SSNHT3FZ272Z5PFNWCU\/\" target=\"_blank\" rel=\"nofollow noopener\" title=\"https:\/\/www.liberation.fr\/societe\/religions\/antisemitisme-79-des-francais-considerent-quil-sagit-dun-phenomene-repandu-20241122_WUZI6I6SSNHT3FZ272Z5PFNWCU\/\">actes antis\u00e9mites<\/a> ont \u00e9t\u00e9 recens\u00e9s en France en 2024, apr\u00e8s 1 676 en 2023, <a href=\"https:\/\/www.liberation.fr\/societe\/religions\/antisemitisme-1-570-actes-recenses-en-2024-en-legere-baisse-sur-un-an-mais-toujours-a-un-niveau-historique-20250122_YBWVUKJ2NNAEBB5N4FZMTBE344\/\" target=\"_blank\" rel=\"nofollow noopener\" title=\"https:\/\/www.liberation.fr\/societe\/religions\/antisemitisme-1-570-actes-recenses-en-2024-en-legere-baisse-sur-un-an-mais-toujours-a-un-niveau-historique-20250122_YBWVUKJ2NNAEBB5N4FZMTBE344\/\">avait annonc\u00e9 le 22 janvier<\/a> le Conseil repr\u00e9sentatif des institutions juives de France (Crif), qui d\u00e9plorait un <a href=\"https:\/\/www.liberation.fr\/societe\/religions\/antisemites-le-nombre-dactes-multiplie-par-quatre-lan-dernier-surtout-apres-le-7-octobre-20240125_T3ZTVNNJ6VGRNH45HZGVM3CKJU\/\" target=\"_blank\" rel=\"nofollow noopener\" title=\"https:\/\/www.liberation.fr\/societe\/religions\/antisemites-le-nombre-dactes-multiplie-par-quatre-lan-dernier-surtout-apres-le-7-octobre-20240125_T3ZTVNNJ6VGRNH45HZGVM3CKJU\/\">niveau \u00abhistorique\u00bb<\/a> pour la deuxi\u00e8me ann\u00e9e cons\u00e9cutive.<\/p>\n","protected":false},"excerpt":{"rendered":"Le M\u00e9morial de la Shoah, deux synagogues et un restaurant, situ\u00e9s dans le centre de Paris, ont \u00e9t\u00e9&hellip;\n","protected":false},"author":2,"featured_media":141580,"comment_status":"","ping_status":"","sticky":false,"template":"","format":"standard","meta":{"footnotes":""},"categories":[1888],"tags":[11,6155,1777,674,1011,27,12,626,25],"class_list":{"0":"post-141579","1":"post","2":"type-post","3":"status-publish","4":"format-standard","5":"has-post-thumbnail","7":"category-paris","8":"tag-actualites","9":"tag-antisemitisme","10":"tag-eu","11":"tag-europe","12":"tag-fr","13":"tag-france","14":"tag-news","15":"tag-paris","16":"tag-republique-francaise"},"share_on_mastodon":{"url":"https:\/\/pubeurope.com\/@fr\/114602260827459276","error":""},"_links":{"self":[{"href":"https:\/\/www.europesays.com\/fr\/wp-json\/wp\/v2\/posts\/141579","targetHints":{"allow":["GET"]}}],"collection":[{"href":"https:\/\/www.europesays.com\/fr\/wp-json\/wp\/v2\/posts"}],"about":[{"href":"https:\/\/www.europesays.com\/fr\/wp-json\/wp\/v2\/types\/post"}],"author":[{"embeddable":true,"href":"https:\/\/www.europesays.com\/fr\/wp-json\/wp\/v2\/users\/2"}],"replies":[{"embeddable":true,"href":"https:\/\/www.europesays.com\/fr\/wp-json\/wp\/v2\/comments?post=141579"}],"version-history":[{"count":0,"href":"https:\/\/www.europesays.com\/fr\/wp-json\/wp\/v2\/posts\/141579\/revisions"}],"wp:featuredmedia":[{"embeddable":true,"href":"https:\/\/www.europesays.com\/fr\/wp-json\/wp\/v2\/media\/141580"}],"wp:attachment":[{"href":"https:\/\/www.europesays.com\/fr\/wp-json\/wp\/v2\/media?parent=141579"}],"wp:term":[{"taxonomy":"category","embeddable":true,"href":"https:\/\/www.europesays.com\/fr\/wp-json\/wp\/v2\/categories?post=141579"},{"taxonomy":"post_tag","embeddable":true,"href":"https:\/\/www.europesays.com\/fr\/wp-json\/wp\/v2\/tags?post=141579"}],"curies":[{"name":"wp","href":"https:\/\/api.w.org\/{rel}","templated":true}]}}