{"id":14158,"date":"2025-04-10T04:09:14","date_gmt":"2025-04-10T04:09:14","guid":{"rendered":"https:\/\/www.europesays.com\/fr\/14158\/"},"modified":"2025-04-10T04:09:14","modified_gmt":"2025-04-10T04:09:14","slug":"en-images-deminem-a-zidane-ces-stars-deja-grands-parents","status":"publish","type":"post","link":"https:\/\/www.europesays.com\/fr\/14158\/","title":{"rendered":"En images. D\u2019Eminem \u00e0 Zidane, ces stars (d\u00e9j\u00e0) grands-parents"},"content":{"rendered":"<p><a href=\"https:\/\/www.20minutes.fr\/journaliste\/jeremy-vial\" target=\"_blank\" rel=\"noopener\"><img decoding=\"async\" class=\"c-avatar c-avatar--media\" src=\"data:image\/svg+xml,%3Csvg%20xmlns='http:\/\/www.w3.org\/2000\/svg'%20width='40'%20height='40'%3E%3C\/svg%3E\" alt=\"J\u00e9r\u00e9my Vial\"\/><\/p>\n<p class=\"font-weight-bold@xs text-s@xs\">J\u00e9r\u00e9my Vial<\/p>\n<p class=\"mt-xxs-2@xs color-grey-400 text-xxs@xs\">Publi\u00e9 le 08\/04\/2025 \u00e0 11h40<\/p>\n<p><\/a><\/p>\n<p>Avant leurs 60 ans, ces c\u00e9l\u00e9brit\u00e9s connaissent les joies d\u2019\u00eatre grands-parents. Une bonne nouvelle, qui peut tout de m\u00eame mettre un petit coup de vieux \u00e0 plus d\u2019un fan \u00e0 travers le monde. Pour preuve, il y a quelques jours, le rappeur <a href=\"https:\/\/www.20minutes.fr\/dossier\/eminem\" class=\"color-ultramarine c-link\" target=\"_blank\" rel=\"noopener\">Eminem<\/a>, \u00e2g\u00e9 de 52 ans, a appris la naissance de son premier petit-fils, pr\u00e9nomm\u00e9 Elliot.<\/p>\n<p>20 Minutes vous pr\u00e9sente en images ses stars de la <a href=\"https:\/\/www.20minutes.fr\/dossier\/chanson\" class=\"color-ultramarine c-link\" target=\"_blank\" rel=\"noopener\">chanson<\/a>, du <a href=\"https:\/\/www.20minutes.fr\/arts-stars\/cinema\/\" class=\"color-ultramarine c-link\" target=\"_blank\" rel=\"noopener\">cin\u00e9ma<\/a>, de la <a href=\"https:\/\/www.20minutes.fr\/politique\/\" class=\"color-ultramarine c-link\" target=\"_blank\" rel=\"noopener\">politique<\/a> ou encore du <a href=\"https:\/\/www.20minutes.fr\/sport\/\" class=\"color-ultramarine c-link\" target=\"_blank\" rel=\"noopener\">sport<\/a> qui conjuguent \u00e0 merveille <a href=\"https:\/\/www.20minutes.fr\/dossier\/jeunesse\" class=\"color-ultramarine c-link\" target=\"_blank\" rel=\"noopener\">jeunesse<\/a> et grande parentalit\u00e9. M\u00eame si appeler Eminem \u00ab\u00a0Papi\u00a0\u00bb, \u00e7a surprend forc\u00e9ment\u2026<\/p>\n<p><img fetchpriority=\"high\" decoding=\"async\" alt=\"Emin\u2019aime pouponner. A 52 ans, Eminem vient d\u2019\u00eatre grand-p\u00e8re pour la premi\u00e8re fois. Hailie, la fille du rappeur, a m\u00eame donn\u00e9 Marshall comme deuxi\u00e8me pr\u00e9nom \u00e0 son petit gar\u00e7on, baptis\u00e9 Elliot. Marshall n\u2019est autre que le vrai nom d\u2019Eminem.\" class=\"mb-s@xs radius-0@xs radius-xxs@md c-img\" loading=\"eager\" width=\"640\" height=\"408\" src=\"https:\/\/www.europesays.com\/fr\/wp-content\/uploads\/2025\/04\/640x408_june-11-2011-eminem-performing-live-at-the-bonnaroo-music-festival-in-manchester-tennessee-c.jpeg; charset=utf-8\" \/>Emin\u2019aime pouponner. A 52 ans, Eminem vient d\u2019\u00eatre grand-p\u00e8re pour la premi\u00e8re fois. Hailie, la fille du rappeur, a m\u00eame donn\u00e9 Marshall comme deuxi\u00e8me pr\u00e9nom \u00e0 son petit gar\u00e7on, baptis\u00e9 Elliot. Marshall n\u2019est autre que le vrai nom d\u2019Eminem.\u2002-\u00a0Joe Gall\/INFphoto.com\u2002\/\u00a0Cover Images<\/p>\n<p>Eminem<\/p>\n<p><img decoding=\"async\" alt=\"Appelez-la \u00ab\u00a0M\u00e9m\u00e9\u00a0\u00bb. La com\u00e9dienne et chanteuse Helena Noguerra est devenue grand-m\u00e8re pour la toute premi\u00e8re fois \u00e0 l\u2019\u00e2ge de 53 ans. \u00ab\u00a0Moi, je trouve \u00e7a punk de se faire appeler ''m\u00e9m\u00e9'' et d\u2019assumer son \u00e2ge\u00a0\u00bb, avait confi\u00e9 la demi-s\u0153ur de Lio au magazine Elle.\" class=\"mb-s@xs radius-0@xs radius-xxs@md c-img\" loading=\"eager\" width=\"640\" height=\"408\" src=\"https:\/\/www.europesays.com\/fr\/wp-content\/uploads\/2025\/04\/640x408_helena-noguerra.jpeg; charset=utf-8\" \/>Appelez-la \u00ab\u00a0M\u00e9m\u00e9\u00a0\u00bb. La com\u00e9dienne et chanteuse Helena Noguerra est devenue grand-m\u00e8re pour la toute premi\u00e8re fois \u00e0 l\u2019\u00e2ge de 53 ans. \u00ab\u00a0Moi, je trouve \u00e7a punk de se faire appeler \u00a0\u00bbm\u00e9m\u00e9\u00a0\u00bb et d\u2019assumer son \u00e2ge\u00a0\u00bb, avait confi\u00e9 la demi-s\u0153ur de Lio au magazine Elle.\u2002-\u00a0Monkey Pack Films \/ LGM Cin\u00e9ma \/ M6 Films\u2002\/\u00a0SND \/ Nexus Factory \/ UFilm<\/p>\n<p>Helena Noguerra<\/p>\n<p><img decoding=\"async\" alt=\"Champion du monde\u00a0! En\u00a02020, Franck Leboeuf, alors \u00e2g\u00e9 de 52 ans, avait d\u00e9croch\u00e9 sa deuxi\u00e8me \u00e9toile avec la naissance d\u2019Elon, premier enfant de sa fille Jade. Papi Franck, qui vient d\u2019\u00eatre \u00e9limin\u00e9 de \u00ab\u00a0Danse avec les stars\u00a0\u00bb sur TF1, va pouvoir jouer au ballon avec le pitchoun, pendant que Maman Jade, c\u00e9l\u00e8bre influenceuse, est actuellement lanc\u00e9e dans l\u2019aventure \u00ab\u00a0Les Tra\u00eetres\u00a0\u00bb, sur M6.\" class=\"mb-s@xs radius-0@xs radius-xxs@md c-img\" loading=\"eager\" width=\"640\" height=\"408\" src=\"https:\/\/www.europesays.com\/fr\/wp-content\/uploads\/2025\/04\/640x408_franck-leboeuf.jpeg; charset=utf-8\" \/>Champion du monde\u00a0! En\u00a02020, Franck Leboeuf, alors \u00e2g\u00e9 de 52 ans, avait d\u00e9croch\u00e9 sa deuxi\u00e8me \u00e9toile avec la naissance d\u2019Elon, premier enfant de sa fille Jade. Papi Franck, qui vient d\u2019\u00eatre \u00e9limin\u00e9 de \u00ab\u00a0Danse avec les stars\u00a0\u00bb sur TF1, va pouvoir jouer au ballon avec le pitchoun, pendant que Maman Jade, c\u00e9l\u00e8bre influenceuse, est actuellement lanc\u00e9e dans l\u2019aventure \u00ab\u00a0Les Tra\u00eetres\u00a0\u00bb, sur M6.\u2002-\u00a0TF1 \/ PIXELINE\u2002\/\u00a0TF1 \/ PIXELINE<\/p>\n<p>Franck Leboeuf<\/p>\n<p><img decoding=\"async\" alt=\"Un truc de wouf. Snoop Dogg, rappeur \u00e0 la notori\u00e9t\u00e9 mondiale de 53 ans, est devenu grand-p\u00e8re, le mois dernier, pour la\u2026 huiti\u00e8me fois. En effet, la seule fille de l\u2019artiste parmi ses quatre enfants, Cori Broadus, est devenue m\u00e8re pour la toute premi\u00e8re fois.\" class=\"mb-s@xs radius-0@xs radius-xxs@md c-img\" loading=\"eager\" width=\"640\" height=\"408\" src=\"https:\/\/www.europesays.com\/fr\/wp-content\/uploads\/2025\/04\/640x408_american-singer-snoop-dogg-performs-at-the-emission-canal-le-grand-journal-during-the-68th-i.jpeg; charset=utf-8\" \/>Un truc de wouf. Snoop Dogg, rappeur \u00e0 la notori\u00e9t\u00e9 mondiale de 53 ans, est devenu grand-p\u00e8re, le mois dernier, pour la\u2026 huiti\u00e8me fois. En effet, la seule fille de l\u2019artiste parmi ses quatre enfants, Cori Broadus, est devenue m\u00e8re pour la toute premi\u00e8re fois.\u2002-\u00a0Sipa\u2002\/\u00a0Sipa<\/p>\n<p>Snoop Dogg<\/p>\n<p><img decoding=\"async\" alt=\"Chandelier. La flamme de la maternit\u00e9, Sia l\u2019a connu il y a quelques ann\u00e9es en adoptant deux gar\u00e7ons de 18 et 19 ans. En\u00a02020, la pop star, alors \u00e2g\u00e9e de 44 ans, est devenue grand-m\u00e8re d\u2019un de ses deux fils. \u00ab\u00a0Mon plus jeune fils vient d\u2019avoir deux b\u00e9b\u00e9s\u00a0\u00bb, avait confi\u00e9 la chanteuse lors d\u2019une interview donn\u00e9e \u00e0 l\u2019animateur radio Zane Lowe, pour Apple Music.\" class=\"mb-s@xs radius-0@xs radius-xxs@md c-img\" loading=\"eager\" width=\"640\" height=\"408\" src=\"https:\/\/www.europesays.com\/fr\/wp-content\/uploads\/2025\/04\/640x408_file-in-this-dec-7-2014-file-photo-singer-sia-furler-attends-the-world-premiere-of-annie-at-.jpeg; charset=utf-8\" \/>Chandelier. La flamme de la maternit\u00e9, Sia l\u2019a connu il y a quelques ann\u00e9es en adoptant deux gar\u00e7ons de 18 et 19 ans. En\u00a02020, la pop star, alors \u00e2g\u00e9e de 44 ans, est devenue grand-m\u00e8re d\u2019un de ses deux fils. \u00ab\u00a0Mon plus jeune fils vient d\u2019avoir deux b\u00e9b\u00e9s\u00a0\u00bb, avait confi\u00e9 la chanteuse lors d\u2019une interview donn\u00e9e \u00e0 l\u2019animateur radio Zane Lowe, pour Apple Music.\u2002-\u00a0Evan Agostini\/AP\/SIPA\u2002\/\u00a0Sipa<\/p>\n<p>Sia<\/p>\n<p><img decoding=\"async\" alt=\"Un air de famille. Benjamin Castaldi, fils de Jean-Pierre Castaldi et de Catherine All\u00e9gret et p\u00e8re de quatre enfants et devenu, en\u00a02022, grand-p\u00e8re, \u00e0 seulement 52 ans. Son fils a\u00een\u00e9 Julien Castaldi est devenu papa pour la premi\u00e8re fois, avec son \u00e9pouse Kiara.\" class=\"mb-s@xs radius-0@xs radius-xxs@md c-img\" loading=\"eager\" width=\"640\" height=\"408\" src=\"https:\/\/www.europesays.com\/fr\/wp-content\/uploads\/2025\/04\/640x408_benjamin-castaldi.jpeg; charset=utf-8\" \/>Un air de famille. Benjamin Castaldi, fils de Jean-Pierre Castaldi et de Catherine All\u00e9gret et p\u00e8re de quatre enfants et devenu, en\u00a02022, grand-p\u00e8re, \u00e0 seulement 52 ans. Son fils a\u00een\u00e9 Julien Castaldi est devenu papa pour la premi\u00e8re fois, avec son \u00e9pouse Kiara.\u2002-\u00a0\u00a9 GENTON PRODUCTIONS\u2002\/\u00a0Genton Productions<\/p>\n<p>Benjamin Castaldi<\/p>\n<p><img decoding=\"async\" alt=\"Tu ne m\u2019as pas laiss\u00e9 le temps\u2026 de devenir grand-p\u00e8re. A 55 ans, David Hallyday, le fils de Johnny Hallyday et de Sylvie Vartan, est devenu le papi d\u2019Harrison, n\u00e9 d\u2019une histoire d\u2019amour entre sa fille Ilona Smet et Kamran Ahmed. Le chanteur s\u2019appr\u00eate m\u00eame \u00e0 devenir grand-p\u00e8re pour la deuxi\u00e8me fois.\" class=\"mb-s@xs radius-0@xs radius-xxs@md c-img\" loading=\"eager\" width=\"640\" height=\"408\" src=\"https:\/\/www.europesays.com\/fr\/wp-content\/uploads\/2025\/04\/640x408_david-hallyday-french-singer-performs-during-monte-carlo-jazz-festival-at-opera-garnier-in-m.jpeg; charset=utf-8\" \/>Tu ne m\u2019as pas laiss\u00e9 le temps\u2026 de devenir grand-p\u00e8re. A 55 ans, David Hallyday, le fils de Johnny Hallyday et de Sylvie Vartan, est devenu le papi d\u2019Harrison, n\u00e9 d\u2019une histoire d\u2019amour entre sa fille Ilona Smet et Kamran Ahmed. Le chanteur s\u2019appr\u00eate m\u00eame \u00e0 devenir grand-p\u00e8re pour la deuxi\u00e8me fois.\u2002-\u00a0SYSPEO\/SIPA\u2002\/\u00a0Sipa<\/p>\n<p>David Hallyday<\/p>\n<p><img decoding=\"async\" alt=\"Comme un ouragan. St\u00e9phanie de Monaco, aujourd\u2019hui \u00e2g\u00e9e de 60 ans, est devenue, en fin d\u2019ann\u00e9e derni\u00e8re, grand-m\u00e8re pour la deuxi\u00e8me fois. Louis Ducruet, le fils de la princesse et ex-chanteuse, et son \u00e9pouse Marie, ont accueilli leur deuxi\u00e8me fille.\" class=\"mb-s@xs radius-0@xs radius-xxs@md c-img\" loading=\"eager\" width=\"640\" height=\"408\" src=\"https:\/\/www.europesays.com\/fr\/wp-content\/uploads\/2025\/04\/640x408_stephanie-de-monaco.jpeg; charset=utf-8\" \/>Comme un ouragan. St\u00e9phanie de Monaco, aujourd\u2019hui \u00e2g\u00e9e de 60 ans, est devenue, en fin d\u2019ann\u00e9e derni\u00e8re, grand-m\u00e8re pour la deuxi\u00e8me fois. Louis Ducruet, le fils de la princesse et ex-chanteuse, et son \u00e9pouse Marie, ont accueilli leur deuxi\u00e8me fille.\u2002-\u00a0Villard \/ Nivi\u00e8re \/ Sipa\u2002\/\u00a0Sipa<\/p>\n<p>St\u00e9phanie de Monaco<\/p>\n<p><img decoding=\"async\" alt=\"Splendiiiide. Jim Carrey, le c\u00e9l\u00e8bre interpr\u00e8te de \u00ab\u00a0The Mask\u00a0\u00bb, a endoss\u00e9 le r\u00f4le de grand-p\u00e8re en\u00a02010 avec la naissance du fils de sa fille Jane. L\u2019acteur am\u00e9ricain n\u2019avait alors que 47 ans.\" class=\"mb-s@xs radius-0@xs radius-xxs@md c-img\" loading=\"eager\" width=\"640\" height=\"408\" src=\"https:\/\/www.europesays.com\/fr\/wp-content\/uploads\/2025\/04\/640x408_westwood-los-angeles-california-usa-april-05-canadian-american-actor-jim-carrey-arrives-at-t.jpeg; charset=utf-8\" \/>Splendiiiide. Jim Carrey, le c\u00e9l\u00e8bre interpr\u00e8te de \u00ab\u00a0The Mask\u00a0\u00bb, a endoss\u00e9 le r\u00f4le de grand-p\u00e8re en\u00a02010 avec la naissance du fils de sa fille Jane. L\u2019acteur am\u00e9ricain n\u2019avait alors que 47 ans.\u2002-\u00a0Image Press Agency\/Sipa USA\/SIPA\u2002\/\u00a0Sipa<\/p>\n<p>Jim Carrey<\/p>\n<p><img decoding=\"async\" alt=\"De premi\u00e8re dame \u00e0 grand-m\u00e8re. L\u2019ex-femme de Nicolas Sarkozy, C\u00e9cilia Attias est devenue grand-m\u00e8re pour la premi\u00e8re fois \u00e0 48 ans, peu de temps apr\u00e8s avoir quitt\u00e9 l\u2019Elys\u00e9e, en octobre\u00a02008. Jeanne-Marie, sa fille qu\u2019elle a eu avec l\u2019ancien animateur de t\u00e9l\u00e9vision Jacques Martin, a donn\u00e9 naissance \u00e0 Augustin. S\u2019en suivront, quelques ann\u00e9es plus tard, de Diane Elizabeth et de Louis.\" class=\"mb-s@xs radius-0@xs radius-xxs@md c-img\" loading=\"eager\" width=\"640\" height=\"408\" src=\"https:\/\/www.europesays.com\/fr\/wp-content\/uploads\/2025\/04\/640x408_cecilia-sarkozy-wife-of-french-president-nicolas-sarkozy-arrives-for-a-dinne-r-at-the-g8-sum.jpeg; charset=utf-8\" \/>De premi\u00e8re dame \u00e0 grand-m\u00e8re. L\u2019ex-femme de Nicolas Sarkozy, C\u00e9cilia Attias est devenue grand-m\u00e8re pour la premi\u00e8re fois \u00e0 48 ans, peu de temps apr\u00e8s avoir quitt\u00e9 l\u2019Elys\u00e9e, en octobre\u00a02008. Jeanne-Marie, sa fille qu\u2019elle a eu avec l\u2019ancien animateur de t\u00e9l\u00e9vision Jacques Martin, a donn\u00e9 naissance \u00e0 Augustin. S\u2019en suivront, quelques ann\u00e9es plus tard, de Diane Elizabeth et de Louis.\u2002-\u00a0DROESE\/SIPA\u2002\/\u00a0Sipa<\/p>\n<p>C\u00e9cilia Attias<\/p>\n<p><img decoding=\"async\" alt=\"Zizou, \u00e7a met un coup\u00a0! En\u00a02022, \u00e0 seulement 49 ans, Zinedine Zidane devient grand-papa d\u2019une petite Sia, fille de son fils Enzo et de Karen Gon\u00e7alves. Deux ans plus tard, le couple devient parent de jumeaux Giulia et Kaia. Sur la route d\u2019une \u00e9quipe de football f\u00e9minine\u2026\" class=\"mb-s@xs radius-0@xs radius-xxs@md c-img\" loading=\"eager\" width=\"640\" height=\"408\" src=\"https:\/\/www.europesays.com\/fr\/wp-content\/uploads\/2025\/04\/640x408_le-pouce-leve-et-le-sourire-de-zinedine-zidane-vers-le-public-durant-le-tournoi-des-legendes.jpeg; charset=utf-8\" \/>Zizou, \u00e7a met un coup\u00a0! En\u00a02022, \u00e0 seulement 49 ans, Zinedine Zidane devient grand-papa d\u2019une petite Sia, fille de son fils Enzo et de Karen Gon\u00e7alves. Deux ans plus tard, le couple devient parent de jumeaux Giulia et Kaia. Sur la route d\u2019une \u00e9quipe de football f\u00e9minine\u2026\u2002-\u00a0DANIEL VAQUERO\/SIPA\u2002\/\u00a0Sipa<\/p>\n<p>Zin\u00e9dine Zidane<\/p>\n<p><img decoding=\"async\" alt=\"L\u2019amour de Demi Moore. Le 18 avril\u00a02023, l\u2019a\u00een\u00e9e de l\u2019actrice, Rumer Willis et son compagnon Derek Richard Thomas, ont accueilli leur premier enfant, Louetta Isley. De quoi mettre des \u00e9toiles dans les yeux de l\u2019actrice Demi Moore, alors \u00e2g\u00e9e de 60 ans.\" class=\"mb-s@xs radius-0@xs radius-xxs@md c-img\" loading=\"eager\" width=\"640\" height=\"408\" src=\"https:\/\/www.europesays.com\/fr\/wp-content\/uploads\/2025\/04\/640x408_mandatory-credit-photo-by-ron-adar-shutterstock-14526232cz-demi-moore-attends-the-brats-prem.jpeg; charset=utf-8\" \/>L\u2019amour de Demi Moore. Le 18 avril\u00a02023, l\u2019a\u00een\u00e9e de l\u2019actrice, Rumer Willis et son compagnon Derek Richard Thomas, ont accueilli leur premier enfant, Louetta Isley. De quoi mettre des \u00e9toiles dans les yeux de l\u2019actrice Demi Moore, alors \u00e2g\u00e9e de 60 ans.\u2002-\u00a0Ron Adar\/Shutterstock\/SIPA\u2002\/\u00a0Sipa<\/p>\n<p>Demi Moore<\/p>\n<p><img decoding=\"async\" alt=\"Papy est en haut. Gad Elmaleh, humoriste qui a notamment connu le succ\u00e8s avec son spectacle \u00ab\u00a0Papa est en haut\u00a0\u00bb, est devenu un papy combl\u00e9 \u00e0 l\u2019\u00e2ge de 52 ans. En\u00a02023, son fils No\u00e9, qu\u2019il a eu avec l\u2019actrice Anne Brochet, est devenu papa pour la premi\u00e8re fois d\u2019une petite Ely.\" class=\"mb-s@xs radius-0@xs radius-xxs@md c-img\" loading=\"eager\" width=\"640\" height=\"408\" src=\"https:\/\/www.europesays.com\/fr\/wp-content\/uploads\/2025\/04\/640x408_gad-elmaleh-sur-le-spectacle-hommage-a-pierre-desproges-representation-en-directe-sans-spect.jpeg; charset=utf-8\" \/>Papy est en haut. Gad Elmaleh, humoriste qui a notamment connu le succ\u00e8s avec son spectacle \u00ab\u00a0Papa est en haut\u00a0\u00bb, est devenu un papy combl\u00e9 \u00e0 l\u2019\u00e2ge de 52 ans. En\u00a02023, son fils No\u00e9, qu\u2019il a eu avec l\u2019actrice Anne Brochet, est devenu papa pour la premi\u00e8re fois d\u2019une petite Ely.\u2002-\u00a0SYSPEO\/SIPA\u2002\/\u00a0Sipa<\/p>\n<p>Gad Elmaleh<\/p>\n<p><img decoding=\"async\" alt=\"Nulle part ailleurs. L\u2019\u00e2ge ne semble pas avoir de prise sur Antoine de\u00a0Caunes, et pour cause. Le c\u00e9l\u00e8bre animateur est devenu papy \u00e0 l\u2019aube de la cinquantaine, en\u00a02002, d\u2019une petite Nina, fille d\u2019Emma de Caunes et du chanteur Sinclair.\" class=\"mb-s@xs radius-0@xs radius-xxs@md c-img\" loading=\"eager\" width=\"640\" height=\"408\" src=\"https:\/\/www.europesays.com\/fr\/wp-content\/uploads\/2025\/04\/640x408_antoine-de-caunes-president-d-honneur-de-l-association-solidarite-sida-lors-de-la-traditionn.jpeg; charset=utf-8\" \/>Nulle part ailleurs. L\u2019\u00e2ge ne semble pas avoir de prise sur Antoine de\u00a0Caunes, et pour cause. Le c\u00e9l\u00e8bre animateur est devenu papy \u00e0 l\u2019aube de la cinquantaine, en\u00a02002, d\u2019une petite Nina, fille d\u2019Emma de Caunes et du chanteur Sinclair.\u2002-\u00a0Chang Martin\/SIPA\u2002\/\u00a0Sipa<\/p>\n<p>Antoine de Caunes<\/p>\n<p><img decoding=\"async\" alt=\"ZeeZee ne prend pas la mouche. La com\u00e9dienne Catherine Zeta-Jones est devenue, \u00e0 l\u2019\u00e2ge de 50 ans, belle grand-m\u00e8re. Cameron, le fils de son mari Michael Douglas, est devenu le p\u00e8re d\u2019une petite Lua, en\u00a02018. Au lieu de se faire appeler \u00ab\u00a0mamie\u00a0\u00bb, l\u2019actrice vue dans \u00ab\u00a0Le Masque de Zorro\u00a0\u00bb pr\u00e9f\u00e8re se faire surnommer \u00ab\u00a0ZeeZee\u00a0\u00bb.\" class=\"mb-s@xs radius-0@xs radius-xxs@md c-img\" loading=\"eager\" width=\"640\" height=\"408\" src=\"https:\/\/www.europesays.com\/fr\/wp-content\/uploads\/2025\/04\/640x408_catherine-zeta-jones-welsh-actress-dancer-singer-for-the-film-cocaine-godmother-a-e-at-the-m.jpeg; charset=utf-8\" \/>ZeeZee ne prend pas la mouche. La com\u00e9dienne Catherine Zeta-Jones est devenue, \u00e0 l\u2019\u00e2ge de 50 ans, belle grand-m\u00e8re. Cameron, le fils de son mari Michael Douglas, est devenu le p\u00e8re d\u2019une petite Lua, en\u00a02018. Au lieu de se faire appeler \u00ab\u00a0mamie\u00a0\u00bb, l\u2019actrice vue dans \u00ab\u00a0Le Masque de Zorro\u00a0\u00bb pr\u00e9f\u00e8re se faire surnommer \u00ab\u00a0ZeeZee\u00a0\u00bb.\u2002-\u00a0SYSPEO\/SIPA\u2002\/\u00a0Sipa<\/p>\n<p>Catherine Zeta-Jones<\/p>\n<p><img decoding=\"async\" alt=\"Tout un programme. Le maire de Troyes, Fran\u00e7ois Baroin, p\u00e8re de trois enfants issus de sa relation avec la journaliste et photographe Val\u00e9rie Broquisse, est devenu grand-p\u00e8re \u00e0 l\u2019\u00e2ge de 59 ans. En octobre\u00a02023, sa fille, Constance, a donn\u00e9 naissance \u00e0 un petit gar\u00e7on.\" class=\"mb-s@xs radius-0@xs radius-xxs@md c-img\" loading=\"eager\" width=\"640\" height=\"408\" src=\"https:\/\/www.europesays.com\/fr\/wp-content\/uploads\/2025\/04\/640x408_francois-baroin-le-president-de-la-republique-francaise-cloture-le-103eme-congres-des-maires.jpeg; charset=utf-8\" \/>Tout un programme. Le maire de Troyes, Fran\u00e7ois Baroin, p\u00e8re de trois enfants issus de sa relation avec la journaliste et photographe Val\u00e9rie Broquisse, est devenu grand-p\u00e8re \u00e0 l\u2019\u00e2ge de 59 ans. En octobre\u00a02023, sa fille, Constance, a donn\u00e9 naissance \u00e0 un petit gar\u00e7on.\u2002-\u00a0Lemouton \/ Pool\/SIPA\u2002\/\u00a0Sipa<\/p>\n<p>Fran\u00e7ois Baroin<\/p>\n<p><img decoding=\"async\" alt=\"Maman de six enfants, Lauryn Hill est devenue l\u2019heureuse, \u00e0 seulement 41 ans, la grand-m\u00e8re du petit Zephaniah. Zion, le fils la chanteuse et ex-membre du groupe Fugees, est devenu papa pour la premi\u00e8re fois, en\u00a02017, \u00e0 l\u2019\u00e2ge de 19 ans.\" class=\"mb-s@xs radius-0@xs radius-xxs@md c-img\" loading=\"eager\" width=\"640\" height=\"408\" src=\"https:\/\/www.europesays.com\/fr\/wp-content\/uploads\/2025\/04\/640x408_mandatory-credit-photo-by-jln-photography-shutterstock-15187760z-lauryn-hill-performs-live-o.jpeg; charset=utf-8\" \/>Maman de six enfants, Lauryn Hill est devenue l\u2019heureuse, \u00e0 seulement 41 ans, la grand-m\u00e8re du petit Zephaniah. Zion, le fils la chanteuse et ex-membre du groupe Fugees, est devenu papa pour la premi\u00e8re fois, en\u00a02017, \u00e0 l\u2019\u00e2ge de 19 ans.\u2002-\u00a0JLN Photography\/Shutterstock\/SIPA\u2002\/\u00a0Sipa<\/p>\n<p>Lauryn Hill<\/p>\n<p><img decoding=\"async\" alt=\"Plus B\u00e9bel la vie. Peu avant ses 60 ans, le pilote Paul Belmondo, fils de l\u2019ic\u00f4ne du cin\u00e9ma fran\u00e7ais Jean-Paul Belmondo, a annonc\u00e9 qu\u2019il allait \u00eatre grand-p\u00e8re sur Instagram. Il y avait post\u00e9 une photo de sa belle-fille M\u00e9lin\u00e9 Ristiguian enceinte, aux c\u00f4t\u00e9s de son compagnon Alessandro Belmondo.&#10;\" class=\"mb-s@xs radius-0@xs radius-xxs@md c-img\" loading=\"eager\" width=\"640\" height=\"408\" src=\"https:\/\/www.europesays.com\/fr\/wp-content\/uploads\/2025\/04\/640x408_paul-belmondo-acteur-francais-sur-la-presentation-de-la-seconde-edition-du-festival-les-thea.jpeg; charset=utf-8\" \/>Plus B\u00e9bel la vie. Peu avant ses 60 ans, le pilote Paul Belmondo, fils de l\u2019ic\u00f4ne du cin\u00e9ma fran\u00e7ais Jean-Paul Belmondo, a annonc\u00e9 qu\u2019il allait \u00eatre grand-p\u00e8re sur Instagram. Il y avait post\u00e9 une photo de sa belle-fille M\u00e9lin\u00e9 Ristiguian enceinte, aux c\u00f4t\u00e9s de son compagnon Alessandro Belmondo.<br \/>\n\u2002-\u00a0SYSPEO\/SIPA\u2002\/\u00a0Sipa<\/p>\n<p>Paul Belmondo<\/p>\n","protected":false},"excerpt":{"rendered":"J\u00e9r\u00e9my Vial Publi\u00e9 le 08\/04\/2025 \u00e0 11h40 Avant leurs 60 ans, ces c\u00e9l\u00e9brit\u00e9s connaissent les joies d\u2019\u00eatre grands-parents.&hellip;\n","protected":false},"author":2,"featured_media":14159,"comment_status":"","ping_status":"","sticky":false,"template":"","format":"standard","meta":{"footnotes":""},"categories":[1355],"tags":[1695,650,251,6196,58,2772,59,1011,27,1361,873,6197,973,3616,6198,517],"class_list":{"0":"post-14158","1":"post","2":"type-post","3":"status-publish","4":"format-standard","5":"has-post-thumbnail","7":"category-musique","8":"tag-chanson","9":"tag-cinema","10":"tag-culture","11":"tag-diaporamas","12":"tag-divertissement","13":"tag-eminem","14":"tag-entertainment","15":"tag-fr","16":"tag-france","17":"tag-music","18":"tag-musique","19":"tag-parentalite","20":"tag-people","21":"tag-rap","22":"tag-rappeur","23":"tag-sport"},"share_on_mastodon":{"url":"https:\/\/pubeurope.com\/@fr\/114311709984023073","error":""},"_links":{"self":[{"href":"https:\/\/www.europesays.com\/fr\/wp-json\/wp\/v2\/posts\/14158","targetHints":{"allow":["GET"]}}],"collection":[{"href":"https:\/\/www.europesays.com\/fr\/wp-json\/wp\/v2\/posts"}],"about":[{"href":"https:\/\/www.europesays.com\/fr\/wp-json\/wp\/v2\/types\/post"}],"author":[{"embeddable":true,"href":"https:\/\/www.europesays.com\/fr\/wp-json\/wp\/v2\/users\/2"}],"replies":[{"embeddable":true,"href":"https:\/\/www.europesays.com\/fr\/wp-json\/wp\/v2\/comments?post=14158"}],"version-history":[{"count":0,"href":"https:\/\/www.europesays.com\/fr\/wp-json\/wp\/v2\/posts\/14158\/revisions"}],"wp:featuredmedia":[{"embeddable":true,"href":"https:\/\/www.europesays.com\/fr\/wp-json\/wp\/v2\/media\/14159"}],"wp:attachment":[{"href":"https:\/\/www.europesays.com\/fr\/wp-json\/wp\/v2\/media?parent=14158"}],"wp:term":[{"taxonomy":"category","embeddable":true,"href":"https:\/\/www.europesays.com\/fr\/wp-json\/wp\/v2\/categories?post=14158"},{"taxonomy":"post_tag","embeddable":true,"href":"https:\/\/www.europesays.com\/fr\/wp-json\/wp\/v2\/tags?post=14158"}],"curies":[{"name":"wp","href":"https:\/\/api.w.org\/{rel}","templated":true}]}}