{"id":141587,"date":"2025-05-31T11:44:14","date_gmt":"2025-05-31T11:44:14","guid":{"rendered":"https:\/\/www.europesays.com\/fr\/141587\/"},"modified":"2025-05-31T11:44:14","modified_gmt":"2025-05-31T11:44:14","slug":"les-freres-tate-retourneront-au-royaume-uni-pour-des-accusations-de-viol","status":"publish","type":"post","link":"https:\/\/www.europesays.com\/fr\/141587\/","title":{"rendered":"Les fr\u00e8res Tate retourneront au Royaume-Uni pour des accusations de viol"},"content":{"rendered":"<p>Les fr\u00e8res influenceurs Andrew et Tristan Tate retourneront au Royaume-Uni pour se d\u00e9fendre contre des accusations de viol, de trafic d\u2019\u00eatres humains et d\u2019autres crimes, ont annonc\u00e9 jeudi leurs avocats.<\/p>\n<p>Les procureurs ont autoris\u00e9 les poursuites en janvier\u00a02024 contre les fr\u00e8res, deux citoyens am\u00e9ricano-britanniques install\u00e9s en Roumanie depuis 2016. Mais le Service des poursuites de la Couronne n\u2019a annonc\u00e9 les accusations impliquant plusieurs femmes que mercredi.<\/p>\n<p>Les avocats ont d\u00e9clar\u00e9 que les fr\u00e8res, actuellement inculp\u00e9s en Roumanie, sont d\u00e9savantag\u00e9s, car les procureurs britanniques ne leur ont communiqu\u00e9 aucune information sur les accusations.<\/p>\n<p>\u00abCe sont des all\u00e9gations historiques et nos clients ne sont m\u00eame pas inform\u00e9s de l\u2019identit\u00e9 des victimes pr\u00e9sum\u00e9es\u00bb, a d\u00e9plor\u00e9 le cabinet d\u2019avocats Holborn Adams dans un communiqu\u00e9. \u00abCela (\u2026) d\u00e9montre une approche diff\u00e9rente compte tenu du profil de nos clients.\u00bb<\/p>\n<p>Les anciens kickboxeurs professionnels comptent des millions d\u2019abonn\u00e9s sur les r\u00e9seaux sociaux. Andrew, 38\u00a0ans, est le plus connu, ayant attir\u00e9 un public plus large gr\u00e2ce \u00e0 sa misogynie assum\u00e9e, qui attire des gar\u00e7ons et de jeunes hommes par le style de vie luxueux qu\u2019il projette.<\/p>\n<p>Celui-ci fait face \u00e0 dix chefs d\u2019accusation concernant trois femmes, dont viol, coups et blessures, traite d\u2019\u00eatres humains et exploitation de la prostitution \u00e0 des fins lucratives, selon les procureurs britanniques. Tristan Tate, 36\u00a0ans, fait face \u00e0 onze chefs d\u2019accusation concernant une femme, dont viol, traite d\u2019\u00eatres humains et coups et blessures.<\/p>\n<p>Les accusations port\u00e9es contre les fr\u00e8res Tate, originaires du Bedfordshire, un comt\u00e9 au nord de Londres o\u00f9 ils ont grandi, remontent \u00e0 des all\u00e9gations datant de 2012 \u00e0 2015.<\/p>\n<p>Les fr\u00e8res Tate ont \u00e9t\u00e9 arr\u00eat\u00e9s en Roumanie fin 2022 et officiellement inculp\u00e9s l\u2019ann\u00e9e derni\u00e8re pour participation \u00e0 un r\u00e9seau criminel qui attirait des femmes pr\u00e9tendument exploit\u00e9es sexuellement. Andrew Tate a \u00e9galement \u00e9t\u00e9 accus\u00e9 de viol.<\/p>\n<p>Ils ont ni\u00e9 toutes les accusations en Roumanie. Une cour d\u2019appel roumaine a d\u00e9clar\u00e9 en d\u00e9cembre qu\u2019une affaire de traite d\u2019\u00eatres humains ne pouvait \u00eatre poursuivie en raison d\u2019irr\u00e9gularit\u00e9s juridiques et proc\u00e9durales.<\/p>\n<p>Les tribunaux roumains ont \u00e9mis une ordonnance d\u2019extradition des deux hommes vers le Royaume-Uni une fois leur proc\u00e8s termin\u00e9, indiquent les procureurs. Les avocats des fr\u00e8res Tate ont d\u00e9clar\u00e9 qu\u2019ils pourraient d\u00e9tenir des informations susceptibles de remettre en cause les all\u00e9gations, mais que la police et les procureurs refusent de les contacter.<\/p>\n<p>Ils ont affirm\u00e9 que leurs clients retourneraient au Royaume-Uni une fois leurs affaires en Roumanie termin\u00e9es et qu\u2019ils seraient d\u00e9fendus avec acharnement.<\/p>\n","protected":false},"excerpt":{"rendered":"Les fr\u00e8res influenceurs Andrew et Tristan Tate retourneront au Royaume-Uni pour se d\u00e9fendre contre des accusations de viol,&hellip;\n","protected":false},"author":2,"featured_media":141588,"comment_status":"","ping_status":"","sticky":false,"template":"","format":"standard","meta":{"footnotes":""},"categories":[1588],"tags":[11,1777,674,1854,20106,15225,12,473,1853,1851,1850,1852],"class_list":{"0":"post-141587","1":"post","2":"type-post","3":"status-publish","4":"format-standard","5":"has-post-thumbnail","7":"category-royaume-uni","8":"tag-actualites","9":"tag-eu","10":"tag-europe","11":"tag-https-lactualite-com-sujet-international","12":"tag-https-lactualite-com-sujet-justice","13":"tag-https-lactualite-com-sujet-social","14":"tag-news","15":"tag-royaume-uni","16":"tag-royaume-uni-de-grande-bretagne-et-dirlande-du-nord","17":"tag-uk","18":"tag-united-kingdom","19":"tag-united-kingdom-of-great-britain-and-northern-ireland"},"share_on_mastodon":{"url":"https:\/\/pubeurope.com\/@fr\/114602276517828162","error":""},"_links":{"self":[{"href":"https:\/\/www.europesays.com\/fr\/wp-json\/wp\/v2\/posts\/141587","targetHints":{"allow":["GET"]}}],"collection":[{"href":"https:\/\/www.europesays.com\/fr\/wp-json\/wp\/v2\/posts"}],"about":[{"href":"https:\/\/www.europesays.com\/fr\/wp-json\/wp\/v2\/types\/post"}],"author":[{"embeddable":true,"href":"https:\/\/www.europesays.com\/fr\/wp-json\/wp\/v2\/users\/2"}],"replies":[{"embeddable":true,"href":"https:\/\/www.europesays.com\/fr\/wp-json\/wp\/v2\/comments?post=141587"}],"version-history":[{"count":0,"href":"https:\/\/www.europesays.com\/fr\/wp-json\/wp\/v2\/posts\/141587\/revisions"}],"wp:featuredmedia":[{"embeddable":true,"href":"https:\/\/www.europesays.com\/fr\/wp-json\/wp\/v2\/media\/141588"}],"wp:attachment":[{"href":"https:\/\/www.europesays.com\/fr\/wp-json\/wp\/v2\/media?parent=141587"}],"wp:term":[{"taxonomy":"category","embeddable":true,"href":"https:\/\/www.europesays.com\/fr\/wp-json\/wp\/v2\/categories?post=141587"},{"taxonomy":"post_tag","embeddable":true,"href":"https:\/\/www.europesays.com\/fr\/wp-json\/wp\/v2\/tags?post=141587"}],"curies":[{"name":"wp","href":"https:\/\/api.w.org\/{rel}","templated":true}]}}