{"id":141589,"date":"2025-05-31T11:45:08","date_gmt":"2025-05-31T11:45:08","guid":{"rendered":"https:\/\/www.europesays.com\/fr\/141589\/"},"modified":"2025-05-31T11:45:08","modified_gmt":"2025-05-31T11:45:08","slug":"en-allemagne-le-mur-invisible-qui-divise-le-pays-et-les-coeurs","status":"publish","type":"post","link":"https:\/\/www.europesays.com\/fr\/141589\/","title":{"rendered":"En Allemagne, \u201cle mur invisible qui divise le pays et les c\u0153urs\u201d"},"content":{"rendered":"\n<p>Kerstin et Martin Honig forment un\u00a0couple \u00e0 part.<\/p>\n<p>Non que leur rencontre se soit faite dans des circonstances extraordinaires. Il s\u2019agit de leur lieu\u00a0de naissance.<\/p>\n<p>Kerstin est n\u00e9e dans les environs de\u00a0Bielefeld, en ex-R\u00e9publique f\u00e9d\u00e9rale allemande (RFA), \u00e0 l\u2019Ouest, tandis que Martin a vu le jour \u00e0\u00a0Quedlinbourg, dans l\u2019est de l\u2019Allemagne, ancienne commune de\u00a0la R\u00e9publique d\u00e9mocratique allemande (RDA). Une exception.<\/p>\n<p>\u201cPourquoi donc, trente-cinq apr\u00e8s la chute du mur de Berlin, un mur invisible continue \u00e0 diviser le pays et les c\u0153urs\u00a0?\u201d se demande la<a data-allow-click=\"\" target=\"_blank\" href=\"https:\/\/www.zeit.de\/gesellschaft\/2024-11\/ost-west-beziehungen-romantik-grenze-mauerfall\/komplettansicht\" rel=\"noopener\">\u00a0<strong>Ze.tt<\/strong><\/a>, suppl\u00e9ment jeunesse de l\u2019hebdomadaire allemand Die Zeit.<\/p>\n","protected":false},"excerpt":{"rendered":"Kerstin et Martin Honig forment un\u00a0couple \u00e0 part. Non que leur rencontre se soit faite dans des circonstances&hellip;\n","protected":false},"author":2,"featured_media":141590,"comment_status":"","ping_status":"","sticky":false,"template":"","format":"standard","meta":{"footnotes":""},"categories":[1587],"tags":[11,672,1376,1804,1805,1803,1777,674,1801,12,1802,1857],"class_list":{"0":"post-141589","1":"post","2":"type-post","3":"status-publish","4":"format-standard","5":"has-post-thumbnail","7":"category-allemagne","8":"tag-actualites","9":"tag-allemagne","10":"tag-amour","11":"tag-bundesrepublik-deutschland","12":"tag-de","13":"tag-deutschland","14":"tag-eu","15":"tag-europe","16":"tag-germany","17":"tag-news","18":"tag-republique-federale-dallemagne","19":"tag-sociu00e9tu00e9"},"share_on_mastodon":{"url":"https:\/\/pubeurope.com\/@fr\/114602280416049929","error":""},"_links":{"self":[{"href":"https:\/\/www.europesays.com\/fr\/wp-json\/wp\/v2\/posts\/141589","targetHints":{"allow":["GET"]}}],"collection":[{"href":"https:\/\/www.europesays.com\/fr\/wp-json\/wp\/v2\/posts"}],"about":[{"href":"https:\/\/www.europesays.com\/fr\/wp-json\/wp\/v2\/types\/post"}],"author":[{"embeddable":true,"href":"https:\/\/www.europesays.com\/fr\/wp-json\/wp\/v2\/users\/2"}],"replies":[{"embeddable":true,"href":"https:\/\/www.europesays.com\/fr\/wp-json\/wp\/v2\/comments?post=141589"}],"version-history":[{"count":0,"href":"https:\/\/www.europesays.com\/fr\/wp-json\/wp\/v2\/posts\/141589\/revisions"}],"wp:featuredmedia":[{"embeddable":true,"href":"https:\/\/www.europesays.com\/fr\/wp-json\/wp\/v2\/media\/141590"}],"wp:attachment":[{"href":"https:\/\/www.europesays.com\/fr\/wp-json\/wp\/v2\/media?parent=141589"}],"wp:term":[{"taxonomy":"category","embeddable":true,"href":"https:\/\/www.europesays.com\/fr\/wp-json\/wp\/v2\/categories?post=141589"},{"taxonomy":"post_tag","embeddable":true,"href":"https:\/\/www.europesays.com\/fr\/wp-json\/wp\/v2\/tags?post=141589"}],"curies":[{"name":"wp","href":"https:\/\/api.w.org\/{rel}","templated":true}]}}