{"id":141593,"date":"2025-05-31T11:47:18","date_gmt":"2025-05-31T11:47:18","guid":{"rendered":"https:\/\/www.europesays.com\/fr\/141593\/"},"modified":"2025-05-31T11:47:18","modified_gmt":"2025-05-31T11:47:18","slug":"lue-leve-la-plupart-des-sanctions-imposees-a-la-syrie","status":"publish","type":"post","link":"https:\/\/www.europesays.com\/fr\/141593\/","title":{"rendered":"L&rsquo;UE l\u00e8ve la plupart des sanctions impos\u00e9es \u00e0 la Syrie"},"content":{"rendered":"<p><img decoding=\"async\" class=\"c-ad__placeholder__logo\" src=\"https:\/\/www.europesays.com\/fr\/wp-content\/uploads\/2025\/03\/logo-euronews-grey-6-180x22.svg.svg+xml\" width=\"180\" height=\"22\" alt=\"\" loading=\"lazy\"\/>PUBLICIT\u00c9<\/p>\n<p>L&rsquo;Union europ\u00e9enne a lev\u00e9 un large \u00e9ventail de sanctions \u00e0 l&rsquo;encontre de la Syrie, mais en a impos\u00e9 de nouvelles \u00e0 des personnes et \u00e0 des groupes qui, selon elle, ont particip\u00e9 \u00e0 des attaques contre des civils lors d&rsquo;une vague de violence dans la r\u00e9gion c\u00f4ti\u00e8re en mars.<\/p>\n<p>La plupart des sanctions impos\u00e9es au pays, y compris \u00e0 son syst\u00e8me financier, ont ainsi \u00e9t\u00e9 lev\u00e9es.<\/p>\n<p><strong>Toutefois, des sanctions restent en vigueur \u00e0 l&rsquo;encontre de personnes et d&rsquo;organisations qui, selon l&rsquo;UE, ont viol\u00e9 les droits de l&rsquo;homme ou pour des \u00ab\u00a0raisons de s\u00e9curit\u00e9\u00a0\u00bb.<\/strong><\/p>\n<p>Cela inclut la famille \u00e9largie de l&rsquo;ancien pr\u00e9sident Bachar el-Assad ou le programme d&rsquo;armes chimiques du pays, selon le texte de la d\u00e9cision du Conseil europ\u00e9en.<\/p>\n<p>La semaine derni\u00e8re, Kaja Kallas, responsable de la politique \u00e9trang\u00e8re de l&rsquo;UE, avait annonc\u00e9 son intention de lever les sanctions.<\/p>\n<p>Elle a pr\u00e9cis\u00e9 que cette d\u00e9cision \u00e9tait \u00ab\u00a0conditionnelle\u00a0\u00bb et que les sanctions pourraient \u00eatre reprises si le nouveau gouvernement d&rsquo;Ahmad al-Sharaa, un ancien commandant rebelle qui a men\u00e9 la charge qui a permis de renverser M. al-Assad en d\u00e9cembre, ne maintient pas la paix.<\/p>\n<p>M. Kallas a d\u00e9clar\u00e9 dans un communiqu\u00e9 que la lev\u00e9e des sanctions \u00ab\u00a0est tout simplement la bonne chose \u00e0 faire, en ce moment historique, pour que l&rsquo;UE soutienne v\u00e9ritablement le redressement de la Syrie et une transition politique qui r\u00e9ponde aux aspirations de tous les Syriens\u00a0\u00bb.<\/p>\n<p>De nouvelles sanctions par ailleurs<\/p>\n<p>Mais la d\u00e9cision de mercredi a \u00e9galement impos\u00e9 <strong>des \u00ab\u00a0mesures restrictives\u00a0\u00bb \u00e0 deux personnes et trois groupes arm\u00e9s accus\u00e9s de \u00ab\u00a0cibler des civils et en particulier la communaut\u00e9 alaouite\u00a0\u00bb.<\/strong><\/p>\n<p>Il s&rsquo;agit de la minorit\u00e9 religieuse \u00e0 laquelle appartient M. al-Assad, lors des violences survenues en mars sur la c\u00f4te, ainsi que de tortures et d'\u00a0\u00bbex\u00e9cutions arbitraires de civils\u00a0\u00bb.<\/p>\n<p>Les deux personnes vis\u00e9es par les nouvelles sanctions sont Mohammad Hussein al-Jasim, chef de la brigade Sultan Suleiman Shah, et Sayf Boulad Abu Bakr, chef de la division Hamza, deux groupes arm\u00e9s qui, selon l&rsquo;UE, ont pris part aux attaques.<\/p>\n<p>Les milices ont \u00e9galement \u00e9t\u00e9 frapp\u00e9es de nouvelles sanctions, de m\u00eame qu&rsquo;un autre groupe arm\u00e9, la division Sultan Murad.<\/p>\n<p>Les affrontements ont \u00e9clat\u00e9 apr\u00e8s qu&rsquo;un groupe de loyalistes d&rsquo;Al-Assad a attaqu\u00e9 les forces de s\u00e9curit\u00e9 pr\u00e8s de la ville c\u00f4ti\u00e8re de Lattaqui\u00e9.<\/p>\n<p>Les groupes de d\u00e9fense des droits de l&rsquo;homme ont fait \u00e9tat de nombreuses vengeances, les militants de la majorit\u00e9 sunnite de Syrie, dont certains sont officiellement affili\u00e9s aux forces de s\u00e9curit\u00e9 du nouveau gouvernement, s&rsquo;en prenant aux alaouites, qu&rsquo;ils soient ou non impliqu\u00e9s dans l&rsquo;insurrection.<\/p>\n<p>Des centaines de civils ont \u00e9t\u00e9 tu\u00e9s dans ces affrontements.<\/p>\n<p>Le nouveau gouvernement de Damas a promis de demander des comptes aux auteurs de ces violences, mais l&rsquo;organisme charg\u00e9 d&rsquo;enqu\u00eater sur ces derni\u00e8res n&rsquo;a pas encore rendu ses conclusions.<\/p>\n<p>La peur chez les alaouites<\/p>\n<p>Bien qu&rsquo;il n&rsquo;y ait pas eu d&rsquo;attaques \u00e0 grande \u00e9chelle contre les alaouites depuis le mois de mars, les membres de la communaut\u00e9 restent craintifs et affirment que des incidents individuels d&rsquo;enl\u00e8vement et de meurtre continuent d&rsquo;avoir lieu.<\/p>\n<p>Depuis qu&rsquo;il a pris le pouvoir, le gouvernement d&rsquo;al-Charaa s&rsquo;est efforc\u00e9 de rassembler en une arm\u00e9e nationale un patchwork d&rsquo;anciennes factions rebelles indisciplin\u00e9es.<\/p>\n<p>La lev\u00e9e des sanctions plus g\u00e9n\u00e9rales contre la Syrie intervient quelques jours apr\u00e8s que les \u00c9tats-Unis ont accord\u00e9 \u00e0 la Syrie des exemptions g\u00e9n\u00e9rales de sanctions, premi\u00e8re \u00e9tape vers la r\u00e9alisation de la promesse du pr\u00e9sident Donald Trump de lever un demi-si\u00e8cle de sanctions contre un pays bris\u00e9 par 13 ann\u00e9es de guerre civile.<\/p>\n<p>Une mesure du d\u00e9partement d&rsquo;\u00c9tat am\u00e9ricain a renonc\u00e9 pour six mois \u00e0 une s\u00e9rie de sanctions s\u00e9v\u00e8res impos\u00e9es par le Congr\u00e8s en 2019.<\/p>\n<p>L&rsquo;all\u00e8gement des sanctions supprime l&rsquo;un des principaux obstacles \u00e0 la reconstruction du pays, dont les Nations unies ont estim\u00e9 en 2017 qu&rsquo;elle co\u00fbterait au moins 250 milliards de dollars (221 milliards d&rsquo;euros).<\/p>\n<p>Certains experts affirment d\u00e9sormais que ce chiffre pourrait atteindre au moins 400 milliards de dollars (354 milliards d&rsquo;euros).<\/p>\n<p>Les Nations unies estiment que 90 % des Syriens vivent dans la pauvret\u00e9 et que l&rsquo;\u00e9lectricit\u00e9 fournie par l&rsquo;\u00c9tat n&rsquo;arrive que deux heures par jour.<\/p>\n","protected":false},"excerpt":{"rendered":"PUBLICIT\u00c9 L&rsquo;Union europ\u00e9enne a lev\u00e9 un large \u00e9ventail de sanctions \u00e0 l&rsquo;encontre de la Syrie, mais en a&hellip;\n","protected":false},"author":2,"featured_media":141594,"comment_status":"","ping_status":"","sticky":false,"template":"","format":"standard","meta":{"footnotes":""},"categories":[1586],"tags":[11,1777,674,1779,1011,27,5229,12,26943,25,7185,32,1778,364],"class_list":{"0":"post-141593","1":"post","2":"type-post","3":"status-publish","4":"format-standard","5":"has-post-thumbnail","7":"category-europe","8":"tag-actualites","9":"tag-eu","10":"tag-europe","11":"tag-european-union","12":"tag-fr","13":"tag-france","14":"tag-kaja-kallas","15":"tag-news","16":"tag-politique-syrienne","17":"tag-republique-francaise","18":"tag-sanctions","19":"tag-syrie","20":"tag-ue","21":"tag-union-europeenne"},"share_on_mastodon":{"url":"https:\/\/pubeurope.com\/@fr\/114602288365739556","error":""},"_links":{"self":[{"href":"https:\/\/www.europesays.com\/fr\/wp-json\/wp\/v2\/posts\/141593","targetHints":{"allow":["GET"]}}],"collection":[{"href":"https:\/\/www.europesays.com\/fr\/wp-json\/wp\/v2\/posts"}],"about":[{"href":"https:\/\/www.europesays.com\/fr\/wp-json\/wp\/v2\/types\/post"}],"author":[{"embeddable":true,"href":"https:\/\/www.europesays.com\/fr\/wp-json\/wp\/v2\/users\/2"}],"replies":[{"embeddable":true,"href":"https:\/\/www.europesays.com\/fr\/wp-json\/wp\/v2\/comments?post=141593"}],"version-history":[{"count":0,"href":"https:\/\/www.europesays.com\/fr\/wp-json\/wp\/v2\/posts\/141593\/revisions"}],"wp:featuredmedia":[{"embeddable":true,"href":"https:\/\/www.europesays.com\/fr\/wp-json\/wp\/v2\/media\/141594"}],"wp:attachment":[{"href":"https:\/\/www.europesays.com\/fr\/wp-json\/wp\/v2\/media?parent=141593"}],"wp:term":[{"taxonomy":"category","embeddable":true,"href":"https:\/\/www.europesays.com\/fr\/wp-json\/wp\/v2\/categories?post=141593"},{"taxonomy":"post_tag","embeddable":true,"href":"https:\/\/www.europesays.com\/fr\/wp-json\/wp\/v2\/tags?post=141593"}],"curies":[{"name":"wp","href":"https:\/\/api.w.org\/{rel}","templated":true}]}}