{"id":141598,"date":"2025-05-31T11:50:10","date_gmt":"2025-05-31T11:50:10","guid":{"rendered":"https:\/\/www.europesays.com\/fr\/141598\/"},"modified":"2025-05-31T11:50:10","modified_gmt":"2025-05-31T11:50:10","slug":"prison-le-nombre-de-detenus-explose-en-france-avec-plus-de-83-000-personnes-incarcerees","status":"publish","type":"post","link":"https:\/\/www.europesays.com\/fr\/141598\/","title":{"rendered":"Prison : le nombre de d\u00e9tenus explose en France avec plus de 83 000 personnes incarc\u00e9r\u00e9es"},"content":{"rendered":"<p>\tPrison : le nombre de d\u00e9tenus explose en France avec plus de 83 000 personnes incarc\u00e9r\u00e9es &#8211; Valeurs actuelles<\/p>\n<p><a href=\"https:\/\/www.valeursactuelles.com\/\" target=\"_blank\" rel=\"noopener\">Accueil<\/a> \u00bb <a href=\"https:\/\/www.valeursactuelles.com\/societe\" target=\"_blank\" rel=\"noopener\">Soci\u00e9t\u00e9<\/a> \u00bb Prison : le nombre de d\u00e9tenus explose en France avec plus de 83 000 personnes incarc\u00e9r\u00e9es<\/p>\n","protected":false},"excerpt":{"rendered":"Prison : le nombre de d\u00e9tenus explose en France avec plus de 83 000 personnes incarc\u00e9r\u00e9es &#8211; Valeurs&hellip;\n","protected":false},"author":2,"featured_media":141599,"comment_status":"","ping_status":"","sticky":false,"template":"","format":"standard","meta":{"footnotes":""},"categories":[4],"tags":[11,17316,1011,27,432,24851,12,806,25,9232],"class_list":{"0":"post-141598","1":"post","2":"type-post","3":"status-publish","4":"format-standard","5":"has-post-thumbnail","7":"category-france","8":"tag-actualites","9":"tag-detenus","10":"tag-fr","11":"tag-france","12":"tag-gerald-darmanin","13":"tag-incarceration","14":"tag-news","15":"tag-prison","16":"tag-republique-francaise","17":"tag-surpopulation-carcerale"},"share_on_mastodon":{"url":"https:\/\/pubeurope.com\/@fr\/114602300146942716","error":""},"_links":{"self":[{"href":"https:\/\/www.europesays.com\/fr\/wp-json\/wp\/v2\/posts\/141598","targetHints":{"allow":["GET"]}}],"collection":[{"href":"https:\/\/www.europesays.com\/fr\/wp-json\/wp\/v2\/posts"}],"about":[{"href":"https:\/\/www.europesays.com\/fr\/wp-json\/wp\/v2\/types\/post"}],"author":[{"embeddable":true,"href":"https:\/\/www.europesays.com\/fr\/wp-json\/wp\/v2\/users\/2"}],"replies":[{"embeddable":true,"href":"https:\/\/www.europesays.com\/fr\/wp-json\/wp\/v2\/comments?post=141598"}],"version-history":[{"count":0,"href":"https:\/\/www.europesays.com\/fr\/wp-json\/wp\/v2\/posts\/141598\/revisions"}],"wp:featuredmedia":[{"embeddable":true,"href":"https:\/\/www.europesays.com\/fr\/wp-json\/wp\/v2\/media\/141599"}],"wp:attachment":[{"href":"https:\/\/www.europesays.com\/fr\/wp-json\/wp\/v2\/media?parent=141598"}],"wp:term":[{"taxonomy":"category","embeddable":true,"href":"https:\/\/www.europesays.com\/fr\/wp-json\/wp\/v2\/categories?post=141598"},{"taxonomy":"post_tag","embeddable":true,"href":"https:\/\/www.europesays.com\/fr\/wp-json\/wp\/v2\/tags?post=141598"}],"curies":[{"name":"wp","href":"https:\/\/api.w.org\/{rel}","templated":true}]}}