{"id":141604,"date":"2025-05-31T11:54:09","date_gmt":"2025-05-31T11:54:09","guid":{"rendered":"https:\/\/www.europesays.com\/fr\/141604\/"},"modified":"2025-05-31T11:54:09","modified_gmt":"2025-05-31T11:54:09","slug":"boisson-et-jacquemot-deux-surprises-bleues-pour-un-huitieme","status":"publish","type":"post","link":"https:\/\/www.europesays.com\/fr\/141604\/","title":{"rendered":"Boisson et Jacquemot, deux surprises bleues pour un huiti\u00e8me"},"content":{"rendered":"<p>Inconnues du grand public et derni\u00e8res rescap\u00e9es fran\u00e7aises dans le tableau f\u00e9minin de Roland-Garros, Lo\u00efs Boisson et Elsa Jacquemot\u00a0s&rsquo;affrontent samedi pour une place en huiti\u00e8mes de finale, dans un duel de joueuses \u00e0 l&rsquo;\u00e9closion contrari\u00e9e sur le circuit professionnel.<\/p>\n<p>Les performances de \u00a0Boisson (361e au classement WTA) et Jacquemot (138e), 22 ans toutes les deux et b\u00e9n\u00e9ficiaires d&rsquo;une invitation des organisateurs, apportent un vent de fra\u00eecheur inattendu dans le marasme actuel du haut niveau f\u00e9minin en France, soulign\u00e9 en d\u00e9but de semaine par l&rsquo;\u00e9limination d\u00e8s le premier tour de la N.1 fran\u00e7aise Varvara Gracheva (72e).<\/p>\n<p>Elles garantissent aussi la pr\u00e9sence d&rsquo;une Fran\u00e7aise en huiti\u00e8mes de finale, un an apr\u00e8s l&rsquo;accession de Gracheva au m\u00eame stade de la comp\u00e9tition porte d&rsquo;Auteuil.<\/p>\n<p>\u00ab\u00a0C\u2019est une belle surprise\u00a0\u00bb, a savour\u00e9 vendredi la directrice du tournoi Am\u00e9lie Mauresmo.<\/p>\n<p>\u00ab\u00a0Si on se replonge une semaine en arri\u00e8re, c\u2019\u00e9tait compliqu\u00e9 pour le tennis f\u00e9minin fran\u00e7ais. Ca fait plaisir de voir qu\u2019au-del\u00e0 des classements, deux joueuses se sont extirp\u00e9es de ces deux premiers tours et qu\u2019il y en aura une en huiti\u00e8mes de finale\u00a0\u00bb, a comment\u00e9 l&rsquo;ex-N.1 mondiale en conf\u00e9rence de presse.<\/p>\n<p>Pour Lo\u00efs Boisson, qui n&rsquo;avait jusqu&rsquo;\u00e0 cette semaine jamais gagn\u00e9 de match en Grand Chelem, cette qualification pour le 3e tour a un go\u00fbt de revanche.<\/p>\n<p>Il y a un peu plus d&rsquo;un an, deux semaines avant de disputer son premier tableau final \u00e0 Roland-Garros, une grave blessure au genou gauche avait \u00e9loign\u00e9 la Dijonnaise des courts pendant plusieurs mois et bris\u00e9 son ascension, alors qu&rsquo;elle encha\u00eenait les titres sur le circuit secondaire.<\/p>\n<p>\u00ab\u00a0Rien que d&rsquo;\u00eatre l\u00e0 aujourd&rsquo;hui, je suis hyper heureuse. C&rsquo;\u00e9tait (&#8230;) pas gagn\u00e9 d&rsquo;avance\u00a0\u00bb, avait-elle soulign\u00e9 apr\u00e8s sa grosse performance au premier tour contre la N.1 belge Elise Mertens (22e mondiale), battue 6-4, 4-6, 6-3.<\/p>\n<p>Jeudi, ses longs revers coup\u00e9s ont mis au supplice l&rsquo;Ukrainienne Anhelina Kalinina (113e), ex-25e mondiale, balay\u00e9e 6-1, 6-2 apr\u00e8s avoir couru tout le match derri\u00e8re les lobs et amorties de la Fran\u00e7aise.<\/p>\n<p>\u00ab\u00a0Je suis fi\u00e8re d&rsquo;avoir gagn\u00e9 de cette mani\u00e8re. Je n&rsquo;ai pas stress\u00e9, je n&rsquo;ai pas retenu mes coups\u00a0\u00bb, a-t-elle analys\u00e9 apr\u00e8s sa victoire contre la finaliste du prestigieux WTA 1000 de Rome (terre battue) en 2023.<\/p>\n<p>&#8211; \u00ab\u00a0Moments difficiles\u00a0\u00bb &#8211;<\/p>\n<p>\u00ab\u00a0Je sais qu&rsquo;\u00e0 l&rsquo;entra\u00eenement j&rsquo;ai le niveau de toutes les filles qui sont ici\u00a0\u00bb, a affirm\u00e9 Boisson, d&rsquo;un naturel par ailleurs plut\u00f4t r\u00e9serv\u00e9. \u00ab\u00a0Il faut juste arriver \u00e0 le mettre en place en match. Pour l&rsquo;instant \u00e7a marche bien, j&rsquo;esp\u00e8re que \u00e7a va continuer\u00a0\u00bb.<\/p>\n<p>Tout aussi ambitieuse, Elsa Jacquemot (138e), tombeuse au 2e tour de la puissante Am\u00e9ricaine Alycia Parks (52e) apr\u00e8s avoir \u00e9limin\u00e9 l&rsquo;ex-N.3 mondiale Maria Sakkari (90e), \u00ab\u00a0ne veut pas s&rsquo;arr\u00eater l\u00e0\u00a0\u00bb.<\/p>\n<p>Car la Lyonnaise au temp\u00e9rament affirm\u00e9, \u00ab\u00a0qui aurait aim\u00e9 arriver plus t\u00f4t dans ce Top\u00a0100, dans ce Top\u00a050, dans ce Top\u00a010\u00a0\u00bb, n&rsquo;a pas gravi les \u00e9chelons aussi vite que ce que ses performances pr\u00e9coces laissaient esp\u00e9rer.<\/p>\n<p>Titr\u00e9e en junior \u00e0 Roland-Garros en 2020 \u00e0 seulement 17 ans et N.1 mondiale dans cette cat\u00e9gorie la m\u00eame ann\u00e9e &#8211; une premi\u00e8re pour une Fran\u00e7aise depuis Kristina Mladenovic en 2009 &#8211; Jacquemot est rentr\u00e9e dans le rang lors de son arriv\u00e9e chez les pros.<\/p>\n<p>Hormis un titre \u00e0 Duba\u00ef sur le circuit ITF, l&rsquo;antichambre du circuit principal, son plus grand fait d&rsquo;armes \u00e9tait une victoire au premier tour \u00e0 Roland-Garros en 2022.<\/p>\n<p>\u00ab\u00a0J&rsquo;ai eu des moments difficiles. Apr\u00e8s avoir \u00e9t\u00e9 championne du monde avec un an d&rsquo;avance, je me suis dit: +\u00e7a va \u00eatre facile, il n&rsquo;y a pas de concurrence+. Je n&rsquo;ai pas \u00e9t\u00e9 lucide\u00a0\u00bb, a reconnu Jacquemot, \u00e9galement frein\u00e9e par ses nombreuses changements d&rsquo;entra\u00eeneurs et d&rsquo;acad\u00e9mies.<\/p>\n<p>\u00ab\u00a0On a chacun son chemin\u00a0\u00bb, a-t-elle philosoph\u00e9 en r\u00e9f\u00e9rence \u00e0 son parcours.<\/p>\n<p>Les routes de Jacquemot et Boisson, n\u00e9es \u00e0 treize jours d&rsquo;\u00e9cart en mai 2003, ne se sont crois\u00e9es qu&rsquo;une seule fois sur le circuit, en 2022. Lors d&rsquo;un tournoi ITF \u00e0 Cherbourg, Jacquemot s&rsquo;\u00e9tait impos\u00e9e 6-0, 6-2.<\/p>\n<p>Avec une place parmi les seize meilleures joueuses de Roland-Garros en jeu samedi, nul doute que sa cadette a soif de revanche.<\/p>\n<p>alh-dga\/<\/p>\n","protected":false},"excerpt":{"rendered":"Inconnues du grand public et derni\u00e8res rescap\u00e9es fran\u00e7aises dans le tableau f\u00e9minin de Roland-Garros, Lo\u00efs Boisson et Elsa&hellip;\n","protected":false},"author":2,"featured_media":141605,"comment_status":"","ping_status":"","sticky":false,"template":"","format":"standard","meta":{"footnotes":""},"categories":[1415],"tags":[26945,709,1011,27,26944,4171,60,1467,26946],"class_list":{"0":"post-141604","1":"post","2":"type-post","3":"status-publish","4":"format-standard","5":"has-post-thumbnail","7":"category-tennis","8":"tag-anhelina-kalinina","9":"tag-boisson","10":"tag-fr","11":"tag-france","12":"tag-jacquemot","13":"tag-roland-garros","14":"tag-sports","15":"tag-tennis","16":"tag-tournoi-de-roland-garros"},"share_on_mastodon":{"url":"https:\/\/pubeurope.com\/@fr\/114602315805263087","error":""},"_links":{"self":[{"href":"https:\/\/www.europesays.com\/fr\/wp-json\/wp\/v2\/posts\/141604","targetHints":{"allow":["GET"]}}],"collection":[{"href":"https:\/\/www.europesays.com\/fr\/wp-json\/wp\/v2\/posts"}],"about":[{"href":"https:\/\/www.europesays.com\/fr\/wp-json\/wp\/v2\/types\/post"}],"author":[{"embeddable":true,"href":"https:\/\/www.europesays.com\/fr\/wp-json\/wp\/v2\/users\/2"}],"replies":[{"embeddable":true,"href":"https:\/\/www.europesays.com\/fr\/wp-json\/wp\/v2\/comments?post=141604"}],"version-history":[{"count":0,"href":"https:\/\/www.europesays.com\/fr\/wp-json\/wp\/v2\/posts\/141604\/revisions"}],"wp:featuredmedia":[{"embeddable":true,"href":"https:\/\/www.europesays.com\/fr\/wp-json\/wp\/v2\/media\/141605"}],"wp:attachment":[{"href":"https:\/\/www.europesays.com\/fr\/wp-json\/wp\/v2\/media?parent=141604"}],"wp:term":[{"taxonomy":"category","embeddable":true,"href":"https:\/\/www.europesays.com\/fr\/wp-json\/wp\/v2\/categories?post=141604"},{"taxonomy":"post_tag","embeddable":true,"href":"https:\/\/www.europesays.com\/fr\/wp-json\/wp\/v2\/tags?post=141604"}],"curies":[{"name":"wp","href":"https:\/\/api.w.org\/{rel}","templated":true}]}}