{"id":141610,"date":"2025-05-31T11:58:11","date_gmt":"2025-05-31T11:58:11","guid":{"rendered":"https:\/\/www.europesays.com\/fr\/141610\/"},"modified":"2025-05-31T11:58:11","modified_gmt":"2025-05-31T11:58:11","slug":"parcours-et-favoris-de-la-20eme-etape","status":"publish","type":"post","link":"https:\/\/www.europesays.com\/fr\/141610\/","title":{"rendered":"parcours et favoris de la 20\u00e8me \u00e9tape"},"content":{"rendered":"<p>La 20\u00e8me \u00e9tape du Tour d\u2019Italie se d\u00e9roule ce samedi 31 mai sur une distance de 205 kilom\u00e8tres. Trac\u00e9e entre <strong><a href=\"https:\/\/www.velo-club.net\/actualites\/parcours-et-profils-des-etapes-du-tour-ditalie-2025\/\" target=\"_blank\" rel=\"noopener\">Verres<\/a><\/strong> et Sestri\u00e8re, celle-ci sera la derni\u00e8re opportunit\u00e9 pour les grimpeurs de se livrer bataille. Et la bonne nouvelle pour eux, c\u2019est que le terrain de jeu s\u2019y pr\u00eate parfaitement avec la pr\u00e9sence du Finestre.<\/p>\n<p>Terrible, l\u2019ascension devrait en effet faire figure de juge de paix de ce Giro 2025. Reste d\u00e9sormais \u00e0 patienter quelques heures avant de savoir qui de Richard Carapaz, Isaac Del Toro, voir Simon Yates, remportera la mise.<\/p>\n<p>Au sein du top 10, on aura \u00e9galement un \u0153il sur les performances de chacun, car les \u00e9carts sont assez faibles, et personne n\u2019est vraiment \u00e0 l\u2019abris d\u2019une d\u00e9faillance.<\/p>\n<p>Enfin, les suiveurs porteront \u00e9galement un regard attentif sur le duel entre PicNic et Cofidis, qui feront tout pour am\u00e9liorer leurs positions en cette fin de Giro. et par la m\u00eame occasion, tenter de prendre l\u2019ascendant en vue du maintien en World-Tour.<\/p>\n<p><strong>Les favoris de la 20\u00e8me \u00e9tape du Tour d\u2019Italie :<\/strong><\/p>\n<p>3* : Richard Carapaz, Isaac Del Toro<\/p>\n<p>2* : Simon Yates, Derek Gee, Damiano Caruso<\/p>\n<p>1* : Egan Bernal, Giulio Pellizzari, Michael Storer, Einer Rubio<\/p>\n<p><strong>Arriv\u00e9e pr\u00e9vue :<\/strong> 16h15<\/p>\n<p><strong>La retransmission TV :<\/strong> en direct sur Eurosport et Max<\/p>\n<p><strong>Suivre et commenter l\u2019\u00e9tape :<\/strong> <a href=\"https:\/\/forum.velo-club.net\/viewtopic.php?t=81913\" target=\"_blank\" rel=\"noreferrer noopener\">forum Velo-Club<\/a><\/p>\n<p><strong>Le profil de la 20\u00e8me \u00e9tape :<\/strong><\/p>\n<p><img loading=\"lazy\" decoding=\"async\" width=\"1024\" height=\"682\" src=\"https:\/\/www.europesays.com\/fr\/wp-content\/uploads\/2025\/05\/Italie-20eme-etape-profil-1024x682.jpg\" alt=\"\" class=\"wp-image-15884\"  \/><\/p>\n<p>Cr\u00e9dit photo : LaPresse<\/p>\n","protected":false},"excerpt":{"rendered":"La 20\u00e8me \u00e9tape du Tour d\u2019Italie se d\u00e9roule ce samedi 31 mai sur une distance de 205 kilom\u00e8tres.&hellip;\n","protected":false},"author":2,"featured_media":141611,"comment_status":"","ping_status":"","sticky":false,"template":"","format":"standard","meta":{"footnotes":""},"categories":[1411],"tags":[2202,1154,207,1011,27,60],"class_list":{"0":"post-141610","1":"post","2":"type-post","3":"status-publish","4":"format-standard","5":"has-post-thumbnail","7":"category-cyclisme","8":"tag-a-decouvrir","9":"tag-cycling","10":"tag-cyclisme","11":"tag-fr","12":"tag-france","13":"tag-sports"},"share_on_mastodon":{"url":"https:\/\/pubeurope.com\/@fr\/114602331646397982","error":""},"_links":{"self":[{"href":"https:\/\/www.europesays.com\/fr\/wp-json\/wp\/v2\/posts\/141610","targetHints":{"allow":["GET"]}}],"collection":[{"href":"https:\/\/www.europesays.com\/fr\/wp-json\/wp\/v2\/posts"}],"about":[{"href":"https:\/\/www.europesays.com\/fr\/wp-json\/wp\/v2\/types\/post"}],"author":[{"embeddable":true,"href":"https:\/\/www.europesays.com\/fr\/wp-json\/wp\/v2\/users\/2"}],"replies":[{"embeddable":true,"href":"https:\/\/www.europesays.com\/fr\/wp-json\/wp\/v2\/comments?post=141610"}],"version-history":[{"count":0,"href":"https:\/\/www.europesays.com\/fr\/wp-json\/wp\/v2\/posts\/141610\/revisions"}],"wp:featuredmedia":[{"embeddable":true,"href":"https:\/\/www.europesays.com\/fr\/wp-json\/wp\/v2\/media\/141611"}],"wp:attachment":[{"href":"https:\/\/www.europesays.com\/fr\/wp-json\/wp\/v2\/media?parent=141610"}],"wp:term":[{"taxonomy":"category","embeddable":true,"href":"https:\/\/www.europesays.com\/fr\/wp-json\/wp\/v2\/categories?post=141610"},{"taxonomy":"post_tag","embeddable":true,"href":"https:\/\/www.europesays.com\/fr\/wp-json\/wp\/v2\/tags?post=141610"}],"curies":[{"name":"wp","href":"https:\/\/api.w.org\/{rel}","templated":true}]}}