{"id":141613,"date":"2025-05-31T12:00:10","date_gmt":"2025-05-31T12:00:10","guid":{"rendered":"https:\/\/www.europesays.com\/fr\/141613\/"},"modified":"2025-05-31T12:00:10","modified_gmt":"2025-05-31T12:00:10","slug":"corneille-refuse-de-ressembler-a-garou-pourquoi-le-chanteur-fait-aussi-peu-de-shows","status":"publish","type":"post","link":"https:\/\/www.europesays.com\/fr\/141613\/","title":{"rendered":"Corneille refuse de ressembler \u00e0 Garou : pourquoi le chanteur fait aussi peu de shows ?"},"content":{"rendered":"<p>Le <strong>chanteur Corneille n&rsquo;est pas comme Garou<\/strong> et il l&rsquo;assume compl\u00e8tement. Ce vendredi 30 mai, l&rsquo;interpr\u00e8te de Parce qu\u2019on vient de loin s\u2019est confi\u00e9 \u00e0 Public sur son <strong>rapport \u00e0 la sc\u00e8ne<\/strong> et sa<strong> carri\u00e8re musicale<\/strong>. M\u00eame s&rsquo;il n&rsquo;a pas quitt\u00e9 la musique, il a <strong>quand m\u00eame nettement frein\u00e9 les shows<\/strong>.<\/p>\n<p>Ce choix intrigue la plupart de ses fans, mais cela s&rsquo;explique par un <strong>profond mal-\u00eatre li\u00e9 \u00e0 la notori\u00e9t\u00e9<\/strong>. Corneille se <strong>prot\u00e8ge <\/strong>et il ne cherche pas le contact avec le public \u00e0 tout prix.<\/p>\n<p>Corneille ne veut pas de stress, mais du sens<\/p>\n<p>Le chanteur explique qu&rsquo;il n&rsquo;a \u00ab <strong>pas l\u2019\u00e2me d\u2019une rock star<\/strong>. J\u2019ai tr\u00e8s mal v\u00e9cu la c\u00e9l\u00e9brit\u00e9 et la privation de libert\u00e9 qui l\u2019accompagne \u00bb. Alors, pas question pour lui de courir les plateaux TV ni de faire des <strong>tourn\u00e9es \u00e0 rallonge<\/strong>. Corneille fuit les projecteurs pour se pr\u00e9server et fait m\u00eame un clin d&rsquo;\u0153il : \u00ab Je ne suis pas un showman comme mon ami <a href=\"https:\/\/www.public.fr\/louane-fait-un-aveu-surprenant-sur-garou-maintenant-que-cest-passe-je-peux-vous-le-dire\" target=\"_blank\" rel=\"noopener\">Garou <\/a>\u00bb.<\/p>\n<p>Mais, derri\u00e8re cette discr\u00e9tion assum\u00e9e, il y a surtout un<strong> artiste profond\u00e9ment marqu\u00e9 par son pass\u00e9<\/strong>. Dans La M\u00e9lodie du Pardon, son tout nouveau livre publi\u00e9 il y a quinze jours, Corneille revient sur <strong>les traumatismes de son enfance<\/strong>, et sur <strong>le long chemin vers la reconstruction<\/strong>. \u00ab Si je pouvais faire de la musique de mon c\u00f4t\u00e9 sans trop m\u2019exposer, \u00e7a m\u2019irait tr\u00e8s bien \u00bb, affirme-t-il.<\/p>\n<p>Pour lui, la musique est avant tout un <strong>outil de r\u00e9silience<\/strong>, pas une vitrine. \u00ab Aujourd\u2019hui, je ne ressens plus le besoin de partir en tourn\u00e9e \u00bb, assure-t-il avec sinc\u00e9rit\u00e9. Une <strong>d\u00e9claration rare<\/strong> dans le monde de la musique o\u00f9 l\u2019exposition est souvent reine. Mais, en plus de ces raisons, il y a aussi des <strong>priorit\u00e9s personnelles<\/strong>. Corneille est aussi un<strong> papa poule combl\u00e9<\/strong>, et ce r\u00f4le-l\u00e0, il ne le prend pas \u00e0 la l\u00e9g\u00e8re. \u00ab Ma vie familiale en souffrirait, en plus. Cette<strong> existence plus tranquille me convient parfaitement<\/strong> \u00bb, r\u00e9sume-t-il.<\/p>\n<p>Un papa combl\u00e9 au Canada<\/p>\n<p>Cela fait plusieurs ann\u00e9es que Corneille a quitt\u00e9 Paris pour les grands espaces du Canada o\u00f9 il vit avec <strong>sa femme Sofia de Medeiros et leurs deux enfants, Merik et Mila.<\/strong> Et il ne regrette pas du tout son choix. \u00ab Je dis je t\u2019aime \u00e0 mes gamins tous les jours \u00bb, glisse-t-il. Pour lui, <strong>le <a href=\"https:\/\/www.public.fr\/celine-dion-elle-veut-mourir-au-canada\" target=\"_blank\" rel=\"noopener\">Canada<\/a>, c\u2019est la libert\u00e9<\/strong>, loin de l\u2019agitation des capitales. \u00ab Paris, c\u2019est la plus belle ville du monde, j\u2019aime les Parisiens et leur mauvais caract\u00e8re. Mais quand on a go\u00fbt\u00e9 aux grands espaces du Canada, c\u2019est tr\u00e8s compliqu\u00e9 de se remettre dans une petite bo\u00eete \u00e0 chaussures \u00bb, explique-t-il.<\/p>\n<p>Sans parler de la <strong>s\u00e9curit\u00e9 des enfants<\/strong> : \u00ab Il y a un vrai probl\u00e8me de s\u00e9curit\u00e9 \u00e0 Paris. \u00c7a ne me donne <strong>pas envie d\u2019y \u00e9lever mes enfants <\/strong>\u00bb, avoue-t-il. Ainsi, Corneille est donc <strong>plus serein dans la discr\u00e9tion<\/strong>, \u00e0 l\u2019abri du tumulte, avec ses proches.<\/p>\n<p>      Mentionn\u00e9s dans cet article<\/p>\n<p>\u00c0 lire aussi<\/p>\n","protected":false},"excerpt":{"rendered":"Le chanteur Corneille n&rsquo;est pas comme Garou et il l&rsquo;assume compl\u00e8tement. Ce vendredi 30 mai, l&rsquo;interpr\u00e8te de Parce&hellip;\n","protected":false},"author":2,"featured_media":141614,"comment_status":"","ping_status":"","sticky":false,"template":"","format":"standard","meta":{"footnotes":""},"categories":[1359],"tags":[26947,58,59,1011,27,8105,973],"class_list":{"0":"post-141613","1":"post","2":"type-post","3":"status-publish","4":"format-standard","5":"has-post-thumbnail","7":"category-people","8":"tag-corneille","9":"tag-divertissement","10":"tag-entertainment","11":"tag-fr","12":"tag-france","13":"tag-garou","14":"tag-people"},"share_on_mastodon":{"url":"https:\/\/pubeurope.com\/@fr\/114602339676076009","error":""},"_links":{"self":[{"href":"https:\/\/www.europesays.com\/fr\/wp-json\/wp\/v2\/posts\/141613","targetHints":{"allow":["GET"]}}],"collection":[{"href":"https:\/\/www.europesays.com\/fr\/wp-json\/wp\/v2\/posts"}],"about":[{"href":"https:\/\/www.europesays.com\/fr\/wp-json\/wp\/v2\/types\/post"}],"author":[{"embeddable":true,"href":"https:\/\/www.europesays.com\/fr\/wp-json\/wp\/v2\/users\/2"}],"replies":[{"embeddable":true,"href":"https:\/\/www.europesays.com\/fr\/wp-json\/wp\/v2\/comments?post=141613"}],"version-history":[{"count":0,"href":"https:\/\/www.europesays.com\/fr\/wp-json\/wp\/v2\/posts\/141613\/revisions"}],"wp:featuredmedia":[{"embeddable":true,"href":"https:\/\/www.europesays.com\/fr\/wp-json\/wp\/v2\/media\/141614"}],"wp:attachment":[{"href":"https:\/\/www.europesays.com\/fr\/wp-json\/wp\/v2\/media?parent=141613"}],"wp:term":[{"taxonomy":"category","embeddable":true,"href":"https:\/\/www.europesays.com\/fr\/wp-json\/wp\/v2\/categories?post=141613"},{"taxonomy":"post_tag","embeddable":true,"href":"https:\/\/www.europesays.com\/fr\/wp-json\/wp\/v2\/tags?post=141613"}],"curies":[{"name":"wp","href":"https:\/\/api.w.org\/{rel}","templated":true}]}}