{"id":141617,"date":"2025-05-31T12:02:14","date_gmt":"2025-05-31T12:02:14","guid":{"rendered":"https:\/\/www.europesays.com\/fr\/141617\/"},"modified":"2025-05-31T12:02:14","modified_gmt":"2025-05-31T12:02:14","slug":"des-livres-pour-se-reinventer","status":"publish","type":"post","link":"https:\/\/www.europesays.com\/fr\/141617\/","title":{"rendered":"des livres pour se r\u00e9inventer"},"content":{"rendered":"<p>En 2025, je me suis lanc\u00e9 le d\u00e9fi de lire 40 livres dans l\u2019ann\u00e9e, soit un peu plus de trois par mois. A chaque fin de mois, je vous partage mes lectures. En mai, j\u2019ai fait ce qu\u2019il me plait en lisant 5 livres, dont trois autrices qui offrent, chacune \u00e0 leur mani\u00e8re, une vision de la r\u00e9invention de soi.<\/p>\n<p>J\u2019ai beaucoup lu Agn\u00e8s Martin-Lugand \u00e0 ses d\u00e9buts, j\u2019avais ador\u00e9 ses romans en Irlande, je r\u00eavais d\u2019y aller juste pour suivre ses traces. Mais son tout nouveau livre, \u00ab\u00a0Les renaissances\u00a0\u00bb, met le cap sur l\u2019Italie, Venise plus pr\u00e9cis\u00e9ment. L\u2019autrice y fait ce que beaucoup d\u2019\u00e9crivains ma\u00eetrisent\u00a0: \u00e9crire un livre qui raconte l\u2019\u00e9criture d\u2019un livre. Ou plut\u00f4t, \u00e9crire sur une femme \u00e0 la moiti\u00e9 de sa vie, qui n\u2019aime plus son mari, qui n\u2019a plus l\u2019inspiration, mais qui trouve sa renaissance dans cet homme qui vit en ermite en Provence, et dont le c\u0153ur est rest\u00e9 \u00e0 Venise. Un roman tr\u00e8s beau sur une histoire d\u2019amour pass\u00e9e, impossible, qui doit \u00eatre exorcis\u00e9e pour pouvoir avancer. Exorciser son pass\u00e9, c\u2019est aussi le th\u00e8me du nouveau roman de Virginie Grimaldi, \u00ab\u00a0Les heures fragiles\u00a0\u00bb. Mais l\u2019autrice la plus vendue de France y insert aussi la transmission des traumatismes de g\u00e9n\u00e9ration en g\u00e9n\u00e9ration. Se soigner soi pour ne pas transmettre nos souffrances \u00e0 nos enfants. Bouleversant.<\/p>\n<p>Lire aussi :<\/p>\n<p><a href=\"https:\/\/www.elle.fr\/Loisirs\/Livres\/News\/Mon-challenge-lecture-2025-janvier-3-livres-sombres-pour-bien-commencer-4310249\" rel=\"nofollow noopener\" target=\"_blank\" data-ylk=\"slk:Mon challenge lecture de janvier;elm:context_link;itc:0;sec:content-canvas\" class=\"link \">Mon challenge lecture de janvier<\/a><br \/><a href=\"https:\/\/www.elle.fr\/Loisirs\/Livres\/News\/Mon-challenge-lecture-2025-fevrier-sous-le-signe-du-tourment-adolescent-4321725\" rel=\"nofollow noopener\" target=\"_blank\" data-ylk=\"slk:Mon challenge lecture de f\u00e9vrier;elm:context_link;itc:0;sec:content-canvas\" class=\"link \">Mon challenge lecture de f\u00e9vrier<\/a><br \/><a href=\"https:\/\/www.elle.fr\/Loisirs\/Livres\/News\/Mon-challenge-lecture-2025-numero-3-lit-on-tant-que-ca-en-vacances-4337811\" rel=\"nofollow noopener\" target=\"_blank\" data-ylk=\"slk:Mon challenge lecture de mars;elm:context_link;itc:0;sec:content-canvas\" class=\"link \">Mon challenge lecture de mars<\/a><br \/><a href=\"https:\/\/www.elle.fr\/Loisirs\/Livres\/News\/Mon-challenge-lecture-numero-4-Celine-Dion-la-Finlande-et-quelques-larmes-4343392\" rel=\"nofollow noopener\" target=\"_blank\" data-ylk=\"slk:Mon challenge lecture d&#039;avril;elm:context_link;itc:0;sec:content-canvas\" class=\"link \">Mon challenge lecture d&rsquo;avril<\/a><\/p>\n<p>Mais c\u2019est un troisi\u00e8me livre f\u00e9minin qui m\u2019a le plus interpel\u00e9e ce mois-ci, celui de Shirin Rachidian. \u00ab\u00a0Les petites r\u00e9volutions d\u2019une Fran\u00e7aise \u00e0 T\u00e9h\u00e9ran\u00a0\u00bb raconte l\u2019histoire de Lila, une Parisienne \u00e0 la recherche de son p\u00e8re en Iran, pays dans lequel elle n\u2019a jamais mis les pieds. A&#8230;<\/p>\n<p><a href=\"https:\/\/www.elle.fr\/Loisirs\/Livres\/News\/Mon-challenge-lecture-numero-5-des-livres-pour-se-reinventer-4350596#xtor=AL-540\" rel=\"nofollow noopener\" target=\"_blank\" data-ylk=\"slk:Lire la suite de l&#039;article sur Elle.fr;elm:context_link;itc:0;sec:content-canvas\" class=\"link \">Lire la suite de l&rsquo;article sur Elle.fr<\/a><\/p>\n<p>A lire aussi<\/p>\n","protected":false},"excerpt":{"rendered":"En 2025, je me suis lanc\u00e9 le d\u00e9fi de lire 40 livres dans l\u2019ann\u00e9e, soit un peu plus&hellip;\n","protected":false},"author":2,"featured_media":141618,"comment_status":"","ping_status":"","sticky":false,"template":"","format":"standard","meta":{"footnotes":""},"categories":[1357],"tags":[1379,58,59,1011,27,7981,1380,6966],"class_list":{"0":"post-141617","1":"post","2":"type-post","3":"status-publish","4":"format-standard","5":"has-post-thumbnail","7":"category-livres","8":"tag-books","9":"tag-divertissement","10":"tag-entertainment","11":"tag-fr","12":"tag-france","13":"tag-le-defi","14":"tag-livres","15":"tag-une-histoire-damour"},"share_on_mastodon":{"url":"https:\/\/pubeurope.com\/@fr\/114602347304214010","error":""},"_links":{"self":[{"href":"https:\/\/www.europesays.com\/fr\/wp-json\/wp\/v2\/posts\/141617","targetHints":{"allow":["GET"]}}],"collection":[{"href":"https:\/\/www.europesays.com\/fr\/wp-json\/wp\/v2\/posts"}],"about":[{"href":"https:\/\/www.europesays.com\/fr\/wp-json\/wp\/v2\/types\/post"}],"author":[{"embeddable":true,"href":"https:\/\/www.europesays.com\/fr\/wp-json\/wp\/v2\/users\/2"}],"replies":[{"embeddable":true,"href":"https:\/\/www.europesays.com\/fr\/wp-json\/wp\/v2\/comments?post=141617"}],"version-history":[{"count":0,"href":"https:\/\/www.europesays.com\/fr\/wp-json\/wp\/v2\/posts\/141617\/revisions"}],"wp:featuredmedia":[{"embeddable":true,"href":"https:\/\/www.europesays.com\/fr\/wp-json\/wp\/v2\/media\/141618"}],"wp:attachment":[{"href":"https:\/\/www.europesays.com\/fr\/wp-json\/wp\/v2\/media?parent=141617"}],"wp:term":[{"taxonomy":"category","embeddable":true,"href":"https:\/\/www.europesays.com\/fr\/wp-json\/wp\/v2\/categories?post=141617"},{"taxonomy":"post_tag","embeddable":true,"href":"https:\/\/www.europesays.com\/fr\/wp-json\/wp\/v2\/tags?post=141617"}],"curies":[{"name":"wp","href":"https:\/\/api.w.org\/{rel}","templated":true}]}}