{"id":141620,"date":"2025-05-31T12:04:09","date_gmt":"2025-05-31T12:04:09","guid":{"rendered":"https:\/\/www.europesays.com\/fr\/141620\/"},"modified":"2025-05-31T12:04:09","modified_gmt":"2025-05-31T12:04:09","slug":"black-m-annonce-un-nouvel-album-lors-dun-combat-de-boxe-qui-na-finalement-jamais-eu-lieu","status":"publish","type":"post","link":"https:\/\/www.europesays.com\/fr\/141620\/","title":{"rendered":"Black M annonce un nouvel album lors d\u2019un combat de boxe qui n\u2019a finalement jamais eu lieu"},"content":{"rendered":"<p>        <img decoding=\"async\" loading=\"lazy\" src=\"https:\/\/www.europesays.com\/fr\/wp-content\/uploads\/2025\/05\/e59c359_sirius-fs-upload-1-8oydxt0i9awk-1748685667961-000-478b466.jpg\"  width=\"728\" height=\"409\" alt=\"Black M, ici au Festival de Cannes, le 18\u00a0mai 2025. \"\/>  <\/p>\n<p>SAMEER AL-DOUMY \/ AFP<\/p>\n<p>Black M, ici au Festival de Cannes, le 18\u00a0mai 2025. <\/p>\n<p class=\"asset asset-text\">MUSIQUE &#8211; Black M a pris tout le monde de court. Le rappeur annon\u00e7ait depuis quelques jours qu\u2019il allait participer vendredi 30\u00a0mai \u00e0 son tout premier combat de boxe, contre le combattant de <a href=\"https:\/\/www.huffingtonpost.fr\/sport\/article\/le-combattant-de-mma-amaury-wako-zabo-a-coupe-ses-dreads-pour-respecter-la-limite-de-poids_249825.html\" target=\"_blank\" rel=\"noopener\">MMA<\/a> Bemba, de 20\u00a0ans son cadet.<\/p>\n<p class=\"asset asset-text\">\u00ab\u00a0Demain, c\u2019est le jour J, pour ceux qui ne pourront pas \u00eatre sur place, le combat commence \u00e0 20h30 sur mes cha\u00eenes YouTube et Twitch\u00a0\u00bb, teasait m\u00eame encore la veille l\u2019artiste sur son compte Instagram, partageant un visuel de l\u2019\u00e9v\u00e9nement.<\/p>\n<p class=\"asset asset-text\">Des journalistes et influenceurs avaient \u00e9t\u00e9 convi\u00e9s pour ce combat disput\u00e9 dans une salle du 19e arrondissement de Paris. Mais de coups de poing il n\u2019y eut jamais.<\/p>\n<p> La lecture de ce contenu est susceptible d\u2019entra\u00eener un d\u00e9p\u00f4t de cookies de la part de l\u2019op\u00e9rateur tiers qui l\u2019h\u00e9berge. Compte-tenu des choix que vous avez exprim\u00e9s en mati\u00e8re de d\u00e9p\u00f4t de cookies, nous avons bloqu\u00e9 l\u2019affichage de ce contenu. Si vous souhaitez y acc\u00e9der, vous devez accepter la cat\u00e9gorie de cookies \u201cContenus tiers\u201d en cliquant sur le bouton ci-dessous. <\/p>\n<p> Lire la Vid\u00e9o        <\/p>\n<p class=\"asset asset-text\">Black M a en effet tromp\u00e9 tout son monde, apparaissant certes sur un ring install\u00e9 pour l\u2019occasion, mais pour\u2026 chanter, <a href=\"https:\/\/www.leparisien.fr\/culture-loisirs\/musique\/le-faux-combat-de-boxe-de-black-m-pour-annoncer-son-nouveau-single-30-05-2025-FLWF5N3BTBAVRMUDB4BYC3TDYI.php\" target=\"_blank\" rel=\"noopener\" title=\"Nouvelle fen\u00eatre\">comme le rapporte Le Parisien dans un reportage<\/a>. \u00ab\u00a0L\u2019artiste d\u00e9barque en courant, immense sweat \u00e0 capuche XXL sur la t\u00eate et entour\u00e9 d\u2019une trentaine de musiciens hip-hop scandant \u201cpull up, pull up\u201d\u00a0\u00bb, raconte le journaliste du quotidien. S\u2019ensuit un morceau in\u00e9dit du rappeur aujourd\u2019hui \u00e2g\u00e9 de 40\u00a0ans.<\/p>\n<p>                     \u00ab\u00a0Vous vous demandez tous ce qu\u2019il se passe\u00a0\u00bb    <\/p>\n<p class=\"asset asset-text\">\u00ab\u00a0Oui, je le sais, je le vois dans vos yeux, vous vous demandez tous ce qu\u2019il se passe\u00a0\u00bb, a-t-il lanc\u00e9 \u00e0 la fin de sa performance sur un ton solennel. \u00ab\u00a0Ce soir, nous \u00e9tions cens\u00e9s voir Black M mettre ou se manger un chaos. Mais Black M est l\u00e0 en train de vous faire un discours et vous ne pouvez pas demander \u00e0 \u00eatre rembours\u00e9, vous n\u2019avez rien pay\u00e9\u00a0\u00bb, a-t-il continu\u00e9, comme le rapporte Le Parisien.<\/p>\n<p> La lecture de ce contenu est susceptible d\u2019entra\u00eener un d\u00e9p\u00f4t de cookies de la part de l\u2019op\u00e9rateur tiers qui l\u2019h\u00e9berge. Compte-tenu des choix que vous avez exprim\u00e9s en mati\u00e8re de d\u00e9p\u00f4t de cookies, nous avons bloqu\u00e9 l\u2019affichage de ce contenu. Si vous souhaitez y acc\u00e9der, vous devez accepter la cat\u00e9gorie de cookies \u201cContenus tiers\u201d en cliquant sur le bouton ci-dessous. <\/p>\n<p> Lire la Vid\u00e9o        <\/p>\n<p class=\"asset asset-text\">\u00ab\u00a0Depuis quelques ann\u00e9es, beaucoup me demandent o\u00f9 j\u2019en suis musicalement, est-ce que j\u2019ai arr\u00eat\u00e9 ou fais une pause. Je n\u2019ai jamais arr\u00eat\u00e9, mais je vais vous dire la v\u00e9rit\u00e9, la musique c\u2019est dur, c\u2019est dur d\u2019\u00eatre au top et surtout de le rester. Apr\u00e8s des semaines d\u2019\u00e9moi, je vous annonce que je reviens, notamment en faisant ce clin d\u2019\u0153il au sport de combat, au noble art\u00a0\u00bb, a-t-il confi\u00e9 ensuite face \u00e0 son auditoire.<\/p>\n<p class=\"asset asset-text\">\u00ab\u00a0J\u2019ai l\u2019honneur de vous pr\u00e9senter le premier single \u201cPull Up\u201d, d\u2019un nouvel album \u201cRoue libre\u201d \u00e0 venir. Il n\u2019y aura pas de combat. Que la soir\u00e9e commence\u00a0\u00bb, a conclu Black M.<\/p>\n<p> La lecture de ce contenu est susceptible d\u2019entra\u00eener un d\u00e9p\u00f4t de cookies de la part de l\u2019op\u00e9rateur tiers qui l\u2019h\u00e9berge. Compte-tenu des choix que vous avez exprim\u00e9s en mati\u00e8re de d\u00e9p\u00f4t de cookies, nous avons bloqu\u00e9 l\u2019affichage de ce contenu. Si vous souhaitez y acc\u00e9der, vous devez accepter la cat\u00e9gorie de cookies \u201cContenus tiers\u201d en cliquant sur le bouton ci-dessous. <\/p>\n<p> Lire la Vid\u00e9o              <\/p>\n<p class=\"asset asset-text\">L\u2019artiste avait sorti son dernier album en 2023, La L\u00e9gende Black. Il avait particip\u00e9 l\u2019ann\u00e9e derni\u00e8re <a href=\"https:\/\/www.huffingtonpost.fr\/divertissement\/article\/danse-avec-les-stars-truquee-black-m-s-interroge-apres-son-elimination_232858.html\" target=\"_blank\" rel=\"noopener\">\u00e0 Danse avec les stars sur TF1<\/a>.<\/p>\n","protected":false},"excerpt":{"rendered":"SAMEER AL-DOUMY \/ AFP Black M, ici au Festival de Cannes, le 18\u00a0mai 2025. MUSIQUE &#8211; Black M&hellip;\n","protected":false},"author":2,"featured_media":141621,"comment_status":"","ping_status":"","sticky":false,"template":"","format":"standard","meta":{"footnotes":""},"categories":[1355],"tags":[26948,251,58,59,1011,27,1361,873,3616],"class_list":{"0":"post-141620","1":"post","2":"type-post","3":"status-publish","4":"format-standard","5":"has-post-thumbnail","7":"category-musique","8":"tag-black-m","9":"tag-culture","10":"tag-divertissement","11":"tag-entertainment","12":"tag-fr","13":"tag-france","14":"tag-music","15":"tag-musique","16":"tag-rap"},"share_on_mastodon":{"url":"https:\/\/pubeurope.com\/@fr\/114602355244221647","error":""},"_links":{"self":[{"href":"https:\/\/www.europesays.com\/fr\/wp-json\/wp\/v2\/posts\/141620","targetHints":{"allow":["GET"]}}],"collection":[{"href":"https:\/\/www.europesays.com\/fr\/wp-json\/wp\/v2\/posts"}],"about":[{"href":"https:\/\/www.europesays.com\/fr\/wp-json\/wp\/v2\/types\/post"}],"author":[{"embeddable":true,"href":"https:\/\/www.europesays.com\/fr\/wp-json\/wp\/v2\/users\/2"}],"replies":[{"embeddable":true,"href":"https:\/\/www.europesays.com\/fr\/wp-json\/wp\/v2\/comments?post=141620"}],"version-history":[{"count":0,"href":"https:\/\/www.europesays.com\/fr\/wp-json\/wp\/v2\/posts\/141620\/revisions"}],"wp:featuredmedia":[{"embeddable":true,"href":"https:\/\/www.europesays.com\/fr\/wp-json\/wp\/v2\/media\/141621"}],"wp:attachment":[{"href":"https:\/\/www.europesays.com\/fr\/wp-json\/wp\/v2\/media?parent=141620"}],"wp:term":[{"taxonomy":"category","embeddable":true,"href":"https:\/\/www.europesays.com\/fr\/wp-json\/wp\/v2\/categories?post=141620"},{"taxonomy":"post_tag","embeddable":true,"href":"https:\/\/www.europesays.com\/fr\/wp-json\/wp\/v2\/tags?post=141620"}],"curies":[{"name":"wp","href":"https:\/\/api.w.org\/{rel}","templated":true}]}}