{"id":141628,"date":"2025-05-31T12:08:08","date_gmt":"2025-05-31T12:08:08","guid":{"rendered":"https:\/\/www.europesays.com\/fr\/141628\/"},"modified":"2025-05-31T12:08:08","modified_gmt":"2025-05-31T12:08:08","slug":"louane-apres-lechec-a-leurovision-elle-quitte-la-france","status":"publish","type":"post","link":"https:\/\/www.europesays.com\/fr\/141628\/","title":{"rendered":"Louane : apr\u00e8s l\u2019\u00e9chec \u00e0 l\u2019Eurovision, elle quitte la France"},"content":{"rendered":"<p>Il y a des claques qui font mal&#8230; et d&rsquo;autres qui poussent \u00e0 tout envoyer valser. Pour Louane, l\u2019Eurovision 2025 avait eu des allures de r\u00eave. Avec son titre<strong> \u00ab\u00a0Maman\u00a0\u00bb<\/strong>, la chanteuse de 28 ans visait haut. Mais, le destin en a d\u00e9cid\u00e9 autrement. Malgr\u00e9 <strong>les \u00e9loges du jury<\/strong>, le public europ\u00e9en n\u2019a <strong>pas mordu \u00e0 l\u2019hame\u00e7on<\/strong>, la rel\u00e9guant \u00e0 une <strong>septi\u00e8me place<\/strong>. Un score honorable, mais clairement en dessous des attentes plac\u00e9es en elle.<\/p>\n<p>Apr\u00e8s les r\u00e9sultats, Louane a <strong><a href=\"https:\/\/www.public.fr\/eurovision-2025-du-jamais-vu-apres-la-defaite-de-louane\" target=\"_blank\" rel=\"noopener\">pr\u00e9f\u00e9r\u00e9 garder le silence<\/a><\/strong>. \u00ab\u00a0Elle ne r\u00e9agira pas ce soir, on a besoin de temps, de se retrouver \u00e0 l\u2019h\u00f4tel, d\u2019\u00eatre entre nous\u00a0\u00bb, a confi\u00e9 Ludovic Hurel au Figaro. Et suite \u00e0 cette d\u00e9faite, elle avait clairement <strong>besoin d&rsquo;un break, loin de la France<\/strong>. C&rsquo;est chose faite ! D\u00e9couvrez les photos post\u00e9es sur Instagram.<\/p>\n<p>Louane dit adieu \u00e0 la France et bonjour au sable chaud<\/p>\n<p>Louane s&rsquo;est montr\u00e9e discr\u00e8te, sans donner de signes de vie, jusqu&rsquo;\u00e0 ces clich\u00e9s publi\u00e9s sur la Toile. Sur son compte Instagram @watchoutforthetornado, la chanteuse a partag\u00e9 avec ses abonn\u00e9s son <strong>lieu de ressourcement post-Eurovision<\/strong>. On d\u00e9couvre Louane en mode d\u00e9tente au bord de la mer : <strong>cocktail \u00e0 la main<\/strong>, <strong>lunettes de soleil<\/strong> viss\u00e9es sur le nez et <strong>coucher de soleil<\/strong> en fond.<\/p>\n<p>Et la l\u00e9gende qui accompagne ces images ne laisse aucun doute sur la suite : \u00ab\u00a0Juste pour que vous le sachiez, je vais vous spammer avec <strong>plus de contenu sur Ibiza<\/strong> tr\u00e8s bient\u00f4t\u00a0\u00bb. Loin de broyer du noir, <strong>Louane a clairement eu besoin de prendre le large<\/strong>, sous le ciel bleu m\u00e9diterran\u00e9en.<\/p>\n<p>Mais attention, Ibiza n\u2019est qu\u2019un d\u00e9but, car elle <strong>ne compte pas rester en place<\/strong>. En effet, l&rsquo;ann\u00e9e prochaine, une <strong><a href=\"https:\/\/www.public.fr\/louane-apres-sa-defaite-a-leurovision-son-nouveau-projet-loin-de-la-france\" target=\"_blank\" rel=\"noopener\">tourn\u00e9e europ\u00e9enne <\/a><\/strong>est d\u00e9j\u00e0 <strong>annonc\u00e9e pour avril-mai 2026<\/strong>.<\/p>\n<p>Tourn\u00e9e en Europe et retour aux racines<\/p>\n<p>Entre le 16 avril et le 2 mai 2026, Louane posera ses valises dans plusieurs villes europ\u00e9ennes pour des concerts en <strong>salles intimistes<\/strong> : Berlin, Cologne, Londres, Amsterdam, Lisbonne\u2026 \u00c0 noter, le 23 avril, elle foulera la sc\u00e8ne du mythique 02 Shepherd&rsquo;s Bush Empire \u00e0 Londres, avant de retrouver Berlin le 29 avril, au Metropol, \u00e0 deux pas du zoo de Berlin.<\/p>\n<p>Pendant cette tourn\u00e9e, elle va aussi renouer avec ses racines : le Portugal, un pays <strong>qu\u2019elle porte dans son c\u0153ur<\/strong>. \u00ab\u00a0Ma m\u00e8re est n\u00e9e au Portugal d&rsquo;une m\u00e8re br\u00e9silienne et d&rsquo;un p\u00e8re portugais. Mon p\u00e8re, lui, est n\u00e9 en France d&rsquo;une m\u00e8re polonaise et d&rsquo;un p\u00e8re allemand\u2026\u00a0\u00bb, confiait-elle \u00e0 La Tribune du Dimanche. Un m\u00e9lange culturel dont elle est fi\u00e8re. Elle se sent \u201ctr\u00e8s fran\u00e7aise\u201d mais toujours curieuse des autres pays et de ses origines. Alors, <strong>d\u00e9faite ou nouveau d\u00e9part<\/strong>, une chose est s\u00fbre, ses fans \u00e0 travers l\u2019Europe ont h\u00e2te !<\/p>\n<p>      Mentionn\u00e9s dans cet article<\/p>\n<p>\u00c0 lire aussi<\/p>\n","protected":false},"excerpt":{"rendered":"Il y a des claques qui font mal&#8230; et d&rsquo;autres qui poussent \u00e0 tout envoyer valser. Pour Louane,&hellip;\n","protected":false},"author":2,"featured_media":141629,"comment_status":"","ping_status":"","sticky":false,"template":"","format":"standard","meta":{"footnotes":""},"categories":[8],"tags":[8753,58,59,1011,27,4501],"class_list":{"0":"post-141628","1":"post","2":"type-post","3":"status-publish","4":"format-standard","5":"has-post-thumbnail","7":"category-divertissement","8":"tag-concours-eurovision-de-la-chanson","9":"tag-divertissement","10":"tag-entertainment","11":"tag-fr","12":"tag-france","13":"tag-louane"},"share_on_mastodon":{"url":"https:\/\/pubeurope.com\/@fr\/114602370934436980","error":""},"_links":{"self":[{"href":"https:\/\/www.europesays.com\/fr\/wp-json\/wp\/v2\/posts\/141628","targetHints":{"allow":["GET"]}}],"collection":[{"href":"https:\/\/www.europesays.com\/fr\/wp-json\/wp\/v2\/posts"}],"about":[{"href":"https:\/\/www.europesays.com\/fr\/wp-json\/wp\/v2\/types\/post"}],"author":[{"embeddable":true,"href":"https:\/\/www.europesays.com\/fr\/wp-json\/wp\/v2\/users\/2"}],"replies":[{"embeddable":true,"href":"https:\/\/www.europesays.com\/fr\/wp-json\/wp\/v2\/comments?post=141628"}],"version-history":[{"count":0,"href":"https:\/\/www.europesays.com\/fr\/wp-json\/wp\/v2\/posts\/141628\/revisions"}],"wp:featuredmedia":[{"embeddable":true,"href":"https:\/\/www.europesays.com\/fr\/wp-json\/wp\/v2\/media\/141629"}],"wp:attachment":[{"href":"https:\/\/www.europesays.com\/fr\/wp-json\/wp\/v2\/media?parent=141628"}],"wp:term":[{"taxonomy":"category","embeddable":true,"href":"https:\/\/www.europesays.com\/fr\/wp-json\/wp\/v2\/categories?post=141628"},{"taxonomy":"post_tag","embeddable":true,"href":"https:\/\/www.europesays.com\/fr\/wp-json\/wp\/v2\/tags?post=141628"}],"curies":[{"name":"wp","href":"https:\/\/api.w.org\/{rel}","templated":true}]}}