{"id":141634,"date":"2025-05-31T12:11:09","date_gmt":"2025-05-31T12:11:09","guid":{"rendered":"https:\/\/www.europesays.com\/fr\/141634\/"},"modified":"2025-05-31T12:11:09","modified_gmt":"2025-05-31T12:11:09","slug":"le-president-americain-agace-par-la-nouvelle-theorie-du-taco-trade","status":"publish","type":"post","link":"https:\/\/www.europesays.com\/fr\/141634\/","title":{"rendered":"le pr\u00e9sident am\u00e9ricain agac\u00e9 par la nouvelle th\u00e9orie du \u00abTACO trade\u00bb"},"content":{"rendered":"<p>Les revirements incessants du pr\u00e9sident am\u00e9ricain sur sa politique commerciale au cours des derniers mois lui ont valu d\u2019\u00eatre r\u00e9cemment accus\u00e9 de faiblesse dans ses d\u00e9cisions.<\/p>\n<p class=\"fig-paragraph\">\u00c0 force d\u2019encha\u00eener les annonces chocs, Donald Trump redevient de plus en plus pr\u00e9visible. Alors que les annonces de droits de douane du 2 avril avaient fait souffler un vent de panique sur le commerce mondial, le locataire de\u00a0<a href=\"http:\/\/www.lefigaro.fr\/international\/la-folie-des-grandeurs-l-a-emporte-sur-le-genie-createur-elon-musk-quitte-la-maison-blanche-vaccine-contre-la-politique-20250529\" data-fig-type=\"Article\" data-gtm-custom-categorie=\"navigation\" data-gtm-custom-action=\"crossclick\" data-gtm-custom-label=\"Contextuel\" data-gtm-event=\"customEventSPE\" data-fig-domain=\"LEFIGARO\" rel=\"nofollow noopener\" target=\"_blank\">la Maison-Blanche<\/a>\u00a0est revenu \u00e0 la raison en entamant des n\u00e9gociations bilat\u00e9rales avec certains partenaires. Certains y voient un signe de faiblesse.<\/p>\n<p class=\"fig-paragraph\">\u00abTrump Always Chickens Out\u00bb, en abr\u00e9g\u00e9 TACO, est officiellement le nouveau sobriquet du 47e pr\u00e9sident des \u00c9tats-Unis. Il signifie litt\u00e9ralement \u00abTrump se d\u00e9gonfle toujours\u00bb. L\u2019auteur en est l\u2019\u00e9ditorialiste du\u00a0<a href=\"https:\/\/www.ft.com\/\" target=\"_blank\" rel=\"nofollow noopener\" data-gtm-custom-categorie=\"navigation\" data-gtm-custom-action=\"crossclick\" data-gtm-custom-label=\"Contextuel\" data-gtm-event=\"customEventSPE\">Financial Times<\/a>, Robert Armstrong, qui, dans son billet du 2 mai, dessinait les contours de la th\u00e9orie du TACO.<\/p>\n<p class=\"fig-paragraph\">\u00abL\u2019administration supporte mal la pression du march\u00e9 et de l\u2019\u00e9conomie, et fera marche arri\u00e8re d\u00e8s l\u2019instant o\u00f9 les droits de douane commenceront \u00e0 se faire sentir\u00bb, \u00e9crit-il. Autrement dit, chaque fois que Donald Trump annonce de nouvelles hausses de tarifs douaniers, le pr\u00e9sident semble avoir du mal \u00e0 maintenir des positions fermes, causant ainsi\u00a0<a href=\"https:\/\/www.lefigaro.fr\/conjoncture\/en-direct-droits-de-douane-de-trump-le-fmi-s-alarme-d-un-risque-important-pour-l-economie-mondiale-20250404\" target=\"_blank\" data-fig-type=\"Live\" rel=\"noopener nofollow\" data-gtm-custom-categorie=\"navigation\" data-gtm-custom-action=\"crossclick\" data-gtm-custom-label=\"Contextuel\" data-gtm-event=\"customEventSPE\" data-fig-domain=\"LEFIGARO\">d\u2019importantes fluctuations sur les march\u00e9s<\/a>.<\/p>\n<p class=\"fig-body-link\">\n            \u00c0 lire aussi<br \/>\n        <a class=\"fig-body-link__link fig-premium-mark\" href=\"http:\/\/www.lefigaro.fr\/conjoncture\/comment-la-guerre-commerciale-de-donald-trump-secoue-les-marches-20250203\" target=\"_blank\" data-fig-type=\"Article\" rel=\"noopener nofollow\" data-gtm-custom-categorie=\"navigation\" data-gtm-custom-action=\"crossclick\" data-gtm-custom-label=\"Contextuel\" data-gtm-event=\"customEventSPE\" data-fig-domain=\"LEFIGARO\">Comment la guerre commerciale de Donald Trump secoue les march\u00e9s<br \/>\n    <\/a>\n<\/p>\n<p>\u00ab\u00c7a s\u2019appelle une n\u00e9gociation\u00bb<\/p>\n<p class=\"fig-paragraph\">Un surnom qui a de quoi agacer le principal int\u00e9ress\u00e9. Ce dernier a d\u2019ailleurs eu toutes les peines du monde \u00e0 se contenir mercredi, lors d\u2019une conf\u00e9rence de presse donn\u00e9e \u00e0 la Maison Blanche. \u00abOh, je me d\u00e9file, c\u2019est \u00e7a\u00a0? N\u2019est-ce pas charmant\u00a0? Je n\u2019en ai jamais entendu parler\u00bb, \u00e9voquant pour la premi\u00e8re fois ce nouveau surnom. Mais face aux regards insistants de la salle et aux moues dubitatives des journalistes, il a ajout\u00e9\u00a0: \u00abParce que j\u2019ai r\u00e9duit les droits de douane sur la Chine de 145 \u00e0 100 %, puis \u00e0 un autre chiffre (30 %)\u00a0? Cela s\u2019appelle une n\u00e9gociation\u00bb, s\u2019est-il justifi\u00e9 avant de fermer le ban. \u00abNe dites plus jamais ce que vous avez dit.\u00bb<\/p>\n<p class=\"fig-paragraph\">Mais la Chine n\u2019est pas la seule \u00e0 avoir fait les frais de la pr\u00e9tendue couardise du pr\u00e9sident des \u00c9tats-Unis. Apr\u00e8s avoir d\u00e9j\u00e0 report\u00e9 une fois l\u2019application des droits de douane g\u00e9n\u00e9ralis\u00e9s pendant 90 jours, Donald Trump a r\u00e9cemment\u00a0<a href=\"http:\/\/www.lefigaro.fr\/flash-eco\/le-dollar-souffle-avec-le-report-des-droits-de-douane-americains-sur-l-ue-20250527\" target=\"_blank\" data-fig-type=\"NewsFlash\" rel=\"noopener nofollow\" data-gtm-custom-categorie=\"navigation\" data-gtm-custom-action=\"crossclick\" data-gtm-custom-label=\"Contextuel\" data-gtm-event=\"customEventSPE\" data-fig-domain=\"LEFIGARO\">prolong\u00e9 d\u2019un mois les n\u00e9gociations avant l\u2019entr\u00e9e en vigueur des taxes sur les produits europ\u00e9ens<\/a>. Quelques jours plus t\u00f4t, il avait menac\u00e9 d\u2019enfoncer le Vieux continent avec des droits de douane de 50 % d\u00e8s le 1er juin. \u00abJ\u2019ai accept\u00e9 de prolonger (jusqu\u2019au 9 juillet 2025, NDLR). La pr\u00e9sidente de la Commission a d\u00e9clar\u00e9 que les n\u00e9gociations allaient commencer rapidement\u00bb, d\u00e9clarait-il en fin de semaine sur Truth Social, \u00e9voquant un appel avec Ursula von der Leyen.<\/p>\n<p class=\"fig-paragraph\">Ses voisins am\u00e9ricains sont \u00e9galement pass\u00e9s dans<a href=\"http:\/\/www.lefigaro.fr\/conjoncture\/les-livraisons-de-produits-vers-l-europe-seront-forcement-ralenties-donald-trump-provoque-le-chaos-dans-les-echanges-internationaux-20250409\" target=\"_blank\" data-fig-type=\"Article\" rel=\"noopener nofollow\" data-gtm-custom-categorie=\"navigation\" data-gtm-custom-action=\"crossclick\" data-gtm-custom-label=\"Contextuel\" data-gtm-event=\"customEventSPE\" data-fig-domain=\"LEFIGARO\">\u00a0l\u2019ascenseur \u00e9motionnel des tarifs douaniers<\/a>. D\u00e9but mars, soit un mois avant le\u00a0<a href=\"http:\/\/www.lefigaro.fr\/vox\/economie\/bertille-bayart-le-2-avril-n-est-pas-le-jour-de-la-liberation-mais-le-jour-de-la-coercition-20250401\" target=\"_blank\" data-fig-type=\"Article\" rel=\"noopener nofollow\" data-gtm-custom-categorie=\"navigation\" data-gtm-custom-action=\"crossclick\" data-gtm-custom-label=\"Contextuel\" data-gtm-event=\"customEventSPE\" data-fig-domain=\"LEFIGARO\">\u00abJour de la lib\u00e9ration\u00bb<\/a>, le pr\u00e9sident am\u00e9ricain avait d\u00e9cid\u00e9 de reporter d\u2019un mois l\u2019application de droits de douane de 25 % sur de nombreuses importations du Canada et du Mexique, afin d\u2019\u00e9viter des retomb\u00e9es \u00e9conomiques n\u00e9gatives. Des voisins qui ne savent plus sur quel pied danser, alors que le Mexique a \u00e9t\u00e9 accus\u00e9 successivement de faiblesse dans la lutte contre l\u2019immigration ill\u00e9gale, de fermer les yeux sur le trafic de stup\u00e9fiants \u00e0 sa fronti\u00e8re, ou encore de\u00a0<a href=\"http:\/\/www.lefigaro.fr\/economie\/donald-trump-menace-de-taxer-le-mexique-qui-lui-vole-de-l-eau-avec-ses-fleuves-20250411\" data-fig-type=\"Article\" data-gtm-custom-categorie=\"navigation\" data-gtm-custom-action=\"crossclick\" data-gtm-custom-label=\"Contextuel\" data-gtm-event=\"customEventSPE\" data-fig-domain=\"LEFIGARO\" rel=\"nofollow noopener\" target=\"_blank\">\u00abvoler l\u2019eau des agriculteurs texans\u00bb<\/a> .<\/p>\n<p class=\"fig-body-link\">\n            \u00c0 lire aussi<br \/>\n        <a class=\"fig-body-link__link fig-premium-mark\" href=\"http:\/\/www.lefigaro.fr\/conjoncture\/comment-la-guerre-commerciale-de-donald-trump-secoue-les-marches-20250203\" target=\"_blank\" data-fig-type=\"Article\" rel=\"noopener nofollow\" data-gtm-custom-categorie=\"navigation\" data-gtm-custom-action=\"crossclick\" data-gtm-custom-label=\"Contextuel\" data-gtm-event=\"customEventSPE\" data-fig-domain=\"LEFIGARO\">Comment la guerre commerciale de Donald Trump secoue les march\u00e9s<br \/>\n    <\/a>\n<\/p>\n<p>D\u00e9tente, annonce choc, d\u00e9tente<\/p>\n<p class=\"fig-paragraph\">Toujours est-il que l\u2019extr\u00eame volatilit\u00e9 des march\u00e9s au cours de ces quatre premiers mois de mandat semble devoir s\u2019apaiser. Apr\u00e8s avoir culmin\u00e9 \u00e0 52,3 le 8 avril,\u00a0<a href=\"https:\/\/www.lefigaro.fr\/blogs\/laskine\/2009\/03\/si-vous-en-avez-assez-de-vous.html\" data-fig-type=\"Article\" data-gtm-custom-categorie=\"navigation\" data-gtm-custom-action=\"crossclick\" data-gtm-custom-label=\"Contextuel\" data-gtm-event=\"customEventSPE\" data-fig-domain=\"LEFIGARO\" rel=\"nofollow noopener\" target=\"_blank\">l\u2019indice de volatilit\u00e9 des march\u00e9s \u00abVIX\u00bb<\/a> \u00a0est retomb\u00e9 \u00e0 son niveau habituel, sous les 20, au d\u00e9but du mois de mai. Ainsi, si les Bourses europ\u00e9ennes rebondissaient jeudi apr\u00e8s l\u2019appel entre Trump et von der Leyen, le climat d\u2019attentisme est pr\u00e9gnant dans les salles de march\u00e9. En outre, les march\u00e9s doivent d\u00e9sormais dig\u00e9rer un potentiel doublement de la surtaxe sur l\u2019acier import\u00e9 (\u00e0 50 % au lieu de 25 %), annonc\u00e9 par le pr\u00e9sident am\u00e9ricain vendredi 30 mai et qui devrait entrer en vigueur le 4 juin.<\/p>\n<p class=\"fig-paragraph\">D\u00e9tente, annonce choc, d\u00e9tente. Rien de nouveau sous le soleil, pourrait-on dire. Depuis le d\u00e9but du mandat de Donald Trump, plusieurs acronymes ont m\u00eame fleuri sur internet pour qualifier l\u2019ambiance g\u00e9n\u00e9rale des march\u00e9s et du commerce international, en parodiant\u00a0<a href=\"http:\/\/www.lefigaro.fr\/international\/elon-musk-l-investisseur-providentiel-pris-dans-la-tourmente-politique-maga-20250409\" data-fig-type=\"Article\" data-gtm-custom-categorie=\"navigation\" data-gtm-custom-action=\"crossclick\" data-gtm-custom-label=\"Contextuel\" data-gtm-event=\"customEventSPE\" data-fig-domain=\"LEFIGARO\" rel=\"nofollow noopener\" target=\"_blank\">le slogan MAGA du milliardaire am\u00e9ricain<\/a>. L\u2019acronyme MEGA (\u00abMake Europe Great Again\u00bb, \u00abRendre \u00e0 l\u2019Europe sa grandeur\u00bb) a refait surface ce printemps pour d\u00e9crire l\u2019int\u00e9r\u00eat croissant des investisseurs pour les march\u00e9s europ\u00e9ens. Moins raffin\u00e9, FAFO (pour \u00abF*** Around and Find Out\u00bb) serait de plus en plus populaire dans les salles de march\u00e9, d\u2019apr\u00e8s Reuters. \u00c9voquant le fait d\u2019agir sans r\u00e9fl\u00e9chir, il serait utilis\u00e9 pour d\u00e9crire le chaos cr\u00e9\u00e9 par la lente \u00e9laboration des politiques commerciales de Donald Trump. Avec son \u00abTACO Trade\u00bb, le 47e locataire de la Maison Blanche est, en quelque sorte, pris \u00e0 son propre jeu.<\/p>\n","protected":false},"excerpt":{"rendered":"Les revirements incessants du pr\u00e9sident am\u00e9ricain sur sa politique commerciale au cours des derniers mois lui ont valu&hellip;\n","protected":false},"author":2,"featured_media":141635,"comment_status":"","ping_status":"","sticky":false,"template":"","format":"standard","meta":{"footnotes":""},"categories":[5],"tags":[339,11,340,343,345,350,130,344,352,349,75,33,341,313,1011,27,346,342,14,353,2112,351,347,12,348,2658,354,28],"class_list":{"0":"post-141634","1":"post","2":"type-post","3":"status-publish","4":"format-standard","5":"has-post-thumbnail","7":"category-international","8":"tag-actualite-economique","9":"tag-actualites","10":"tag-bourse","11":"tag-cac-40","12":"tag-chef-dentreprise","13":"tag-concurrence","14":"tag-consommation","15":"tag-creation-dentreprise","16":"tag-crise","17":"tag-delocalisations","18":"tag-donald-trump","19":"tag-economie","20":"tag-emploi","21":"tag-entreprises","22":"tag-fr","23":"tag-france","24":"tag-grands-patrons","25":"tag-impots","26":"tag-international","27":"tag-licenciements","28":"tag-marches-financiers","29":"tag-monopole","30":"tag-multinationales","31":"tag-news","32":"tag-privatisation","33":"tag-taxes-douanieres","34":"tag-unio","35":"tag-world"},"share_on_mastodon":{"url":"https:\/\/pubeurope.com\/@fr\/114602382662281373","error":""},"_links":{"self":[{"href":"https:\/\/www.europesays.com\/fr\/wp-json\/wp\/v2\/posts\/141634","targetHints":{"allow":["GET"]}}],"collection":[{"href":"https:\/\/www.europesays.com\/fr\/wp-json\/wp\/v2\/posts"}],"about":[{"href":"https:\/\/www.europesays.com\/fr\/wp-json\/wp\/v2\/types\/post"}],"author":[{"embeddable":true,"href":"https:\/\/www.europesays.com\/fr\/wp-json\/wp\/v2\/users\/2"}],"replies":[{"embeddable":true,"href":"https:\/\/www.europesays.com\/fr\/wp-json\/wp\/v2\/comments?post=141634"}],"version-history":[{"count":0,"href":"https:\/\/www.europesays.com\/fr\/wp-json\/wp\/v2\/posts\/141634\/revisions"}],"wp:featuredmedia":[{"embeddable":true,"href":"https:\/\/www.europesays.com\/fr\/wp-json\/wp\/v2\/media\/141635"}],"wp:attachment":[{"href":"https:\/\/www.europesays.com\/fr\/wp-json\/wp\/v2\/media?parent=141634"}],"wp:term":[{"taxonomy":"category","embeddable":true,"href":"https:\/\/www.europesays.com\/fr\/wp-json\/wp\/v2\/categories?post=141634"},{"taxonomy":"post_tag","embeddable":true,"href":"https:\/\/www.europesays.com\/fr\/wp-json\/wp\/v2\/tags?post=141634"}],"curies":[{"name":"wp","href":"https:\/\/api.w.org\/{rel}","templated":true}]}}