{"id":141639,"date":"2025-05-31T12:14:11","date_gmt":"2025-05-31T12:14:11","guid":{"rendered":"https:\/\/www.europesays.com\/fr\/141639\/"},"modified":"2025-05-31T12:14:11","modified_gmt":"2025-05-31T12:14:11","slug":"saint-chamond-apres-la-danse-et-le-fitness-cet-entrepreneur-investit-dans-une-residence-hoteliere-a-phuket","status":"publish","type":"post","link":"https:\/\/www.europesays.com\/fr\/141639\/","title":{"rendered":"Saint-Chamond. Apr\u00e8s la danse et le fitness, cet entrepreneur investit dans une r\u00e9sidence h\u00f4teli\u00e8re \u00e0 Phuket"},"content":{"rendered":"<p>\u00ab\u00a0Je ne d\u00e9laisse pas ma ville. C\u2019est de l\u00e0 que tout est parti. J\u2019aime Saint-Chamond et je suis fier d\u2019avoir commenc\u00e9 \u00e0 construire ici.\u00a0\u00bb<\/p>\n<p>S\u2019il vient de passer cinq des six derniers mois \u00e0 l\u2019\u00e9tranger, Alexandre Gammino tient \u00e0 rassurer\u00a0: il n\u2019abandonne pas son \u00e9cole Bella Dance Studio, n\u00e9e en 2009 \u00e0 Izieux, ni <a href=\"https:\/\/www.leprogres.fr\/loire-42-edition-gier\/2018\/10\/22\/a-novacieries-l-appart-fitness-demarre-tres-fort\" target=\"_blank\" rel=\"nofollow noopener\">la salle de sport L&rsquo;Appart Fitness<\/a>, toutes deux install\u00e9es \u00e0 Novaci\u00e9ries depuis l\u2019ouverture de Hall in One en 2018.<\/p>\n<p>Mais l\u2019entrepreneur de 38 ans va d\u00e9sormais partager son temps entre la ville qui l\u2019a vu grandir et la Tha\u00eflande. Depuis fin 2024, il s\u2019est en effet lanc\u00e9 dans une nouvelle aventure \u00e0 l\u2019autre bout du monde. \u00ab\u00a0J\u2019ai achet\u00e9 une r\u00e9sidence h\u00f4teli\u00e8re compos\u00e9e de quatre grosses villas \u00e0 Phuket\u00a0\u00bb,&#8230;<\/p>\n","protected":false},"excerpt":{"rendered":"\u00ab\u00a0Je ne d\u00e9laisse pas ma ville. C\u2019est de l\u00e0 que tout est parti. J\u2019aime Saint-Chamond et je suis&hellip;\n","protected":false},"author":2,"featured_media":141640,"comment_status":"","ping_status":"","sticky":false,"template":"","format":"standard","meta":{"footnotes":""},"categories":[9653],"tags":[1111,11,2430,33,7539,1777,674,1011,27,12,25,9669,9670,4001,216],"class_list":{"0":"post-141639","1":"post","2":"type-post","3":"status-publish","4":"format-standard","5":"has-post-thumbnail","7":"category-saint-etienne","8":"tag-actu","9":"tag-actualites","10":"tag-auvergne-rhone-alpes","11":"tag-economie","12":"tag-edition-loire-sud","13":"tag-eu","14":"tag-europe","15":"tag-fr","16":"tag-france","17":"tag-news","18":"tag-republique-francaise","19":"tag-saint-chamond","20":"tag-saint-chamond-ville","21":"tag-saint-etienne","22":"tag-vie-des-entreprises"},"share_on_mastodon":{"url":"https:\/\/pubeurope.com\/@fr\/114602394541226526","error":""},"_links":{"self":[{"href":"https:\/\/www.europesays.com\/fr\/wp-json\/wp\/v2\/posts\/141639","targetHints":{"allow":["GET"]}}],"collection":[{"href":"https:\/\/www.europesays.com\/fr\/wp-json\/wp\/v2\/posts"}],"about":[{"href":"https:\/\/www.europesays.com\/fr\/wp-json\/wp\/v2\/types\/post"}],"author":[{"embeddable":true,"href":"https:\/\/www.europesays.com\/fr\/wp-json\/wp\/v2\/users\/2"}],"replies":[{"embeddable":true,"href":"https:\/\/www.europesays.com\/fr\/wp-json\/wp\/v2\/comments?post=141639"}],"version-history":[{"count":0,"href":"https:\/\/www.europesays.com\/fr\/wp-json\/wp\/v2\/posts\/141639\/revisions"}],"wp:featuredmedia":[{"embeddable":true,"href":"https:\/\/www.europesays.com\/fr\/wp-json\/wp\/v2\/media\/141640"}],"wp:attachment":[{"href":"https:\/\/www.europesays.com\/fr\/wp-json\/wp\/v2\/media?parent=141639"}],"wp:term":[{"taxonomy":"category","embeddable":true,"href":"https:\/\/www.europesays.com\/fr\/wp-json\/wp\/v2\/categories?post=141639"},{"taxonomy":"post_tag","embeddable":true,"href":"https:\/\/www.europesays.com\/fr\/wp-json\/wp\/v2\/tags?post=141639"}],"curies":[{"name":"wp","href":"https:\/\/api.w.org\/{rel}","templated":true}]}}