{"id":141643,"date":"2025-05-31T12:16:25","date_gmt":"2025-05-31T12:16:25","guid":{"rendered":"https:\/\/www.europesays.com\/fr\/141643\/"},"modified":"2025-05-31T12:16:25","modified_gmt":"2025-05-31T12:16:25","slug":"tomblaine-du-charbon-dans-les-veines-mais-dla-joie-quand-meme","status":"publish","type":"post","link":"https:\/\/www.europesays.com\/fr\/141643\/","title":{"rendered":"Tomblaine. Du charbon dans les veines\u2026 mais d\u2019la joie quand m\u00eame\u00a0!"},"content":{"rendered":"<p>En 1958, \u00e9tait cr\u00e9\u00e9e la Ve\u00a0R\u00e9publique. \u00ab\u00a0C\u2019est beau la Ve\u00a0r\u00e9publique\u00a0!\u00a0\u00bb M\u00eame s\u2019ils n\u2019avaient pas compris grand-chose \u00e0 la IVe et que \u00e7a ne changera rien pour eux de toute fa\u00e7on.<\/p>\n<p>Pour eux, l\u2019ann\u00e9e 1958, c\u2019est surtout celle de la coupe du monde de foot en Su\u00e8de. Avec Kopa\u00a0! L\u2019enfant de la cit\u00e9. L\u2019enfant des corons, \u00e0 N\u0153ux-les-Mines. Oh, bien s\u00fbr, on le connaissait plut\u00f4t sous le nom de Kopaszewski quand, \u00e0 16 ans, il descendait au fond. O\u00f9 il a d\u2019ailleurs laiss\u00e9 deux doigts, dans un \u00e9boulement. Mais de voir le p\u2019tit Raymond partir \u00ab\u00a0au p\u00f4le Nord\u00a0\u00bb, pour d\u00e9fendre les couleurs de la France, \u00e7a fait leur fiert\u00e9, \u00e7a, aux gens du coron. Et c\u2019est bien pour \u00e7a que Sosth\u00e8ne a d\u00e9cid\u00e9 de s\u2019acheter une t\u00e9l\u00e9vision.<\/p>\n<p>C\u2019est l\u2019\u00e9v\u00e9nement de l\u2019ann\u00e9e, cette histoire de poste de t\u00e9l\u00e9. On invite m\u00eame le toubib, pour l\u2019occasion. Parce que, oui, on comprend vite qu\u2019un personnage muet s\u2019est \u00e9galement invit\u00e9, avec lequel il va bien falloir composer\u00a0: la silicose. Une saloperie, qui a pris ses aises dans les poumons du p\u00e8re de famille. \u00c7a lui a m\u00eame valu une prime, vers\u00e9e par les patrons. C\u2019est comme \u00e7a qu\u2019il a pu payer la t\u00e9l\u00e9vision\u2026 Le prix du poison dans les poumons.<\/p>\n<p>  Du noir dans la peau<\/p>\n<p>Vendredi soir \u00e9tait sans doute la date la plus attendue du festival Aux Actes Citoyens cette semaine. Pour la nouvelle pi\u00e8ce de Jean-Philippe Daguerre, la pi\u00e8ce aux 5 Moli\u00e8re\u00a0: \u00ab\u00a0Du sang dans les veines.\u00a0\u00bb\ufeff<\/p>\n<p>Une histoire de gens simples, comme l\u2019auteur metteur en sc\u00e8ne les aime. Parce que c\u2019est avec eux qu\u2019il a le plus de chances de toucher \u00ab\u00a0\u00e0 l\u2019universel\u00a0\u00bb.<\/p>\n<p>De sorte que chacun s\u2019y entende en \u00e9cho, dans ses peurs, ses bonheurs, chagrins et aspirations, dans ses \u00e9lans amoureux aussi, parfois contrari\u00e9s.<\/p>\n<p>Quant \u00e0 la grande \u00ab\u00a0muette\u00a0\u00bb, elle ne se manifeste pas fort (Sosth\u00e8ne ne tousse pas, au grand \u00e9tonnement du m\u00e9decin), mais elle conquiert le corps insidieusement. \u00ab\u00a0Je crache du noir, je pisse du noir et parfois m\u00eame, je broie du noir.\u00a0\u00bb Pas bien longtemps, cependant. Pas bien souvent. Parce qu\u2019on n\u2019est pas l\u00e0 pour pleurer.<\/p>\n<p>\u00ab\u00a0En entendant le titre, on peut craindre de se faire plomber la t\u00eate avec une histoire qui nous raconte une vie de labeur\u00a0\u00bb, reconna\u00eet l\u2019auteur. \u00ab\u00a0Mais on a voulu aussi, et m\u00eame d\u2019abord jouer la joie. La joie, la vie, la loyaut\u00e9, l\u2019humanit\u00e9.\u00a0\u00bb<\/p>\n<p>Et cette joie, elle cavale sur les boutons de nacre, sous les doigts des mineurs (fille et gar\u00e7ons\u00a0!) lorsqu\u2019ils font corps avec leurs accord\u00e9ons. Dont, soit dit en passant, les com\u00e9diens assurent une ma\u00eetrise remarquable.<\/p>\n<p>  Plus que des gueules noires<\/p>\n<p>Au coup de grisou qui tonne, et s\u00e8me l\u2019effroi depuis le fond, ces mineurs-l\u00e0 r\u00e9pondent en effet par la m\u00e9lodie l\u00e9g\u00e8re, grisante comme un petit sirop acidul\u00e9 qui s\u00e8me la joie dans les \u00e2mes. Une des magnifiques trouvailles de ce spectacle, dont les dialogues, par ailleurs, sont aussi d\u00e9li\u00e9s que le jeu des accord\u00e9onistes.<\/p>\n<p>Et puisqu\u2019il est d\u2019abord question de valeurs humanistes dans le th\u00e9\u00e2tre de Daguerre, retenons surtout l\u2019adage repris en ch\u0153ur par les mineurs\u00a0: \u00ab\u00a0Au fond, y\u2019a plus de Bicots, plus de Ritals ou de Polacks. Y\u2019a plus que des gueules noires.\u00a0\u00bb Et \u00e7a remet du rose \u00e0 l\u2019\u00e2me, ce genre de credo.<\/p>\n","protected":false},"excerpt":{"rendered":"En 1958, \u00e9tait cr\u00e9\u00e9e la Ve\u00a0R\u00e9publique. \u00ab\u00a0C\u2019est beau la Ve\u00a0r\u00e9publique\u00a0!\u00a0\u00bb M\u00eame s\u2019ils n\u2019avaient pas compris grand-chose \u00e0 la&hellip;\n","protected":false},"author":2,"featured_media":141644,"comment_status":"","ping_status":"","sticky":false,"template":"","format":"standard","meta":{"footnotes":""},"categories":[9635],"tags":[1111,11,1687,1704,1777,674,1011,27,775,11260,1702,12,25,3140,11703],"class_list":{"0":"post-141643","1":"post","2":"type-post","3":"status-publish","4":"format-standard","5":"has-post-thumbnail","7":"category-nancy","8":"tag-actu","9":"tag-actualites","10":"tag-culture-loisirs","11":"tag-edition-nancy-et-agglomeration","12":"tag-eu","13":"tag-europe","14":"tag-fr","15":"tag-france","16":"tag-grand-est","17":"tag-metropole-du-grand-nancy-54b4","18":"tag-nancy","19":"tag-news","20":"tag-republique-francaise","21":"tag-spectacle","22":"tag-tomblaine"},"share_on_mastodon":{"url":"https:\/\/pubeurope.com\/@fr\/114602402870151187","error":""},"_links":{"self":[{"href":"https:\/\/www.europesays.com\/fr\/wp-json\/wp\/v2\/posts\/141643","targetHints":{"allow":["GET"]}}],"collection":[{"href":"https:\/\/www.europesays.com\/fr\/wp-json\/wp\/v2\/posts"}],"about":[{"href":"https:\/\/www.europesays.com\/fr\/wp-json\/wp\/v2\/types\/post"}],"author":[{"embeddable":true,"href":"https:\/\/www.europesays.com\/fr\/wp-json\/wp\/v2\/users\/2"}],"replies":[{"embeddable":true,"href":"https:\/\/www.europesays.com\/fr\/wp-json\/wp\/v2\/comments?post=141643"}],"version-history":[{"count":0,"href":"https:\/\/www.europesays.com\/fr\/wp-json\/wp\/v2\/posts\/141643\/revisions"}],"wp:featuredmedia":[{"embeddable":true,"href":"https:\/\/www.europesays.com\/fr\/wp-json\/wp\/v2\/media\/141644"}],"wp:attachment":[{"href":"https:\/\/www.europesays.com\/fr\/wp-json\/wp\/v2\/media?parent=141643"}],"wp:term":[{"taxonomy":"category","embeddable":true,"href":"https:\/\/www.europesays.com\/fr\/wp-json\/wp\/v2\/categories?post=141643"},{"taxonomy":"post_tag","embeddable":true,"href":"https:\/\/www.europesays.com\/fr\/wp-json\/wp\/v2\/tags?post=141643"}],"curies":[{"name":"wp","href":"https:\/\/api.w.org\/{rel}","templated":true}]}}