{"id":141655,"date":"2025-05-31T12:26:14","date_gmt":"2025-05-31T12:26:14","guid":{"rendered":"https:\/\/www.europesays.com\/fr\/141655\/"},"modified":"2025-05-31T12:26:14","modified_gmt":"2025-05-31T12:26:14","slug":"montauban-renverse-brive-chez-lui-et-file-en-finale-face-a-grenoble","status":"publish","type":"post","link":"https:\/\/www.europesays.com\/fr\/141655\/","title":{"rendered":"Montauban renverse Brive chez lui et file en finale face \u00e0 Grenoble"},"content":{"rendered":"<p><strong>\u00c0 <a data-ilj-link-preview=\"true\" data-excerpt=\"Le club de rugby de Brive, \u00e9galement connu sous le nom de CAB (Club Athl\u00e9tique Brive), est bas\u00e9 \u00e0 Brive-la-Gaillarde, dans le d\u00e9partement de la Corr\u00e8ze en France. Fond\u00e9 en 1910, le club est reconnu pour son histoire et sa tradition, avec notamment une victoire en 1997 en Coupe d&#039;Europe des clubs champions.&#013;&#010;&#013;&#010;Le club a \u00e9galement remport\u00e9 le championnat de France de rugby \u00e0 XV \u00e0 deux reprises, en 1949 et en 1998.\" href=\"https:\/\/www.xvovalie.com\/brive\/\" rel=\"nofollow noopener\" target=\"_blank\">Brive<\/a>, <a href=\"https:\/\/www.xvovalie.com\/tag\/montauban\/\" rel=\"nofollow noopener\" target=\"_blank\">Montauban<\/a> a sign\u00e9 un exploit retentissant ce vendredi soir (13-29) et s\u2019invite en finale de <a href=\"https:\/\/www.xvovalie.com\/pro-d2\/\" rel=\"nofollow noopener\" target=\"_blank\">Pro D2<\/a>. Rendez-vous samedi prochain contre <a href=\"https:\/\/www.xvovalie.com\/tag\/fcg\/\" rel=\"nofollow noopener\" target=\"_blank\">Grenoble<\/a> pour une place en Top 14.<\/strong><\/p>\n<p>Brive d\u00e9boussol\u00e9, Montauban s\u00fbr de son rugby<\/p>\n<p>On les attendait sans doute ailleurs, mais les Montalbanais continuent de bousculer tous les pronostics. Apr\u00e8s avoir fait tomber <a href=\"https:\/\/www.xvovalie.com\/tag\/colomiers-rugby\/\" rel=\"nofollow noopener\" target=\"_blank\">Colomiers<\/a> en barrage, les voil\u00e0 qui s\u2019offrent <strong>Brive<\/strong>, \u00e0 domicile, en demi-finale. Un Brive pourtant consid\u00e9r\u00e9 comme l\u2019un des gros bras de cette saison. <strong>Score final : 29 \u00e0 13<\/strong> pour des visiteurs \u00e0 la fois opportunistes, rigoureux et terriblement lucides.<\/p>\n<p>Tout a d\u00e9marr\u00e9 tambour battant pour l\u2019USM, qui a rapidement profit\u00e9 des approximations brivistes. D\u00e8s la 13e minute, <strong>Reilhac<\/strong> ouvre le score en allant au bout d\u2019un ballon pouss\u00e9 au pied \u00e0 deux reprises. Derri\u00e8re, Montauban ne l\u00e2che rien : propre en d\u00e9fense, agressif dans les rucks, solide sur les fondamentaux. Et surtout, tr\u00e8s calme dans ses temps faibles. Brive, de son c\u00f4t\u00e9, encha\u00eene les maladresses et bute sur un rideau vert et noir sans fissure.<\/p>\n<p>Bosviel, l\u2019horloger de Sapiac<\/p>\n<p>Au milieu de cette performance collective, un nom revient encore et toujours : <strong>J\u00e9r\u00f4me Bosviel<\/strong>. Le patron. Le m\u00e9tronome. L\u2019ouvreur montalbanais a une nouvelle fois sorti une copie de haut vol. Jeu au pied chirurgical, gestion du tempo, s\u00e9r\u00e9nit\u00e9\u2026 et surtout ce <strong>drop de 45 m\u00e8tres<\/strong> claqu\u00e9 juste apr\u00e8s un essai briviste, alors que l\u2019\u00e9lan semblait changer de camp. Un geste de patron qui a litt\u00e9ralement fait basculer le match.<\/p>\n<blockquote class=\"twitter-tweet\" data-width=\"550\" data-dnt=\"true\">\n<p lang=\"fr\" dir=\"ltr\">VRAIE QUESTION : Est-ce qu\u2019il y a plus iconique que J\u00e9r\u00f4me Bosviel en Pro D2 dans tout l\u2019histoire de <a href=\"https:\/\/twitter.com\/rugbyprod2?ref_src=twsrc%5Etfw\" rel=\"nofollow noopener\" target=\"_blank\">@rugbyprod2<\/a> ? <a href=\"https:\/\/twitter.com\/hashtag\/CABUSM?src=hash&amp;ref_src=twsrc%5Etfw\" rel=\"nofollow noopener\" target=\"_blank\">#CABUSM<\/a><\/p>\n<p>\u2014 Tanguy (@tanguyscigala) <a href=\"https:\/\/twitter.com\/tanguyscigala\/status\/1928552489730601170?ref_src=twsrc%5Etfw\" rel=\"nofollow noopener\" target=\"_blank\">May 30, 2025<\/a><\/p><\/blockquote>\n<p>Bosviel, c\u2019est l\u2019homme des grands rendez-vous. Il avait d\u00e9j\u00e0 brill\u00e9 contre Colomiers, il a r\u00e9cidiv\u00e9 au Stadium. Ce soir encore, il a tenu la baraque, g\u00e9r\u00e9 les moments chauds, et montr\u00e9 la voie \u00e0 ses co\u00e9quipiers.<\/p>\n<p>Le coup de gr\u00e2ce sign\u00e9 Jackson, la p\u00e9nalit\u00e9 de la d\u00e9livrance pour Fortunel<\/p>\n<p>Brive pousse, mais Brive s\u2019\u00e9puise. Et Montauban, fid\u00e8le \u00e0 son sc\u00e9nario, en profite. \u00c0 dix minutes du terme, sur une action cafouill\u00e9e par les locaux, <strong>JT Jackson<\/strong> surgit, capte le ballon, et file \u00e0 l\u2019essai. L\u2019\u00e9cart devient irrattrapable. Quelques instants plus tard, <strong>Fortunel<\/strong> claque une p\u00e9nalit\u00e9. Rideau.<\/p>\n<p>Les Corr\u00e9ziens ne reviendront pas. Montauban, lui, savoure. Une d\u00e9fense h\u00e9ro\u00efque, deux essais pleins de malice, et un sang-froid impressionnant. Le cocktail parfait pour d\u00e9jouer tous les plans du CAB.<\/p>\n<p>Une finale Grenoble-Montauban pas vraiment pr\u00e9vue au programme<\/p>\n<p>La finale du 7 juin \u00e0 <strong>Ernest-Wallon<\/strong> opposera donc deux outsiders\u2026 ou presque. Grenoble, battu lors des deux derni\u00e8res finales, sera en qu\u00eate de rachat. Montauban, lui, d\u00e9barque avec l\u2019insouciance de celui qui n\u2019avait rien \u00e0 perdre \u2014 et qui peut tout rafler.<\/p>\n<p>Et dire qu\u2019il y a un an, l\u2019USM jouait un <strong>access match pour ne pas descendre en Nationale<\/strong>\u2026 Aujourd\u2019hui, les Sapiacains r\u00eavent d\u2019\u00e9lite. Ils joueront ce match sans pression, port\u00e9s par une dynamique exceptionnelle et une \u00e9quipe qui a trouv\u00e9 son \u00e9quilibre au bon moment.<\/p>\n<p>L\u2019histoire est belle. Reste \u00e0 savoir si elle ira jusqu\u2019au bout.<\/p>\n<p><img loading=\"lazy\" src=\"data:image\/svg+xml,%3Csvg%20xmlns=\" http:=\"\" height=\"100\" width=\"100\" class=\" sp-no-webp\" alt=\"whatsapp image 2024 07 31 at 09.08.32\" decoding=\"async\" data-lazy-src=\"https:\/\/www.europesays.com\/fr\/wp-content\/uploads\/2025\/04\/whatsapp-image-2024-07-31-at-09.08.32-e1727245864215.jpeg\"\/> <\/p>\n<p>J\u2019ai grandi dans une famille o\u00f9 le rugby \u00e9tait de tous les moments. J\u2019\u00e9tais au bord du terrain quand Castres a battu Pau et a rejoint l\u2019\u00e9lite, j\u2019\u00e9tais dans le Stade Pierre Antoine face \u00e0 Gary Whetton quand il a fait son Haka pour c\u00e9l\u00e9brer le Brennus de 1993 et j\u2019ai toujours \u00e9t\u00e9 berc\u00e9 des l\u00e9gendes de ce sport. Maintenant, c\u2019est avec XV Ovalie que j\u2019entends prolonger l\u2019aventure. #TeamCO<\/p>\n<p>\t\t<script async src=\"https:\/\/platform.twitter.com\/widgets.js\" charset=\"utf-8\"><\/script><\/p>\n","protected":false},"excerpt":{"rendered":"\u00c0 Brive, Montauban a sign\u00e9 un exploit retentissant ce vendredi soir (13-29) et s\u2019invite en finale de Pro&hellip;\n","protected":false},"author":2,"featured_media":141656,"comment_status":"","ping_status":"","sticky":false,"template":"","format":"standard","meta":{"footnotes":""},"categories":[9566],"tags":[1111,11,2430,10420,1777,674,1011,27,2731,26951,19054,12,2308,25],"class_list":{"0":"post-141655","1":"post","2":"type-post","3":"status-publish","4":"format-standard","5":"has-post-thumbnail","7":"category-grenoble","8":"tag-actu","9":"tag-actualites","10":"tag-auvergne-rhone-alpes","11":"tag-ca-brive","12":"tag-eu","13":"tag-europe","14":"tag-fr","15":"tag-france","16":"tag-grenoble","17":"tag-ju00e9ru00f4me-bosviel","18":"tag-montauban","19":"tag-news","20":"tag-pro-d2","21":"tag-republique-francaise"},"share_on_mastodon":{"url":"https:\/\/pubeurope.com\/@fr\/114602441643862819","error":""},"_links":{"self":[{"href":"https:\/\/www.europesays.com\/fr\/wp-json\/wp\/v2\/posts\/141655","targetHints":{"allow":["GET"]}}],"collection":[{"href":"https:\/\/www.europesays.com\/fr\/wp-json\/wp\/v2\/posts"}],"about":[{"href":"https:\/\/www.europesays.com\/fr\/wp-json\/wp\/v2\/types\/post"}],"author":[{"embeddable":true,"href":"https:\/\/www.europesays.com\/fr\/wp-json\/wp\/v2\/users\/2"}],"replies":[{"embeddable":true,"href":"https:\/\/www.europesays.com\/fr\/wp-json\/wp\/v2\/comments?post=141655"}],"version-history":[{"count":0,"href":"https:\/\/www.europesays.com\/fr\/wp-json\/wp\/v2\/posts\/141655\/revisions"}],"wp:featuredmedia":[{"embeddable":true,"href":"https:\/\/www.europesays.com\/fr\/wp-json\/wp\/v2\/media\/141656"}],"wp:attachment":[{"href":"https:\/\/www.europesays.com\/fr\/wp-json\/wp\/v2\/media?parent=141655"}],"wp:term":[{"taxonomy":"category","embeddable":true,"href":"https:\/\/www.europesays.com\/fr\/wp-json\/wp\/v2\/categories?post=141655"},{"taxonomy":"post_tag","embeddable":true,"href":"https:\/\/www.europesays.com\/fr\/wp-json\/wp\/v2\/tags?post=141655"}],"curies":[{"name":"wp","href":"https:\/\/api.w.org\/{rel}","templated":true}]}}