{"id":141657,"date":"2025-05-31T12:28:18","date_gmt":"2025-05-31T12:28:18","guid":{"rendered":"https:\/\/www.europesays.com\/fr\/141657\/"},"modified":"2025-05-31T12:28:18","modified_gmt":"2025-05-31T12:28:18","slug":"un-homme-de-65-ans-meurt-lors-dun-accident-de-chasse-pres-de-rennes","status":"publish","type":"post","link":"https:\/\/www.europesays.com\/fr\/141657\/","title":{"rendered":"Un homme de 65 ans meurt lors d&rsquo;un accident de chasse pr\u00e8s de Rennes"},"content":{"rendered":"<p>Un sexag\u00e9naire est d\u00e9c\u00e9d\u00e9 en Ille-et-Vilaine, lors d&rsquo;une partie de chasse ce vendredi 30 mai.Le coup mortel aurait \u00e9t\u00e9 tir\u00e9 par un autre chasseur \u00e2g\u00e9 de 76 ans.Une enqu\u00eate a \u00e9t\u00e9 ouverte.<\/p>\n<p data-module=\"article-paragraph\" class=\"jsx-362436225 Paragraph Paragraph__End\">La partie de chasse s&rsquo;est sold\u00e9e par un drame \u00e0 Langou\u00ebt (Ille-et-Vilaine). Un homme de 65 ans est d\u00e9c\u00e9d\u00e9 dans la soir\u00e9e vendredi 30 mai, tu\u00e9 par un tir alors qu&rsquo;il chassait du gibier, ont indiqu\u00e9 ce samedi les pompiers, confirmant une information d&rsquo;Ici Armorique (ex-France Bleu).<\/p>\n<p>Le suspect n&rsquo;\u00e9tait pas alcoolis\u00e9<\/p>\n<p data-module=\"article-paragraph\" class=\"jsx-362436225 Paragraph\">La victime \u00e9tait partie \u00e0 la chasse vendredi soir avec un autre homme, \u00e2g\u00e9 de 76 ans. Ce dernier a tir\u00e9 sur son compagnon vers 23h30, selon les pompiers qui sont intervenus. Une enqu\u00eate de gendarmerie a \u00e9t\u00e9 ouverte pour d\u00e9terminer les circonstances pr\u00e9cises de l&rsquo;accident. Selon les informations de TF1-LCI, le test d&rsquo;alcool\u00e9mie du tireur s&rsquo;est r\u00e9v\u00e9l\u00e9 n\u00e9gatif.<\/p>\n<p data-module=\"article-paragraph\" class=\"jsx-362436225 Paragraph Paragraph__End\">Lors de la saison cyn\u00e9g\u00e9tique 2023-2024, six chasseurs sont morts, selon les chiffres de l&rsquo;Office fran\u00e7ais de la biodiversit\u00e9 (OFB), la police de la chasse. \u00ab\u00a0Ce chiffre confirme la tendance \u00e0 la baisse des accidents mortels, qui diminue de 77% sur vingt ans\u00a0\u00bb, assure l&rsquo;OFB. Il y a eu en revanche \u00ab\u00a0une augmentation des accidents, au nombre de 97, dont 58 graves, par rapport aux trois saisons pr\u00e9c\u00e9dentes\u00a0\u00bb.<\/p>\n<p>Zo\u00e9 SAMIN avec AFP<\/p>\n","protected":false},"excerpt":{"rendered":"Un sexag\u00e9naire est d\u00e9c\u00e9d\u00e9 en Ille-et-Vilaine, lors d&rsquo;une partie de chasse ce vendredi 30 mai.Le coup mortel aurait&hellip;\n","protected":false},"author":2,"featured_media":141658,"comment_status":"","ping_status":"","sticky":false,"template":"","format":"standard","meta":{"footnotes":""},"categories":[2821],"tags":[3085,1111,11,1921,829,1777,674,6017,1011,27,1922,2954,12,4775,584,25,133,2953],"class_list":{"0":"post-141657","1":"post","2":"type-post","3":"status-publish","4":"format-standard","5":"has-post-thumbnail","7":"category-rennes","8":"tag-accidents","9":"tag-actu","10":"tag-actualites","11":"tag-article-video","12":"tag-bretagne","13":"tag-eu","14":"tag-europe","15":"tag-fait-divers","16":"tag-fr","17":"tag-france","18":"tag-info","19":"tag-justice-et-faits-divers","20":"tag-news","21":"tag-pompier","22":"tag-rennes","23":"tag-republique-francaise","24":"tag-video","25":"tag-video-police"},"share_on_mastodon":{"url":"https:\/\/pubeurope.com\/@fr\/114602449591381692","error":""},"_links":{"self":[{"href":"https:\/\/www.europesays.com\/fr\/wp-json\/wp\/v2\/posts\/141657","targetHints":{"allow":["GET"]}}],"collection":[{"href":"https:\/\/www.europesays.com\/fr\/wp-json\/wp\/v2\/posts"}],"about":[{"href":"https:\/\/www.europesays.com\/fr\/wp-json\/wp\/v2\/types\/post"}],"author":[{"embeddable":true,"href":"https:\/\/www.europesays.com\/fr\/wp-json\/wp\/v2\/users\/2"}],"replies":[{"embeddable":true,"href":"https:\/\/www.europesays.com\/fr\/wp-json\/wp\/v2\/comments?post=141657"}],"version-history":[{"count":0,"href":"https:\/\/www.europesays.com\/fr\/wp-json\/wp\/v2\/posts\/141657\/revisions"}],"wp:featuredmedia":[{"embeddable":true,"href":"https:\/\/www.europesays.com\/fr\/wp-json\/wp\/v2\/media\/141658"}],"wp:attachment":[{"href":"https:\/\/www.europesays.com\/fr\/wp-json\/wp\/v2\/media?parent=141657"}],"wp:term":[{"taxonomy":"category","embeddable":true,"href":"https:\/\/www.europesays.com\/fr\/wp-json\/wp\/v2\/categories?post=141657"},{"taxonomy":"post_tag","embeddable":true,"href":"https:\/\/www.europesays.com\/fr\/wp-json\/wp\/v2\/tags?post=141657"}],"curies":[{"name":"wp","href":"https:\/\/api.w.org\/{rel}","templated":true}]}}