{"id":141659,"date":"2025-05-31T12:29:11","date_gmt":"2025-05-31T12:29:11","guid":{"rendered":"https:\/\/www.europesays.com\/fr\/141659\/"},"modified":"2025-05-31T12:29:11","modified_gmt":"2025-05-31T12:29:11","slug":"strasbourg-au-munsterhof-christophe-feltz-propose-un-spectacle-poetico-musical-dedie-aux-fleurs-du-mal","status":"publish","type":"post","link":"https:\/\/www.europesays.com\/fr\/141659\/","title":{"rendered":"Strasbourg. Au M\u00fcnsterhof, Christophe Feltz propose un spectacle po\u00e9tico-musical d\u00e9di\u00e9 aux \u00ab\u00a0Fleurs du mal\u00a0\u00bb"},"content":{"rendered":"<p>\u00ab\u00a0Souvent, pour s\u2019amuser, les hommes d\u2019\u00e9quipage, prennent des albatros, vastes oiseaux des mers\u2026\u00a0\u00bb <a href=\"https:\/\/www.dna.fr\/culture-loisirs\/2022\/02\/03\/christophe-feltz-30-ans-sur-scene-avec-sa-compagnie-du-theatre-lumiere\" target=\"_blank\" rel=\"nofollow noopener\">L\u2019artiste Christophe Feltz<\/a> sera au M\u00fcnsterhof, le vendredi 20\u00a0juin, dans un spectacle o\u00f9 la po\u00e9sie sera tout en haut de l\u2019affiche. Un rendez-vous inscrit au calendrier <a href=\"https:\/\/www.dna.fr\/culture-loisirs\/2024\/05\/17\/au-munsterhof-une-page-d-amour-avec-apollinaire\" target=\"_blank\" rel=\"nofollow noopener\">des \u00ab\u00a0po\u00e9tiques du M\u00fcnsterhof\u00a0\u00bb que l\u2019artiste affectionne particuli\u00e8rement<\/a> , tant cette salle Amadeus charg\u00e9e d\u2019histoire, est inspirante. Et pour cette occasion, le com\u00e9dien va s\u2019emparer des illustres Fleurs du mal , que Charles Baudelaire (1821-1867), \u00ab\u00a0l\u2019enfant terrible\u00a0\u00bb de la po\u00e9sie fran\u00e7aise a d\u00e9di\u00e9 \u00e0 son ami Th\u00e9ophile Gautier en 1857. Un monument de la litt\u00e9rature qui fut pourtant censur\u00e9 \u00e0 sa parution.<\/p>\n<p>  \u00ab\u00a0La po\u00e9sie, c\u2019est de l\u2019incarnation\u00a0\u00bb<\/p>\n<p>C\u2019est en puisant dans ce recueil de po\u00e8mes \u00ab\u00a0cultes\u00a0\u00bb que le com\u00e9dien d\u00e9roulera ce r\u00e9pertoire, qui associe spleen, envie d\u2019ailleurs et souffrances du po\u00e8te, en d\u00e9clamant un floril\u00e8ge de po\u00e8mes tel L\u2019Invitation au voyage. Une \u00ab\u00a0invitation\u00a0\u00bb qui s\u2019apparente aussi \u00e0 un \u00ab\u00a0voyage de l\u2019\u00e2me\u00a0\u00bb pr\u00e9cise Christophe Feltz, qui \u00ab\u00a0est venu au th\u00e9\u00e2tre par la po\u00e9sie\u00a0\u00bb. \u00ab\u00a0La po\u00e9sie, c\u2019est de l\u2019incarnation. Elle parle de nos vies, de nos amours, de nos angoisses et dans l\u2019\u00e9criture de Baudelaire, il n\u2019y a pas d\u2019effets, pas de mots compliqu\u00e9s\u00a0\u00bb, estime le com\u00e9dien. Pour ce spectacle, l\u2019artiste ravivera nos souvenirs, avec des po\u00e8mes connus de tous, mais pas que, ce qui fait la part belle \u00e0 la d\u00e9couverte.<\/p>\n<p>  Accompagn\u00e9 d\u2019un violoncelliste et d\u2019une pianiste<\/p>\n<p>Cette d\u00e9couverte est d\u2019ailleurs le leitmotiv de la soir\u00e9e, car le com\u00e9dien sera accompagn\u00e9 \u2013 et c\u2019est une premi\u00e8re \u2013 par Jean-Fran\u00e7ois Guyot, violoncelliste strasbourgeois, qui a jou\u00e9 au sein de l\u2019Orchestre philharmonique de Strasbourg. Spectateur assidu des mercredis du Brant, anim\u00e9s par Christophe Feltz, le musicien a propos\u00e9 sa contribution, en y associant Nalini Anantharaman, pianiste et professeure de math\u00e9matiques au Coll\u00e8ge de France.<\/p>\n<p>Les deux musiciens joueront de concert avec le com\u00e9dien, formant ainsi un trio en parfaite symbiose. \u00ab\u00a0Les premi\u00e8res r\u00e9p\u00e9titions sont prometteuses \u00a0\u00bb, confie l\u2019artiste, qui pr\u00e9cise que les musiciens ont pr\u00e9vu des \u0153uvres de Beethoven, Schumann, Satie, ou encore Glass. Un r\u00e9pertoire pr\u00e9cis et \u00e9clectique, pour faire r\u00e9sonner toute la musicalit\u00e9 des po\u00e8mes de Baudelaire, et entendre le \u00ab\u00a0langage des fleurs et des choses muettes\u00a0\u00bb.<\/p>\n<p class=\"note\">\u00ab\u00a0Les Fleurs du mal\u00a0\u00bb, le 20\u00a0juin, au M\u00fcnsterhof, 9, rue des Juifs \u00e0 Strasbourg. R\u00e9servation\u00a0: billetweb.fr\/les-fleurs-du-mal4. Caisse du soir \u00e0 partir de 19\u00a0h\u00a020 (CB possible). Tarif plein\u00a0: 24\u00a0\u20ac. Tarif r\u00e9duit\u00a0: 18\u00a0\u20ac (\u00e9tudiants, demandeurs d\u2019emploi, &#8211; de 18 ans, cartes Cezam &amp; \u00c9vasion, cartes Culture et Atout voir).<\/p>\n","protected":false},"excerpt":{"rendered":"\u00ab\u00a0Souvent, pour s\u2019amuser, les hommes d\u2019\u00e9quipage, prennent des albatros, vastes oiseaux des mers\u2026\u00a0\u00bb L\u2019artiste Christophe Feltz sera au&hellip;\n","protected":false},"author":2,"featured_media":141660,"comment_status":"","ping_status":"","sticky":false,"template":"","format":"standard","meta":{"footnotes":""},"categories":[2820],"tags":[1111,11,1687,2880,1777,674,107,1011,27,775,12,25,3140,640,2879],"class_list":{"0":"post-141659","1":"post","2":"type-post","3":"status-publish","4":"format-standard","5":"has-post-thumbnail","7":"category-strasbourg","8":"tag-actu","9":"tag-actualites","10":"tag-culture-loisirs","11":"tag-edition-strasbourg","12":"tag-eu","13":"tag-europe","14":"tag-fil-info","15":"tag-fr","16":"tag-france","17":"tag-grand-est","18":"tag-news","19":"tag-republique-francaise","20":"tag-spectacle","21":"tag-strasbourg","22":"tag-strasbourg-ville"},"share_on_mastodon":{"url":"https:\/\/pubeurope.com\/@fr\/114602453517726999","error":""},"_links":{"self":[{"href":"https:\/\/www.europesays.com\/fr\/wp-json\/wp\/v2\/posts\/141659","targetHints":{"allow":["GET"]}}],"collection":[{"href":"https:\/\/www.europesays.com\/fr\/wp-json\/wp\/v2\/posts"}],"about":[{"href":"https:\/\/www.europesays.com\/fr\/wp-json\/wp\/v2\/types\/post"}],"author":[{"embeddable":true,"href":"https:\/\/www.europesays.com\/fr\/wp-json\/wp\/v2\/users\/2"}],"replies":[{"embeddable":true,"href":"https:\/\/www.europesays.com\/fr\/wp-json\/wp\/v2\/comments?post=141659"}],"version-history":[{"count":0,"href":"https:\/\/www.europesays.com\/fr\/wp-json\/wp\/v2\/posts\/141659\/revisions"}],"wp:featuredmedia":[{"embeddable":true,"href":"https:\/\/www.europesays.com\/fr\/wp-json\/wp\/v2\/media\/141660"}],"wp:attachment":[{"href":"https:\/\/www.europesays.com\/fr\/wp-json\/wp\/v2\/media?parent=141659"}],"wp:term":[{"taxonomy":"category","embeddable":true,"href":"https:\/\/www.europesays.com\/fr\/wp-json\/wp\/v2\/categories?post=141659"},{"taxonomy":"post_tag","embeddable":true,"href":"https:\/\/www.europesays.com\/fr\/wp-json\/wp\/v2\/tags?post=141659"}],"curies":[{"name":"wp","href":"https:\/\/api.w.org\/{rel}","templated":true}]}}