{"id":141662,"date":"2025-05-31T12:31:09","date_gmt":"2025-05-31T12:31:09","guid":{"rendered":"https:\/\/www.europesays.com\/fr\/141662\/"},"modified":"2025-05-31T12:31:09","modified_gmt":"2025-05-31T12:31:09","slug":"affaire-des-eaux-usees-de-la-vallee-du-pays-le-maire-de-drap-attaque-un-adjoint-au-maire-de-contes","status":"publish","type":"post","link":"https:\/\/www.europesays.com\/fr\/141662\/","title":{"rendered":"Affaire des eaux us\u00e9es de la vall\u00e9e du pays: le maire de Drap attaque un adjoint au maire de Contes"},"content":{"rendered":"<p>Entre les rumeurs et les informations tronqu\u00e9es, <strong>la vie n\u2019est pas un long Paillon tranquille \u00e0 Drap<\/strong>. Et plus on approche des \u00e9lections municipales, plus \u00e7a part dans tous les sens. Dernier sujet de causerie dans les rues de Drap: <a href=\"https:\/\/www.nicematin.com\/justice\/180-000-euros-pourquoi-la-justice-vient-de-condamner-la-ville-de-drap-a-rembourser-la-communaute-de-communes-du-pays-des-paillons-987700\" rel=\"nofollow noopener\" target=\"_blank\"><strong>l\u2019affaire des 180.000 euros \u00ab\u00a0dus\u00a0\u00bb par la commune au Sicteu<\/strong><\/a>, le Syndicat intercommunal de collecte et de traitement des eaux us\u00e9es de la vall\u00e9e des Paillons (Sicteu). Elle affole les Drapois et enfi\u00e8vre les r\u00e9seaux sociaux. Pourtant, le dossier n\u2019est pas si simple.<\/p>\n<p><strong>L\u2019affaire des 180.000 euros<\/strong><\/p>\n<p>La justice administrative a bien jug\u00e9 que les paiements de deux factures \u00e9taient entach\u00e9s d\u2019irr\u00e9gularit\u00e9s et a bien enjoint Drap de rembourser sans d\u00e9lai le Sicteu. Mais il ne s\u2019agit pas d\u2019un d\u00e9tournement de fonds afin d\u2019enrichir la commune. Le tribunal administratif a, en fait, relev\u00e9 et jug\u00e9 une erreur de forme. Une erreur purement administrative.<\/p>\n<p>\u00ab\u00a0Le juge a dit que les titres \u00e9taient irr\u00e9guliers non pas parce que le Sicteu ne les doit pas \u00e0 Drap, il lui doit, mais parce que la convention de mise \u00e0 disposition des agents [1] pour 180.000 euros n\u2019avait pas \u00e9t\u00e9 sign\u00e9e sur le fondement du bon article du code. <strong>Drap n\u2019a pas d\u00e9tourn\u00e9 180.000 euros<\/strong>\u00ab\u00a0, avance ma\u00eetre Pierre Karboviak, l\u2019avocat de la commune. Qui annonce: \u00ab\u00a0Nous allons faire appel. En attendant, nous allons payer puisque l\u2019appel n\u2019est pas suspensif; mais ensuite on r\u00e9cup\u00e9rera la somme, au risque et p\u00e9ril du Sicteu puisqu\u2019on va demander des int\u00e9r\u00eats\u00a0\u00bb. Et ce n\u2019est pas fini\u2026<\/p>\n<p><strong>Relax\u00e9 en correctionnelle<\/strong><\/p>\n<p>En parall\u00e8le de cette action au tribunal administratif, G\u00e9rard De Zordo, l\u2019adjoint au maire de Contes devenu pr\u00e9sident du Sicteu \u00e0 la place de Robert Nardelli, apr\u00e8s <strong>le d\u00e9part de Drap de la communaut\u00e9 de communes des Pays du Paillon vers la M\u00e9tropole Nice C\u00f4te d\u2019Azur &#8211; divorce houleux -,<\/strong> avait effectu\u00e9 un signalement aupr\u00e8s du procureur de la R\u00e9publique pour\u2026 <a href=\"https:\/\/www.nicematin.com\/justice\/180-000-euros-pourquoi-la-justice-vient-de-condamner-la-ville-de-drap-a-rembourser-la-communaute-de-communes-du-pays-des-paillons-987700\" rel=\"nofollow noopener\" target=\"_blank\">d\u00e9tournement de fonds publics.<\/a> \u00ab\u00a0Ces accusations mensong\u00e8res ont conduit Robert Nardelli devant le tribunal correctionnel. Et il a \u00e9t\u00e9 relax\u00e9\u00a0\u00bb, r\u00e9v\u00e8le ma\u00eetre Pierre Karboviak. \u00ab\u00a0M. De Zordo n\u2019a pas cess\u00e9 de crier partout que j\u2019avais d\u00e9tourn\u00e9 des fonds publics. Tout \u00e7a, c\u2019est politique. Bizarrement, apr\u00e8s ma relaxe, on l\u2019a moins entendu\u00a0\u00bb, souffle Robert Nardelli. Pour autant, gal\u00e8je le maire, \u00ab\u00a0il s\u2019est bien gard\u00e9 d\u2019annoncer ensuite qu\u2019il avait eu tort. L\u00e0, il a \u00e9t\u00e9 moins bavard\u00a0\u00bb.<\/p>\n<p>Dossier clos? Eh bien non, ce n\u2019est pas encore fini! \u00ab\u00a0Je vais contester le refus du Sicteu de m\u2019octroyer la protection fonctionnelle, c\u2019est-\u00e0-dire les frais de proc\u00e9dure que j\u2019ai pay\u00e9s, dans ce dossier alors que j\u2019ai \u00e9t\u00e9 relax\u00e9\u00a0\u00bb, encha\u00eene Nardelli. Qui va aussi poursuivre \u00ab\u00a0G\u00e9rard De Zordo en d\u00e9nonciation calomnieuse\u00a0\u00bb.<\/p>\n<p><strong>Les explications de G\u00e9rard de Zordo<\/strong><\/p>\n<p>De son c\u00f4t\u00e9, G\u00e9rard De Zordo nuance et pr\u00e9cise le dossier du Sicteu. Selon lui &#8211; et en sch\u00e9matisant une affaire complexe \u2013 outre le fait qu\u2019il n\u2019y avait pas de base l\u00e9gale au \u00ab\u00a0transfert\u00a0\u00bb de la somme, les 180.000 euros ont \u00e9t\u00e9 \u00ab\u00a0vir\u00e9s\u00a0\u00bb du Sicteu vers la commune de Drap le 15 d\u00e9cembre 2021, alors \u00ab\u00a0que Robert Nardelli n\u2019\u00e9tait plus pr\u00e9sident du syndicat depuis le 8 d\u00e9cembre\u00a0\u00bb. Ensuite, poursuit l\u2019adjoint de Contes, \u00ab\u00a0cela aurait d\u00fb se faire apr\u00e8s le 31 d\u00e9cembre et non avant\u00a0\u00bb.<\/p>\n<p>Et puis, poursuit-il, \u00ab\u00a0le Sicteu conteste la somme\u00a0\u00bb. Une partie, selon G\u00e9rard de Zordo, doit bien revenir \u00e0 Drap pour la mise \u00e0 disposition d\u2019agents, \u00ab\u00a0mais combien, je ne sais pas\u00a0\u00bb. En tout cas, jure-t-il, \u00ab\u00a0cette somme a \u00e9t\u00e9 bien surestim\u00e9e\u00a0\u00bb. \u00ab\u00a0Drap fait appel et on verra bien ce que va dire le tribunal. Il dira encore qu\u2019il n\u2019y a pas de base l\u00e9gale, mais est-ce qu\u2019il va se pencher sur la r\u00e9alit\u00e9 de la somme, je ne sais pas.\u00a0\u00bb Au sujet de la plainte pour d\u00e9nonciation calomnieuse, G\u00e9rard De zordo dodeline: \u00ab\u00a0On verra bien! On voit ce que \u00e7a donne les plaintes, souvent\u2026\u00a0\u00bb<\/p>\n<p>1. En 2021, Drap a mis \u00e0 disposition des agents communaux en contrepartie de quoi la commune avait \u00e9mis des titres correspondants au co\u00fbt des agents en mission.<\/p>\n","protected":false},"excerpt":{"rendered":"Entre les rumeurs et les informations tronqu\u00e9es, la vie n\u2019est pas un long Paillon tranquille \u00e0 Drap. Et&hellip;\n","protected":false},"author":2,"featured_media":141663,"comment_status":"","ping_status":"","sticky":false,"template":"","format":"standard","meta":{"footnotes":""},"categories":[2819],"tags":[1111,11,1777,674,1011,27,12,2401,882,25,3366],"class_list":{"0":"post-141662","1":"post","2":"type-post","3":"status-publish","4":"format-standard","5":"has-post-thumbnail","7":"category-nice","8":"tag-actu","9":"tag-actualites","10":"tag-eu","11":"tag-europe","12":"tag-fr","13":"tag-france","14":"tag-news","15":"tag-nice","16":"tag-provence-alpes-cote-dazur","17":"tag-republique-francaise","18":"tag-vie-locale"},"share_on_mastodon":{"url":"https:\/\/pubeurope.com\/@fr\/114602461346405476","error":""},"_links":{"self":[{"href":"https:\/\/www.europesays.com\/fr\/wp-json\/wp\/v2\/posts\/141662","targetHints":{"allow":["GET"]}}],"collection":[{"href":"https:\/\/www.europesays.com\/fr\/wp-json\/wp\/v2\/posts"}],"about":[{"href":"https:\/\/www.europesays.com\/fr\/wp-json\/wp\/v2\/types\/post"}],"author":[{"embeddable":true,"href":"https:\/\/www.europesays.com\/fr\/wp-json\/wp\/v2\/users\/2"}],"replies":[{"embeddable":true,"href":"https:\/\/www.europesays.com\/fr\/wp-json\/wp\/v2\/comments?post=141662"}],"version-history":[{"count":0,"href":"https:\/\/www.europesays.com\/fr\/wp-json\/wp\/v2\/posts\/141662\/revisions"}],"wp:featuredmedia":[{"embeddable":true,"href":"https:\/\/www.europesays.com\/fr\/wp-json\/wp\/v2\/media\/141663"}],"wp:attachment":[{"href":"https:\/\/www.europesays.com\/fr\/wp-json\/wp\/v2\/media?parent=141662"}],"wp:term":[{"taxonomy":"category","embeddable":true,"href":"https:\/\/www.europesays.com\/fr\/wp-json\/wp\/v2\/categories?post=141662"},{"taxonomy":"post_tag","embeddable":true,"href":"https:\/\/www.europesays.com\/fr\/wp-json\/wp\/v2\/tags?post=141662"}],"curies":[{"name":"wp","href":"https:\/\/api.w.org\/{rel}","templated":true}]}}