{"id":141675,"date":"2025-05-31T12:38:19","date_gmt":"2025-05-31T12:38:19","guid":{"rendered":"https:\/\/www.europesays.com\/fr\/141675\/"},"modified":"2025-05-31T12:38:19","modified_gmt":"2025-05-31T12:38:19","slug":"les-fans-de-toulouse-tancent-redbird-apres-le-depart-de-damien-comolli-france-toulouse","status":"publish","type":"post","link":"https:\/\/www.europesays.com\/fr\/141675\/","title":{"rendered":"Les fans de Toulouse tancent RedBird apr\u00e8s le d\u00e9part de Damien Comolli &#8211; France &#8211; Toulouse"},"content":{"rendered":"<p>C\u2019est le bordel, \u00e0 Toulouse.<\/p>\n<p>\u00c7a y ressemble, en tout cas. Et les fans du TFC sont inquiets, c\u2019est peu de le dire. \u00c0 la suite du <a target=\"_blank\" href=\"https:\/\/www.sofoot.com\/breves\/le-president-du-toulouse-fc-damien-comolli-va-quitter-le-club\" rel=\"nofollow noopener\">d\u00e9part de Damien Comolli<\/a>, <strong>un communiqu\u00e9 a ainsi \u00e9t\u00e9 publi\u00e9 par les associations de supporters<\/strong> du club. Dans ce dernier, o\u00f9 est indiqu\u00e9 que \u00ab\u00a0c\u2019est maintenant qu\u2019il faut b\u00e2tir, pas reculer \u00bb, RedBird est pour le moins tanc\u00e9.<\/p>\n<blockquote class=\"twitter-tweet-lazy\" data-width=\"500\" data-dnt=\"true\">\n<p lang=\"fr\" dir=\"ltr\">Redbird : Who runs the club ?<br \/>\nCommuniqu\u00e9 commun des groupes de supporters du TFC face \u00e0 la situation actuelle du TFC. <a target=\"_blank\" href=\"https:\/\/t.co\/kq5Tw9rksW\" rel=\"nofollow\">pic.twitter.com\/kq5Tw9rksW<\/a><\/p>\n<p>\u2014 Indians Tolosa (@Indians_Tolosa) <a target=\"_blank\" href=\"https:\/\/twitter.com\/Indians_Tolosa\/status\/1928514429638803909?ref_src=twsrc%5Etfw\" rel=\"nofollow noopener\">May 30, 2025<\/a><\/p>\n<\/blockquote>\n<p>\u00ab\u00a0<strong>Le silence ne peut plus durer<\/strong>, est-il \u00e9crit.  Il nous para\u00eet indispensable que le propri\u00e9taire du club, RedBird Capital, prenne enfin la parole. \u00c0 ce jour, le Toulouse FC ne dispose ni de pr\u00e9sident, ni de directeur g\u00e9n\u00e9ral, ni de porte-parole identifi\u00e9 pour incarner nos couleurs.\u00a0\u00bb<\/p>\n<p>Les vacances commencent bien\u2026<\/p>\n<p>\t\t\t\t\t\t\t\t\t\t<a class=\"lien-connexe\" href=\"https:\/\/www.sofoot.com\/breves\/le-president-du-toulouse-fc-damien-comolli-va-quitter-le-club\" rel=\"nofollow noopener\" target=\"_blank\">Toulouse va perdre un pilier<\/a>\t\t\t\t\t<script async src=\"https:\/\/platform.twitter.com\/widgets.js\" charset=\"utf-8\"><\/script><\/p>\n","protected":false},"excerpt":{"rendered":"C\u2019est le bordel, \u00e0 Toulouse. \u00c7a y ressemble, en tout cas. Et les fans du TFC sont inquiets,&hellip;\n","protected":false},"author":2,"featured_media":141676,"comment_status":"","ping_status":"","sticky":false,"template":"","format":"standard","meta":{"footnotes":""},"categories":[2816],"tags":[1111,47,11,61,69,65,64,1777,674,63,1011,27,68,66,12,62,2680,70,25,67,2312],"class_list":{"0":"post-141675","1":"post","2":"type-post","3":"status-publish","4":"format-standard","5":"has-post-thumbnail","7":"category-toulouse","8":"tag-actu","9":"tag-actualite","10":"tag-actualites","11":"tag-actus-football","12":"tag-bundesliga","13":"tag-championnats-europeens","14":"tag-equipe-de-france","15":"tag-eu","16":"tag-europe","17":"tag-football","18":"tag-fr","19":"tag-france","20":"tag-ligua","21":"tag-ligue-1","22":"tag-news","23":"tag-news-foot","24":"tag-occitanie","25":"tag-premier-league","26":"tag-republique-francaise","27":"tag-serie-a","28":"tag-toulouse"},"share_on_mastodon":{"url":"https:\/\/pubeurope.com\/@fr\/114602488877943963","error":""},"_links":{"self":[{"href":"https:\/\/www.europesays.com\/fr\/wp-json\/wp\/v2\/posts\/141675","targetHints":{"allow":["GET"]}}],"collection":[{"href":"https:\/\/www.europesays.com\/fr\/wp-json\/wp\/v2\/posts"}],"about":[{"href":"https:\/\/www.europesays.com\/fr\/wp-json\/wp\/v2\/types\/post"}],"author":[{"embeddable":true,"href":"https:\/\/www.europesays.com\/fr\/wp-json\/wp\/v2\/users\/2"}],"replies":[{"embeddable":true,"href":"https:\/\/www.europesays.com\/fr\/wp-json\/wp\/v2\/comments?post=141675"}],"version-history":[{"count":0,"href":"https:\/\/www.europesays.com\/fr\/wp-json\/wp\/v2\/posts\/141675\/revisions"}],"wp:featuredmedia":[{"embeddable":true,"href":"https:\/\/www.europesays.com\/fr\/wp-json\/wp\/v2\/media\/141676"}],"wp:attachment":[{"href":"https:\/\/www.europesays.com\/fr\/wp-json\/wp\/v2\/media?parent=141675"}],"wp:term":[{"taxonomy":"category","embeddable":true,"href":"https:\/\/www.europesays.com\/fr\/wp-json\/wp\/v2\/categories?post=141675"},{"taxonomy":"post_tag","embeddable":true,"href":"https:\/\/www.europesays.com\/fr\/wp-json\/wp\/v2\/tags?post=141675"}],"curies":[{"name":"wp","href":"https:\/\/api.w.org\/{rel}","templated":true}]}}