{"id":141677,"date":"2025-05-31T12:39:12","date_gmt":"2025-05-31T12:39:12","guid":{"rendered":"https:\/\/www.europesays.com\/fr\/141677\/"},"modified":"2025-05-31T12:39:12","modified_gmt":"2025-05-31T12:39:12","slug":"lille3000-fiesta-expositions-la-fete-interieure-momart-a-babi-la-belle-a-la-gare-saint-sauveur-de-lille","status":"publish","type":"post","link":"https:\/\/www.europesays.com\/fr\/141677\/","title":{"rendered":"[lille3000 &#8211; Fiesta] Expositions \u00ab\u00a0La f\u00eate int\u00e9rieure !\u00a0\u00bb, \u00ab\u00a0M\u00f4m&rsquo;Art\u00a0\u00bb &#038; \u00ab\u00a0\u00c0 Babi la Belle\u00a0\u00bb \u00e0 la Gare Saint Sauveur de Lille"},"content":{"rendered":"<p><strong>La<\/strong> <strong>Gare Saint Sauveur de Lille <\/strong>propose <strong>les expositions<\/strong> <strong>\u00ab\u00a0La f\u00eate int\u00e9rieure !\u00a0\u00bb, \u00ab\u00a0Mom\u2019Art\u00a0\u00bb <\/strong><strong>&amp;<\/strong> <strong>\u00ab\u00a0\u00c0<\/strong> <strong>Babi la Belle\u00a0\u00bb.<\/strong><\/p>\n<p style=\"text-align: justify;\">L\u2019exposition \u00ab\u00a0La f\u00eate int\u00e9rieure\u00a0\u00bb \u2013 Jusqu\u2019au 27 juillet 2025<br \/><strong>L\u2019exposition La f\u00eate : une exp\u00e9rience int\u00e9rieure ! <\/strong>propos\u00e9e par <strong>Fabrice Bousteau<\/strong> invite les visiteurs dans un <strong>tourbillon de joie et de f\u00eate !<\/strong><\/p>\n<p style=\"text-align: justify;\">Pourquoi avons-nous besoin de faire la f\u00eate ? Au-del\u00e0 des <strong>tenues \u00e0 paillettes<\/strong> et des <strong>d\u00e9cors de boules \u00e0 facettes,<\/strong> que se passe-t-il r\u00e9ellement dans nos corps qui vibrent et se d\u00e9cha\u00eenent sur le dancefloor ? Que se joue-t-il dans nos t\u00eates et nos c\u0153urs lors de ces moments de plaisir et de l\u00e2cher-prise et lorsque la danse se fait transe dans les exc\u00e8s de la nuit ?<\/p>\n<p style=\"text-align: justify;\">L\u2019exposition r\u00e9unit <strong>une vingtaine d\u2019artistes \u00e9mergents<\/strong> et <strong>reconnus <\/strong>autour de la <strong>question du corps en f\u00eate.<\/strong> <strong>Sans pr\u00e9tendre \u00e0 l\u2019exhaustivit\u00e9,<\/strong> le<strong> parcours immersif <\/strong>et <strong>sensoriel<\/strong> entra\u00eene les visiteurs dans une <strong>v\u00e9ritable exp\u00e9rience jubilatoire<\/strong> explorant les <strong>ph\u00e9nom\u00e8nes \u00e9motionnels<\/strong> et<strong> physiologiques qui se manifestent lors des c\u00e9l\u00e9brations.<\/strong> <strong>Mouvements, frissons, contractions, pulsations, flux respiratoires\u2026, <\/strong>l\u2019exposition nous plonge <strong>au c\u0153ur des \u00e9motions <\/strong>et <strong>sensations<\/strong> qui <strong>parcourent les organes<\/strong> et <strong>les membres du corps humain gris\u00e9s<\/strong> par <strong>l\u2019atmosph\u00e8re \u00e9lectrisante des soir\u00e9es festives.<\/strong><\/p>\n<p style=\"text-align: justify;\">Un <strong>cocktail biochimique int\u00e9rieur<\/strong> <strong>o\u00f9 le corps et l\u2019esprit se laissent transporter<\/strong> par <strong>un \u00e9lan festif<\/strong> pouvant mener \u00e0 <strong>l\u2019euphorie collective.<\/strong><\/p>\n<p style=\"text-align: justify;\">Des <strong>performances dans\u00e9es<\/strong> et<strong> festives<\/strong> viennent <strong>ponctuellement enrichir le parcours<\/strong> et<strong> activer l\u2019\u00e9nergie de la f\u00eate.<\/strong><\/p>\n<p class=\"has-text-align-center\"><strong>Photos de l\u2019exposition \u00ab\u00a0La f\u00eate int\u00e9rieure\u00a0\u00bb<\/strong><\/p>\n<p style=\"text-align: justify;\">L\u2019exposition \u00ab\u00a0M\u00f4m\u2019Art\u00a0\u00bb \u2013 Jusqu\u2019au 07 septembre 2025<br \/>Comme lors de chaque grande \u00e9dition de <strong>lille3000,<\/strong> les<strong> enfants<\/strong> et les<strong> jeunes de Lille, Lomme <\/strong>et <strong>Hellemmes <\/strong>propose<strong>\u00a0une nouvelle \u00e9dition de M\u00f4m\u2019Art <\/strong>\u00e0 la<strong> Gare Saint Sauveur.<\/strong><\/p>\n<p style=\"text-align: justify;\">Avec leurs<strong> enseignants, <\/strong>des <strong>intervenants artistiques, <\/strong>des <strong>artistes<\/strong> et <strong>auteurs de renom, <\/strong>ils <strong>peignent, dessinent, pr\u00e9parent des spectacles<\/strong> et<strong> concerts <\/strong>et <strong>s\u2019improvisent sculpteurs<\/strong> ou <strong>photographes.<\/strong> Ils <strong>pr\u00e9sentent leurs cr\u00e9ations<\/strong> sur la <strong>th\u00e9matique de la f\u00eate.<br \/><\/strong><\/p>\n<p style=\"text-align: center;\"><strong>Photos de l\u2019exposition \u00ab\u00a0M\u00f4m\u2019Art\u00a0\u00bb<\/strong><\/p>\n<p style=\"text-align: justify;\">L\u2019exposition \u00ab\u00a0\u00c0 Babi la Belle\u00a0\u00bb \u2013 Jusqu\u2019au 22 juin 2025<br \/><strong>lille3000 <\/strong>pr\u00e9sente<strong> l\u2019exposition \u00c0 Babi la Belle <\/strong>\u00e0 la <strong>Maison St So,<\/strong> <strong>en partenariat<\/strong> avec <strong>les \u00c9ditions du Seuil.<\/strong> Ce <strong>projet <\/strong>s\u2019inscrit dans le<strong> renouveau du genre<\/strong> du<strong> roman-photo<\/strong> et <strong>s\u2019inspire de la publication,<\/strong> en <strong>avril 2025,<\/strong> de Les Amours de Mach\u00e9rie, de <strong>Marguerite Abouet, autrice du c\u00e9l\u00e8bre<\/strong> Aya de Yopougon, et du <strong>photographe Kader Diaby, figure montante de la sc\u00e8ne photographique ivoirienne.<\/strong> Ce roman-photo met en sc\u00e8ne les <strong>acteurs<\/strong> <strong>Albin de la Simone<\/strong> et <strong>Izabella Maya.<\/strong> <strong>L\u2019exposition <\/strong>propose <strong>une version participative de cette aventure humoristique<\/strong> dans les<strong> rues d\u2019Abidjan !<\/strong><\/p>\n<p style=\"text-align: justify;\">Dans ce <strong>projet in\u00e9dit, <\/strong>le <strong>public <\/strong>est <strong>invit\u00e9 \u00e0 se promener dans les d\u00e9cors du roman-photo de Marguerite Abouet.<\/strong> Gr\u00e2ce \u00e0 un <strong>dispositif de type<\/strong> \u00ab studio photo \u00bb, les <strong>visiteurs <\/strong>peuvent <strong>se photographier<\/strong> dans des <strong>espaces sp\u00e9cialement am\u00e9nag\u00e9s,<\/strong> avec des<strong> fonds imprim\u00e9s tir\u00e9s des photographies de<\/strong> <strong>Kader Diaby. Chaque espace<\/strong> reproduit <strong>un lieu embl\u00e9matique de la vie quotidienne d\u2019Abidjan<\/strong> et <strong>du livre,<\/strong> comme un <strong>salon familial <\/strong>ou un <strong>salon de coiffure,<\/strong> permettant aux<strong> participants de se glisser dans les sc\u00e8nes inspir\u00e9es de l\u2019histoire de la sc\u00e9nariste.<\/strong> <strong>L\u2019exposition<\/strong> offre aussi <strong>une d\u00e9ambulation<\/strong> dans <strong>un couloir <\/strong>transform\u00e9 en <strong>une rue anim\u00e9e d\u2019Abidjan<\/strong> avec <strong>ses sons,<\/strong> <strong>enregistr\u00e9s pour l\u2019occasion<\/strong> et <strong>ses tissus.<\/strong> Les <strong>visiteurs <\/strong>sont <strong>plong\u00e9s dans l\u2019atmosph\u00e8re vibrante<\/strong> et<strong> color\u00e9e d\u2019un quartier ivoirien,<\/strong> vivant ainsi une <strong>exp\u00e9rience sensorielle<\/strong> qui les <strong>immerge pleinement dans l\u2019ambiance unique de la ville.<\/strong><\/p>\n<p class=\"has-text-align-center\"><strong>Photos de l\u2019exposition \u00ab\u00a0\u00c0 Babi la Belle\u00a0\u00bb<\/strong><\/p>\n<p><strong>Infos pratiques<\/strong><br \/><strong><img loading=\"lazy\" decoding=\"async\" width=\"9\" height=\"9\" data-lazy-src=\"https:\/\/www.europesays.com\/fr\/wp-content\/uploads\/2025\/04\/arrow.png\" class=\"size-full wp-image-45 lazyloaded tie-appear\" src=\"https:\/\/www.europesays.com\/fr\/wp-content\/uploads\/2025\/04\/arrow.png\" alt=\"\"\/><\/strong> <strong>Gare Saint Sauveur<\/strong><br \/>17, boulevard Jean-Baptiste Lebas \u2013 Lille<\/p>\n<p><strong><img loading=\"lazy\" decoding=\"async\" width=\"9\" height=\"9\" data-lazy-src=\"https:\/\/www.europesays.com\/fr\/wp-content\/uploads\/2025\/04\/arrow.png\" class=\"size-full wp-image-45 lazyloaded tie-appear\" src=\"https:\/\/www.europesays.com\/fr\/wp-content\/uploads\/2025\/04\/arrow.png\" alt=\"\"\/> Horaires :<\/strong><br \/>\u2013 mercredi au dimanche de 12h \u00e0 19h<br \/>\u2013 ferm\u00e9 le lundi &amp; mardi <\/p>\n<p><strong><img loading=\"lazy\" decoding=\"async\" width=\"9\" height=\"9\" data-lazy-src=\"https:\/\/www.europesays.com\/fr\/wp-content\/uploads\/2025\/04\/arrow.png\" class=\"size-full wp-image-45 lazyloaded tie-appear\" src=\"https:\/\/www.europesays.com\/fr\/wp-content\/uploads\/2025\/04\/arrow.png\" alt=\"\"\/> Tarif : <\/strong>gratuit<\/p>\n<p><strong><b><img loading=\"lazy\" decoding=\"async\" width=\"9\" height=\"9\" data-lazy-src=\"https:\/\/www.europesays.com\/fr\/wp-content\/uploads\/2025\/04\/1743937991_452_arrow.png\" class=\"size-full wp-image-45 lazyloaded tie-appear\" src=\"https:\/\/www.europesays.com\/fr\/wp-content\/uploads\/2025\/04\/1743937991_452_arrow.png\" alt=\"\"\/><\/b><\/strong> <a href=\"https:\/\/garesaintsauveur.lille3000.com\/\" target=\"_blank\" rel=\"noreferrer noopener nofollow\">Site internet de la Gare Saint Sauveur<\/a><\/p>\n<p><strong><b><img decoding=\"async\" loading=\"lazy\" class=\"size-full wp-image-45 lazyloaded tie-appear\" src=\"https:\/\/www.europesays.com\/fr\/wp-content\/uploads\/2025\/04\/1743937991_452_arrow.png\" alt=\"\" width=\"9\" height=\"9\" data-lazy-src=\"https:\/\/www.europesays.com\/fr\/wp-content\/uploads\/2025\/04\/1743937991_452_arrow.png\"\/><\/b><\/strong> <a href=\"https:\/\/lille3000.com\/\" target=\"_blank\" rel=\"noopener nofollow\">Site internet de lille3000<\/a><\/p>\n<p><strong><b><img decoding=\"async\" loading=\"lazy\" class=\"size-full wp-image-45 lazyloaded tie-appear\" src=\"https:\/\/www.europesays.com\/fr\/wp-content\/uploads\/2025\/04\/1743937991_452_arrow.png\" alt=\"\" width=\"9\" height=\"9\" data-lazy-src=\"https:\/\/www.europesays.com\/fr\/wp-content\/uploads\/2025\/04\/1743937991_452_arrow.png\"\/><\/b><\/strong> <a href=\"https:\/\/www.zoomsurlille.fr\/tag\/fiesta\" target=\"_blank\" rel=\"noreferrer noopener nofollow\">D\u00e9couvrez nos articles sur FIESTA<\/a><\/p>\n<p class=\"has-text-align-right\">Source : lille3000 \u2013 Photos : \u00a9 Zoom Sur Lille<\/p>\n","protected":false},"excerpt":{"rendered":"La Gare Saint Sauveur de Lille propose les expositions \u00ab\u00a0La f\u00eate int\u00e9rieure !\u00a0\u00bb, \u00ab\u00a0Mom\u2019Art\u00a0\u00bb &amp; \u00ab\u00a0\u00c0 Babi la&hellip;\n","protected":false},"author":2,"featured_media":141678,"comment_status":"","ping_status":"","sticky":false,"template":"","format":"standard","meta":{"footnotes":""},"categories":[2815],"tags":[26952,1111,11,1777,674,3293,3274,1011,27,811,26953,26954,1307,3276,26955,12,25],"class_list":{"0":"post-141677","1":"post","2":"type-post","3":"status-publish","4":"format-standard","5":"has-post-thumbnail","7":"category-lille","8":"tag-a-babi-la-belle","9":"tag-actu","10":"tag-actualites","11":"tag-eu","12":"tag-europe","13":"tag-exposition","14":"tag-fiesta","15":"tag-fr","16":"tag-france","17":"tag-hauts-de-france","18":"tag-la-fete-interieure","19":"tag-la-gare-saint-sauveur-de-lille-propose-les-expositions-la-fete-interieure","20":"tag-lille","21":"tag-lille3000","22":"tag-momart","23":"tag-news","24":"tag-republique-francaise"},"share_on_mastodon":{"url":"https:\/\/pubeurope.com\/@fr\/114602493529587080","error":""},"_links":{"self":[{"href":"https:\/\/www.europesays.com\/fr\/wp-json\/wp\/v2\/posts\/141677","targetHints":{"allow":["GET"]}}],"collection":[{"href":"https:\/\/www.europesays.com\/fr\/wp-json\/wp\/v2\/posts"}],"about":[{"href":"https:\/\/www.europesays.com\/fr\/wp-json\/wp\/v2\/types\/post"}],"author":[{"embeddable":true,"href":"https:\/\/www.europesays.com\/fr\/wp-json\/wp\/v2\/users\/2"}],"replies":[{"embeddable":true,"href":"https:\/\/www.europesays.com\/fr\/wp-json\/wp\/v2\/comments?post=141677"}],"version-history":[{"count":0,"href":"https:\/\/www.europesays.com\/fr\/wp-json\/wp\/v2\/posts\/141677\/revisions"}],"wp:featuredmedia":[{"embeddable":true,"href":"https:\/\/www.europesays.com\/fr\/wp-json\/wp\/v2\/media\/141678"}],"wp:attachment":[{"href":"https:\/\/www.europesays.com\/fr\/wp-json\/wp\/v2\/media?parent=141677"}],"wp:term":[{"taxonomy":"category","embeddable":true,"href":"https:\/\/www.europesays.com\/fr\/wp-json\/wp\/v2\/categories?post=141677"},{"taxonomy":"post_tag","embeddable":true,"href":"https:\/\/www.europesays.com\/fr\/wp-json\/wp\/v2\/tags?post=141677"}],"curies":[{"name":"wp","href":"https:\/\/api.w.org\/{rel}","templated":true}]}}