{"id":141681,"date":"2025-05-31T12:41:11","date_gmt":"2025-05-31T12:41:11","guid":{"rendered":"https:\/\/www.europesays.com\/fr\/141681\/"},"modified":"2025-05-31T12:41:11","modified_gmt":"2025-05-31T12:41:11","slug":"port-les-goudes-en-transports-en-commun-la-route-de-limpossible","status":"publish","type":"post","link":"https:\/\/www.europesays.com\/fr\/141681\/","title":{"rendered":"Port &#8211; Les Goudes en transports en commun\u00a0: la route de l\u2019impossible"},"content":{"rendered":"<p>Rendez-vous \u00e0 dix heures sur le Vieux-Port. Sous l\u2019ombri\u00e8re, se croisent les familles \u00e0 poussettes, les Marseillais en repos et les touristes \u00e0 cr\u00e8me solaire. En ce jeudi de l\u2019ascension ensoleill\u00e9, Marseille a des airs de vacances.<\/p>\n<p>Pour rejoindre Les Goudes, par la route, il faut se glisser dans la file du 83, direction rond-point du Prado, qui passe comme promis toutes les quinze minutes. Les passagers sont d\u00e9j\u00e0 nombreux, cinq agents de la RTM r\u00e9gulent leur d\u00e9placement derri\u00e8re les barri\u00e8res. \u00c0 bord, le bus se remplit rapidement et l\u2019air y est vite \u00e9touffant. Au fil du trajet, le long de la corniche, les places se vident jusqu\u2019\u00e0 la plage du Prado, o\u00f9 la majorit\u00e9 des usagers descendent.<\/p>\n","protected":false},"excerpt":{"rendered":"Rendez-vous \u00e0 dix heures sur le Vieux-Port. Sous l\u2019ombri\u00e8re, se croisent les familles \u00e0 poussettes, les Marseillais en&hellip;\n","protected":false},"author":2,"featured_media":141682,"comment_status":"","ping_status":"","sticky":false,"template":"","format":"standard","meta":{"footnotes":""},"categories":[2814],"tags":[17,1111,11,19001,1777,674,1011,27,26956,5692,151,884,12,882,16,25,209,800,1179],"class_list":{"0":"post-141681","1":"post","2":"type-post","3":"status-publish","4":"format-standard","5":"has-post-thumbnail","7":"category-marseille","8":"tag-17","9":"tag-actu","10":"tag-actualites","11":"tag-commun","12":"tag-eu","13":"tag-europe","14":"tag-fr","15":"tag-france","16":"tag-goudes","17":"tag-limpossible","18":"tag-les","19":"tag-marseille","20":"tag-news","21":"tag-provence-alpes-cote-dazur","22":"tag-region","23":"tag-republique-francaise","24":"tag-route","25":"tag-transports","26":"tag-vieux-port"},"share_on_mastodon":{"url":"","error":""},"_links":{"self":[{"href":"https:\/\/www.europesays.com\/fr\/wp-json\/wp\/v2\/posts\/141681","targetHints":{"allow":["GET"]}}],"collection":[{"href":"https:\/\/www.europesays.com\/fr\/wp-json\/wp\/v2\/posts"}],"about":[{"href":"https:\/\/www.europesays.com\/fr\/wp-json\/wp\/v2\/types\/post"}],"author":[{"embeddable":true,"href":"https:\/\/www.europesays.com\/fr\/wp-json\/wp\/v2\/users\/2"}],"replies":[{"embeddable":true,"href":"https:\/\/www.europesays.com\/fr\/wp-json\/wp\/v2\/comments?post=141681"}],"version-history":[{"count":0,"href":"https:\/\/www.europesays.com\/fr\/wp-json\/wp\/v2\/posts\/141681\/revisions"}],"wp:featuredmedia":[{"embeddable":true,"href":"https:\/\/www.europesays.com\/fr\/wp-json\/wp\/v2\/media\/141682"}],"wp:attachment":[{"href":"https:\/\/www.europesays.com\/fr\/wp-json\/wp\/v2\/media?parent=141681"}],"wp:term":[{"taxonomy":"category","embeddable":true,"href":"https:\/\/www.europesays.com\/fr\/wp-json\/wp\/v2\/categories?post=141681"},{"taxonomy":"post_tag","embeddable":true,"href":"https:\/\/www.europesays.com\/fr\/wp-json\/wp\/v2\/tags?post=141681"}],"curies":[{"name":"wp","href":"https:\/\/api.w.org\/{rel}","templated":true}]}}