{"id":141683,"date":"2025-05-31T12:42:09","date_gmt":"2025-05-31T12:42:09","guid":{"rendered":"https:\/\/www.europesays.com\/fr\/141683\/"},"modified":"2025-05-31T12:42:09","modified_gmt":"2025-05-31T12:42:09","slug":"la-mars-cup-nouvelle-appellation-de-la-hcup-prend-ses-quartiers-pour-un-mois-a-marseille","status":"publish","type":"post","link":"https:\/\/www.europesays.com\/fr\/141683\/","title":{"rendered":"la Mars Cup, nouvelle appellation de la HCup, prend ses quartiers pour un mois \u00e0 Marseille"},"content":{"rendered":"<p>Douze quartiers, un troph\u00e9e. <a href=\"https:\/\/www.laprovence.com\/article\/sports\/1169416002164515\/football-la-hcup-devient-la-marscup-et-demarrera-le-31-mai\" target=\"_blank\" rel=\"noopener\">Pendant un mois, la MarsCup va encore animer l&rsquo;\u00e9t\u00e9 marseillais<\/a> pour savoir qui succ\u00e8dera \u00e0 La Viste.<\/p>\n<p>\u00ab\u00a0C&rsquo;est devenu l&rsquo;un des \u00e9v\u00e9nements football les plus attendus de l&rsquo;ann\u00e9e, t\u00e9moigne Zakaria Attoumani, r\u00e9f\u00e9rent des tenants du titre. Et pas seulement dans mon quartier, mais dans tout Marseille. C&rsquo;est m\u00eame plus attendu que certaines coupes officielles (rires). Le niveau est de plus en plus relev\u00e9, il y a beaucoup de joueurs d&rsquo;un certain niveau qui font le tournoi. Tout le monde veut savoir qui sera l\u00e0 cette ann\u00e9e, est-ce que des joueurs d&rsquo;un certain renom seront pr\u00e9sents, qui part favori&#8230; C&rsquo;est vraiment devenu un \u00e9v\u00e9nement attendu. On m&rsquo;a plus parl\u00e9 du d\u00e9but du tournoi que de la finale de la Champions League !\u00a0\u00bb<\/p>\n<p>S&rsquo;il n&rsquo;y aura pas de joueurs de Ligue 1 cette ann\u00e9e, le plateau compte quand m\u00eame quelques joueurs professionnels. Pour ne citer qu&rsquo;eux, Karim Tlili (La Cayolle), Raouf Mroivili (Campagne-L\u00e9v\u00eaque) et Faiz Selemani (Saint-Marcel) ont r\u00e9pondu \u00e0 l&rsquo;appel de leur quartier et seront pr\u00e9sents cette ann\u00e9e. <a href=\"https:\/\/www.laprovence.com\/article\/sports\/23507477484422\/football-la-fabuleuse-histoire-de-la-hcup-le-grand-tournoi-entre-quartiers-qui-fait-vibrer-marseille\" target=\"_blank\" rel=\"noopener\">De quoi offrir du bon football aux spectateurs au stade comme sur internet.<\/a><\/p>\n<p>La jeunesse au pouvoir<\/p>\n<p>En attendant la MarsCup Junior (cat\u00e9gorie U14), qui r\u00e9unira 8 clubs de la cit\u00e9 phoc\u00e9enne le 22 juin au stade Delort, les amateurs de football de jeunes seront servis. En effet, plusieurs \u00e9quipes comme Frais Vallon, la cit\u00e9 SNCF et Campagne-Lev\u00eaque alignent des \u00e9quipes \u00e0 la moyenne d&rsquo;\u00e2ge peu \u00e9lev\u00e9e. \u00ab\u00a0On essaie de donner la chance \u00e0 des jeunes de se montrer, t\u00e9moigne Zakaria Attoumani, dont l&rsquo;effectif a lui aussi \u00e9t\u00e9 rajeuni cette ann\u00e9e. Mais il faut quand m\u00eame garder une ossature avec une certaine exp\u00e9rience, pour les encadrer et ne pas les jeter dans la jungle. Il faut une certaine coh\u00e9rence et de l&rsquo;organisation pour exister dans ce tournoi.\u00a0\u00bb<\/p>\n<p>Le tournoi f\u00e9minin se d\u00e9veloppe<strong\/><\/p>\n<p>Le tournoi f\u00e9minin prend lui aussi de l&rsquo;importance cette ann\u00e9e. En effet, deux nouvelles entrantes, le SMUC et le SC Aix en Provence rejoignent les 4 \u00e9quipes en lice l&rsquo;an pass\u00e9. Ces entr\u00e9es ont engendr\u00e9 un changement de format. Adieu le mini-championnat, les six \u00e9quipes seront s\u00e9par\u00e9es dans deux poules de 3, avec qualification en demi-finale pour les deux premi\u00e8res. Le tournoi s&rsquo;ouvrira le 21 juin au stade Delort.<\/p>\n<p>1\u00e8re journ\u00e9e &#8211; stade La Martine<\/p>\n<p>Aujourd&rsquo;hui<\/p>\n<p>(gr. B) La SNCF &#8211; Campagne-L\u00e9v\u00eaque\u219215h<\/p>\n<p>(gr. C) La Savine &#8211; Saint-Just\u219217h<\/p>\n<p>(gr. A) Saint-Marcel &#8211; Frais-Vallon\u219219h<\/p>\n<p>Demain<\/p>\n<p>(gr. B) La Busserine &#8211; La Rose\u219215h<\/p>\n<p>(gr. C) La Castellane &#8211; Les Caillols\u219217h<\/p>\n<p>(gr. A) La Viste &#8211; La Cayolle\u219219h<\/p>\n<p>Entr\u00e9e gratuite. R\u00e9servation obligatoire via l&rsquo;application Shotgun. En direct sur YouTube.<\/p>\n<p><img alt=\"\" loading=\"lazy\" width=\"18\" height=\"18\" decoding=\"async\" data-nimg=\"1\" class=\"mx-[8px]\" style=\"color:transparent\" src=\"https:\/\/www.europesays.com\/fr\/wp-content\/uploads\/2025\/04\/comment.b95dda91.svg.svg+xml\"\/>D\u00e9marrez la conversation<\/p>\n<p class=\"text-[1.8rem] mt-[32px]\">Votre opinion compte pour nous. Rejoignez la communaut\u00e9 laprovence.com en r\u00e9agissant sur l&rsquo;article Football : la Mars Cup, nouvelle appellation de la HCup, prend ses quartiers pour un mois \u00e0 Marseille.<\/p>\n","protected":false},"excerpt":{"rendered":"Douze quartiers, un troph\u00e9e. Pendant un mois, la MarsCup va encore animer l&rsquo;\u00e9t\u00e9 marseillais pour savoir qui succ\u00e8dera&hellip;\n","protected":false},"author":2,"featured_media":141684,"comment_status":"","ping_status":"","sticky":false,"template":"","format":"standard","meta":{"footnotes":""},"categories":[2814],"tags":[17,1111,11,26957,6829,1777,674,63,1011,27,26958,918,884,12,2043,6020,882,25,60],"class_list":{"0":"post-141683","1":"post","2":"type-post","3":"status-publish","4":"format-standard","5":"has-post-thumbnail","7":"category-marseille","8":"tag-17","9":"tag-actu","10":"tag-actualites","11":"tag-appellation","12":"tag-cup","13":"tag-eu","14":"tag-europe","15":"tag-football","16":"tag-fr","17":"tag-france","18":"tag-hcup","19":"tag-mars","20":"tag-marseille","21":"tag-news","22":"tag-nouvelle","23":"tag-prend","24":"tag-provence-alpes-cote-dazur","25":"tag-republique-francaise","26":"tag-sports"},"share_on_mastodon":{"url":"https:\/\/pubeurope.com\/@fr\/114602504691475216","error":""},"_links":{"self":[{"href":"https:\/\/www.europesays.com\/fr\/wp-json\/wp\/v2\/posts\/141683","targetHints":{"allow":["GET"]}}],"collection":[{"href":"https:\/\/www.europesays.com\/fr\/wp-json\/wp\/v2\/posts"}],"about":[{"href":"https:\/\/www.europesays.com\/fr\/wp-json\/wp\/v2\/types\/post"}],"author":[{"embeddable":true,"href":"https:\/\/www.europesays.com\/fr\/wp-json\/wp\/v2\/users\/2"}],"replies":[{"embeddable":true,"href":"https:\/\/www.europesays.com\/fr\/wp-json\/wp\/v2\/comments?post=141683"}],"version-history":[{"count":0,"href":"https:\/\/www.europesays.com\/fr\/wp-json\/wp\/v2\/posts\/141683\/revisions"}],"wp:featuredmedia":[{"embeddable":true,"href":"https:\/\/www.europesays.com\/fr\/wp-json\/wp\/v2\/media\/141684"}],"wp:attachment":[{"href":"https:\/\/www.europesays.com\/fr\/wp-json\/wp\/v2\/media?parent=141683"}],"wp:term":[{"taxonomy":"category","embeddable":true,"href":"https:\/\/www.europesays.com\/fr\/wp-json\/wp\/v2\/categories?post=141683"},{"taxonomy":"post_tag","embeddable":true,"href":"https:\/\/www.europesays.com\/fr\/wp-json\/wp\/v2\/tags?post=141683"}],"curies":[{"name":"wp","href":"https:\/\/api.w.org\/{rel}","templated":true}]}}