{"id":141689,"date":"2025-05-31T12:46:10","date_gmt":"2025-05-31T12:46:10","guid":{"rendered":"https:\/\/www.europesays.com\/fr\/141689\/"},"modified":"2025-05-31T12:46:10","modified_gmt":"2025-05-31T12:46:10","slug":"des-orages-de-la-pluie-et-un-risque-de-grele-ce-samedi-soir-en-ile-de-france","status":"publish","type":"post","link":"https:\/\/www.europesays.com\/fr\/141689\/","title":{"rendered":"Des orages, de la pluie et un risque de gr\u00eale ce samedi soir en \u00cele-de-France"},"content":{"rendered":"<p class=\"paragraph text_align_left\">Apr\u00e8s la chaleur de vendredi, le temps, tr\u00e8s lourd, va se g\u00e2ter ce samedi. <a href=\"https:\/\/www.leparisien.fr\/meteo\/orages-forts-et-violents-avec-grele-samedi-et-dimanche-lile-de-france-concernee-29-05-2025-GOZLJSHK35HJVCRXKENYAW7RUU.php\" target=\"_blank\" rel=\"noreferrer nofollow noopener\">La foudre pourrait m\u00eame \u00e9clater<\/a> en fin de journ\u00e9e en \u00cele-de-France, selon les derni\u00e8res <a href=\"https:\/\/meteofrance.com\/\" target=\"_blank\" rel=\"noreferrer nofollow noopener\">pr\u00e9visions <\/a>de M\u00e9t\u00e9o France.<\/p>\n<p class=\"paragraph text_align_left\">\u00ab\u00a0Des orages se d\u00e9veloppent sur l\u2019est du pays, notamment du Massif central vers le nord de Rh\u00f4ne-Alpes et la Bourgogne-Franche-Comt\u00e9, et des collines normandes et de l\u2019\u00cele-de-France \u00e0 l\u2019est des Hauts-de-France et au Grand Est\u00a0\u00bb, pr\u00e9vient l\u2019organisme m\u00e9t\u00e9o.<\/p>\n<p class=\"paragraph text_align_left\">Ces orages pourraient s\u2019accompagner de pluies marqu\u00e9es, de rafales de vent et de gr\u00eale, en particulier entre l\u2019Aisne, la Seine-et-Marne, le nord de la Champagne-Ardenne et de la Lorraine, pointe encore M\u00e9t\u00e9o France.<\/p>\n<p>Une ambiance \u00e9lectrique pour la finale PSG &#8211; Inter Milan<\/p>\n<p class=\"paragraph text_align_left\">Le ciel risque de s\u2019assombrir au fil des heures, ce qui n\u2019emp\u00eachera pas le thermom\u00e8tre d\u2019atteindre jusqu\u2019\u00e0 31\u00a0\u00b0C dans la capitale. Ce risque orageux intervient alors que des milliers de supporters du PSG devraient \u00eatre dehors pour profiter sur \u00e9cran g\u00e9ant de <a href=\"https:\/\/www.leparisien.fr\/sports\/football\/ligue-des-champions\/direct-le-psg-en-finale-de-ligue-des-champions-cest-le-jour-j-suivez-les-dernieres-heures-avant-la-finale-31-05-2025-5W6GXKTJFFDMLNHEIVRASG7BEM.php\" target=\"_blank\" rel=\"noreferrer nofollow noopener\">la finale de la Ligue des champions, opposant leur \u00e9quipe \u00e0 l\u2019Inter Milan<\/a>.<\/p>\n<p class=\"paragraph text_align_left\">Dimanche, les orages devraient se d\u00e9caler un peu vers l\u2019est du pays. M\u00e9t\u00e9o France anticipe des cellules orageuses \u00ab\u00a0plus organis\u00e9es\u00a0\u00bb que la veille. Du Sud-Ouest au Nord-Est, \u00ab\u00a0des orages parfois violents se produiront\u00a0\u00bb.<\/p>\n","protected":false},"excerpt":{"rendered":"Apr\u00e8s la chaleur de vendredi, le temps, tr\u00e8s lourd, va se g\u00e2ter ce samedi. La foudre pourrait m\u00eame&hellip;\n","protected":false},"author":2,"featured_media":141690,"comment_status":"","ping_status":"","sticky":false,"template":"","format":"standard","meta":{"footnotes":""},"categories":[1592],"tags":[1111,11,1777,674,1011,27,662,2487,12,626,25],"class_list":{"0":"post-141689","1":"post","2":"type-post","3":"status-publish","4":"format-standard","5":"has-post-thumbnail","7":"category-ile-de-france","8":"tag-actu","9":"tag-actualites","10":"tag-eu","11":"tag-europe","12":"tag-fr","13":"tag-france","14":"tag-ile-de-france","15":"tag-meteo","16":"tag-news","17":"tag-paris","18":"tag-republique-francaise"},"share_on_mastodon":{"url":"https:\/\/pubeurope.com\/@fr\/114602520296316057","error":""},"_links":{"self":[{"href":"https:\/\/www.europesays.com\/fr\/wp-json\/wp\/v2\/posts\/141689","targetHints":{"allow":["GET"]}}],"collection":[{"href":"https:\/\/www.europesays.com\/fr\/wp-json\/wp\/v2\/posts"}],"about":[{"href":"https:\/\/www.europesays.com\/fr\/wp-json\/wp\/v2\/types\/post"}],"author":[{"embeddable":true,"href":"https:\/\/www.europesays.com\/fr\/wp-json\/wp\/v2\/users\/2"}],"replies":[{"embeddable":true,"href":"https:\/\/www.europesays.com\/fr\/wp-json\/wp\/v2\/comments?post=141689"}],"version-history":[{"count":0,"href":"https:\/\/www.europesays.com\/fr\/wp-json\/wp\/v2\/posts\/141689\/revisions"}],"wp:featuredmedia":[{"embeddable":true,"href":"https:\/\/www.europesays.com\/fr\/wp-json\/wp\/v2\/media\/141690"}],"wp:attachment":[{"href":"https:\/\/www.europesays.com\/fr\/wp-json\/wp\/v2\/media?parent=141689"}],"wp:term":[{"taxonomy":"category","embeddable":true,"href":"https:\/\/www.europesays.com\/fr\/wp-json\/wp\/v2\/categories?post=141689"},{"taxonomy":"post_tag","embeddable":true,"href":"https:\/\/www.europesays.com\/fr\/wp-json\/wp\/v2\/tags?post=141689"}],"curies":[{"name":"wp","href":"https:\/\/api.w.org\/{rel}","templated":true}]}}